{"id":29600,"date":"2024-03-21T08:15:17","date_gmt":"2024-03-21T06:15:17","guid":{"rendered":"https:\/\/bisbalpenedes.com\/web\/?p=29600"},"modified":"2024-03-21T08:15:17","modified_gmt":"2024-03-21T06:15:17","slug":"la-biblioteca-estrena-bustia-de-retorn-de-llibres-perque-els-veins-puguin-retornar-els-prestecs-les-24h-del-dia","status":"publish","type":"post","link":"https:\/\/bisbalpenedes.com\/web\/2024\/03\/21\/la-biblioteca-estrena-bustia-de-retorn-de-llibres-perque-els-veins-puguin-retornar-els-prestecs-les-24h-del-dia\/","title":{"rendered":"<strong>La Biblioteca estrena b\u00fastia de retorn de llibres perqu\u00e8 els ve\u00efns puguin retornar els pr\u00e9stecs les 24h del dia<\/strong>"},"content":{"rendered":"\n<p>La Biblioteca p\u00fablica de la Bisbal del Pened\u00e8s ha estrenat, aquesta setmana, la b\u00fastia de devolucions de llibres i documents de pr\u00e9stec, oferint el servei de retorn de documents les 24 hores cada dia de l&#8217;any.<\/p>\n\n\n\n<p>La nova b\u00fastia de devolucions s&#8217;ha instal\u00b7lat a l&#8217;entrada del Centre Municipal de Cultura, l&#8217;edifici on es troba la Biblioteca p\u00fablica, i t\u00e9 per objectiu facilitar la devoluci\u00f3 de documents als usuaris. Aquesta millora s&#8217;emmarca dins de les actuacions empreses per l&#8217;Ajuntament de la Bisbal del Pened\u00e8s per tal de dignificar el Centre Municipal de Cultura i potenciar els serveis que hi ha en aquest empla\u00e7ament, en tant que aquest 2024 es compliran 20 anys de la posada en marxa del servei de la biblioteca i de l&#8217;edifici.<\/p>\n\n\n\n<p>La regidora de Cultura, Judith Vidal, ha explicat que &#8220;<em>la b\u00fastia de devoluci\u00f3 de llibres \u00e9s una demanda que ens havien fet molts usuaris i, ara, l&#8217;hem fet realitat&#8221;<\/em>. Vidal ha afegit que &#8220;<em>creiem que \u00e9s un servei important per als bisbalencs i les bisbalenques, ja que de vegades poden tenir dificultats per combinar-se els horaris de la feina o familiars per venir a tornar els llibres, els DVD i la resta de documents i, d&#8217;aquesta manera, ho poden fer quan vulguin&#8221;.<\/em><\/p>\n\n\n\n<hr class=\"wp-block-separator has-alpha-channel-opacity\"\/>\n\n\n\n<p><strong>CASTELLANO |<\/strong>\u00a0La Biblioteca p\u00fablica de la Bisbal del Pened\u00e8s ha estrenado, esta semana, el buz\u00f3n de devoluciones de libros y documentos de pr\u00e9stamo, ofreciendo el servicio de retorno de documentos las 24 horas del d\u00eda todos los d\u00edas del a\u00f1o.<\/p>\n\n\n\n<p>El nuevo buz\u00f3n de devoluciones se ha instalado en la entrada del Centre Municipal de Cultura, el edificio en el que est\u00e1 la Biblioteca p\u00fablica, y tiene como objetivo facilitar la devoluci\u00f3n de documentos a los usuarios. Esta mejora se enmarca en las actuaciones emprendidas por el Ajuntament de la Bisbal del Pened\u00e8s con tal de dignificar el Centre Municipal de Cultura y potenciar los servicios que hay en este emplazamiento, ya que este 2024 se cumplir\u00e1n 20 a\u00f1os de la puesta en marcha del servicio de biblioteca y del edificio.<\/p>\n\n\n\n<p>La concejala de Cultura, Judith Vidal, ha explicado que <em>&#8220;el buz\u00f3n de devoluci\u00f3n de libros es una demanda que nos hab\u00edan hecho muchos usuarios y, ahora, la hemos hecho realidad&#8221;.<\/em> Vidal ha a\u00f1adido que <em>&#8220;creemos que es un servicio importante para los bisbalencs y las bisbalenques, ya que a veces pueden tener dificultades para combinarse los horarios del trabajo o familiares para venir a devolver los libros, los DVD y el resto de documentos que ofrecemos en pr\u00e9stamo y, de esta manera, lo pueden hacer cuando quieran&#8221;.<\/em><\/p>\n\n\n\n<p>.<\/p>\n\n\n\n<p><\/p>\n","protected":false},"excerpt":{"rendered":"<p>La Biblioteca p\u00fablica de la Bisbal del Pened\u00e8s ha estrenat, aquesta setmana, la b\u00fastia de devolucions de llibres i documents de pr\u00e9stec, oferint el servei de retorn de documents les &hellip; <a href=\"https:\/\/bisbalpenedes.com\/web\/2024\/03\/21\/la-biblioteca-estrena-bustia-de-retorn-de-llibres-perque-els-veins-puguin-retornar-els-prestecs-les-24h-del-dia\/\" class=\"more-link\">Read More<\/a><\/p>\n","protected":false},"author":4,"featured_media":29601,"comment_status":"closed","ping_status":"closed","sticky":false,"template":"","format":"standard","meta":[],"categories":[2478,13,8],"tags":[180,4285,2930,393,6545],"_links":{"self":[{"href":"https:\/\/bisbalpenedes.com\/web\/wp-json\/wp\/v2\/posts\/29600"}],"collection":[{"href":"https:\/\/bisbalpenedes.com\/web\/wp-json\/wp\/v2\/posts"}],"about":[{"href":"https:\/\/bisbalpenedes.com\/web\/wp-json\/wp\/v2\/types\/post"}],"author":[{"embeddable":true,"href":"https:\/\/bisbalpenedes.com\/web\/wp-json\/wp\/v2\/users\/4"}],"replies":[{"embeddable":true,"href":"https:\/\/bisbalpenedes.com\/web\/wp-json\/wp\/v2\/comments?post=29600"}],"version-history":[{"count":1,"href":"https:\/\/bisbalpenedes.com\/web\/wp-json\/wp\/v2\/posts\/29600\/revisions"}],"predecessor-version":[{"id":29602,"href":"https:\/\/bisbalpenedes.com\/web\/wp-json\/wp\/v2\/posts\/29600\/revisions\/29602"}],"wp:featuredmedia":[{"embeddable":true,"href":"https:\/\/bisbalpenedes.com\/web\/wp-json\/wp\/v2\/media\/29601"}],"wp:attachment":[{"href":"https:\/\/bisbalpenedes.com\/web\/wp-json\/wp\/v2\/media?parent=29600"}],"wp:term":[{"taxonomy":"category","embeddable":true,"href":"https:\/\/bisbalpenedes.com\/web\/wp-json\/wp\/v2\/categories?post=29600"},{"taxonomy":"post_tag","embeddable":true,"href":"https:\/\/bisbalpenedes.com\/web\/wp-json\/wp\/v2\/tags?post=29600"}],"curies":[{"name":"wp","href":"https:\/\/api.w.org\/{rel}","templated":true}]}}