{"id":29592,"date":"2024-03-20T15:20:25","date_gmt":"2024-03-20T13:20:25","guid":{"rendered":"https:\/\/bisbalpenedes.com\/web\/?p=29592"},"modified":"2024-03-20T15:27:08","modified_gmt":"2024-03-20T13:27:08","slug":"aquest-dilluns-sha-aprovat-el-reglament-que-regira-el-servei-de-menus-saludables-a-domicili-per-a-la-gent-gran","status":"publish","type":"post","link":"https:\/\/bisbalpenedes.com\/web\/2024\/03\/20\/aquest-dilluns-sha-aprovat-el-reglament-que-regira-el-servei-de-menus-saludables-a-domicili-per-a-la-gent-gran\/","title":{"rendered":"Aquest dilluns s&#8217;ha aprovat el reglament que regir\u00e0 el servei de men\u00fas saludables a domicili per a la gent gran"},"content":{"rendered":"\n<p>L\u2019Ajuntament de la Bisbal del Pened\u00e8s est\u00e0 creant un servei per garantir que les persones grans que viuen a casa seva tinguin una alimentaci\u00f3 adequada a la seva edat i a la seva salut i necessitats, \u00e9s a dir: que sigui suficient, equilibrada, personalitzada i adaptada a les prescripcions m\u00e8diques de cada persona. Amb aix\u00f2, es pret\u00e9n que puguin continuar a casa seva, el m\u00e0xim de temps possible, i en les millors condicions.<\/p>\n\n\n\n<p>La Bisbal del Pened\u00e8s \u00e9s un municipi que t\u00e9 una superf\u00edcie de m\u00e9s de 32 quil\u00f2metres quadrats amb un total de vuit nuclis de poblaci\u00f3, alguns for\u00e7a separats entre ells, amb un total de 4.200 habitants. D\u2019aquests, 809 superen els seixanta-cinc anys i, en aquest grup, hi ha 331 persones que viuen soles o acompanyades per una altra persona gran amb discapacitat o amb depend\u00e8ncia. Tenint en compte la gran quantitat de persones grans que viuen al municipi, s\u2019ha decidit crear aquest servei de menjar a domicili de gesti\u00f3 indirecta, ja que es far\u00e0 mitjan\u00e7ant una concessi\u00f3 de serveis.<\/p>\n\n\n\n<p>Aquest servei es prestar\u00e0 de dilluns a divendres, al llarg de tot l\u2019any, amb una freq\u00fc\u00e8ncia de dos dies a la setmana i els men\u00fas es repartiran a domicili entre les 9 i les 15h, assignant un horari concret a cada usuari. Els men\u00fas es dissenyaran tenint en compte les necessitats de les persones usu\u00e0ries, atenent la seva edat i el seu estat de salut. S\u2019oferiren dietes normals, adre\u00e7ades a les persones usu\u00e0ries sense restriccions aliment\u00e0ries, i dietes especials, destinades a les persones amb problemes de salut (hipercal\u00f2rica, diab\u00e8tica, baixa en greixos, hipoproteica, hiperproteica, astringent, hipos\u00f2dica, rica en fibra, etc.). Els \u00e0pats consistiran en un primer plat, un segon plat, postres i pa, en fred, i s\u2019adaptaran a l\u2019\u00e8poca estacional de l\u2019any i al calendari festiu i tradicional. El preu p\u00fablic d\u2019aquest servei estar\u00e0 subvencionat -en part- per l\u2019Ajuntament de la Bisbal del Pened\u00e8s i s\u2019aprovar\u00e0 en les properes setmanes.<\/p>\n\n\n\n<p>Els requisits d\u2019acc\u00e9s al servei seran els seg\u00fcents:<\/p>\n\n\n\n<p>a)Estar empadronat\/da al municipi de la Bisbal del Pened\u00e8s amb una antiguitat m\u00ednima d\u2019un any.<\/p>\n\n\n\n<p>b)Tenir m\u00e9s de seixanta-cinc anys<\/p>\n\n\n\n<p>c)Tenir reconegut, com a m\u00ednim, el grau I de depend\u00e8ncia o un 33% de discapacitat o tenir dificultats de mobilitat i manca d\u2019autonomia personal, situaci\u00f3 aquesta darrera que haur\u00e0 de ser valorada pel servei.<\/p>\n\n\n\n<p>d)Viure sol\/a o acompanyat\/da d\u2019una persona major de seixanta-cinc anys, en situaci\u00f3 de depend\u00e8ncia o amb alguna discapacitat reconeguda.<\/p>\n\n\n\n<hr class=\"wp-block-separator has-alpha-channel-opacity\"\/>\n\n\n\n<p><strong>CASTELLANO |<\/strong> El Ajuntament de la Bisbal del Pened\u00e8s est\u00e1 creando un servicio para garantizar que las personas mayores que viven en su casa tengan una alimentaci\u00f3n adecuada a su edad y a su salud y necesidades, es decir: que sea suficiente, equilibrada, personalizada y adaptada a las prescripciones m\u00e9dicas de cada persona. Con esto, se pretende que puedan continuar en su casa, el m\u00e1ximo de tiempo posible, y en las mejores condiciones.<\/p>\n\n\n\n<p>La Bisbal del Pened\u00e8s es un municipio que tiene una superficie de m\u00e1s de 32 kil\u00f3metros cuadrados con un total de ocho n\u00facleos de poblaci\u00f3n, algunos muy separados entre ellos, con un total de 4.200 habitantes. De estos, 809 superan los sesenta y cinco a\u00f1os y, en este grupo, hay 331 que viven solas o acompa\u00f1adas por otra persona mayor con discapacidad o con dependencia. Teniendo en cuenta la gran cantidad de personas mayores que viven en el municipio, se ha decidido crear este servicio de comida a domicilio de gesti\u00f3n indirecta, ya que se har\u00e1 mediante una concesi\u00f3n de servicios.<\/p>\n\n\n\n<p>Este servicio se prestar\u00e1 de lunes a viernes, a lo largo de todo el a\u00f1o, con una frecuencia de dos d\u00edas a la semana y los men\u00fas se repartir\u00e1n a domicilio entre las 9 y las 15h, asignando un horario concreto a cada usuario. Los men\u00fas se dise\u00f1ar\u00e1n teniendo en cuenta las necesidades de las personas usuarias, atendiendo a su edad y a su estado de salud. Se ofrecer\u00e1n dietas normales, dirigidas a personas usuarias sin restricciones alimentarias, y dietas especiales, destinadas a personas con problemas de salud (hipercal\u00f3rica, diab\u00e9tica, baja en grasas, hipoproteica, hiperproteica, astringente, hipos\u00f3dica, rica en fibra, etc.). Las comidas consistir\u00e1n en un primer plato, un segundo plato, postre y pan, en fr\u00edo, y se adaptar\u00e1n a la \u00e9poca estacional del a\u00f1o y al calendario festivo y tradicional. El precio p\u00fablico de este servicio estar\u00e1 subvencionado -en parte- por el Ajuntament de la Bisbal del Pened\u00e8s y se aprobar\u00e1 en las pr\u00f3ximas semanas.<\/p>\n\n\n\n<p>Los requisitos de acceso al servicio ser\u00e1n los siguientes:<\/p>\n\n\n\n<p>a)Estar empadronado\/da en el municipio de la Bisbal del Pened\u00e8s con una antig\u00fcedad m\u00ednima de un a\u00f1o.<\/p>\n\n\n\n<p>b)Tener m\u00e1s de sesenta y cinco a\u00f1os<\/p>\n\n\n\n<p>c)Tener reconocido, como m\u00ednimo, el grado I de dependencia o un 33% de discapacidad o tener dificultades de movilidad y falta de autonom\u00eda personal, situaci\u00f3n esta \u00faltima que tendr\u00e1 que ser valorada por el servicio.<\/p>\n\n\n\n<p>d)Vivir solo\/a o acompa\u00f1ado\/a de una persona mayor de sesenta y cinco a\u00f1os, en situaci\u00f3n de dependencia o con alguna discapacidad reconocida.<\/p>\n","protected":false},"excerpt":{"rendered":"<p>L\u2019Ajuntament de la Bisbal del Pened\u00e8s est\u00e0 creant un servei per garantir que les persones grans que viuen a casa seva tinguin una alimentaci\u00f3 adequada a la seva edat i &hellip; <a href=\"https:\/\/bisbalpenedes.com\/web\/2024\/03\/20\/aquest-dilluns-sha-aprovat-el-reglament-que-regira-el-servei-de-menus-saludables-a-domicili-per-a-la-gent-gran\/\" class=\"more-link\">Read More<\/a><\/p>\n","protected":false},"author":4,"featured_media":29594,"comment_status":"closed","ping_status":"closed","sticky":false,"template":"","format":"standard","meta":[],"categories":[464,8],"tags":[459,6544,6542,6541,305,393,6543,5037],"_links":{"self":[{"href":"https:\/\/bisbalpenedes.com\/web\/wp-json\/wp\/v2\/posts\/29592"}],"collection":[{"href":"https:\/\/bisbalpenedes.com\/web\/wp-json\/wp\/v2\/posts"}],"about":[{"href":"https:\/\/bisbalpenedes.com\/web\/wp-json\/wp\/v2\/types\/post"}],"author":[{"embeddable":true,"href":"https:\/\/bisbalpenedes.com\/web\/wp-json\/wp\/v2\/users\/4"}],"replies":[{"embeddable":true,"href":"https:\/\/bisbalpenedes.com\/web\/wp-json\/wp\/v2\/comments?post=29592"}],"version-history":[{"count":2,"href":"https:\/\/bisbalpenedes.com\/web\/wp-json\/wp\/v2\/posts\/29592\/revisions"}],"predecessor-version":[{"id":29595,"href":"https:\/\/bisbalpenedes.com\/web\/wp-json\/wp\/v2\/posts\/29592\/revisions\/29595"}],"wp:featuredmedia":[{"embeddable":true,"href":"https:\/\/bisbalpenedes.com\/web\/wp-json\/wp\/v2\/media\/29594"}],"wp:attachment":[{"href":"https:\/\/bisbalpenedes.com\/web\/wp-json\/wp\/v2\/media?parent=29592"}],"wp:term":[{"taxonomy":"category","embeddable":true,"href":"https:\/\/bisbalpenedes.com\/web\/wp-json\/wp\/v2\/categories?post=29592"},{"taxonomy":"post_tag","embeddable":true,"href":"https:\/\/bisbalpenedes.com\/web\/wp-json\/wp\/v2\/tags?post=29592"}],"curies":[{"name":"wp","href":"https:\/\/api.w.org\/{rel}","templated":true}]}}