{"id":29584,"date":"2024-03-19T20:38:51","date_gmt":"2024-03-19T18:38:51","guid":{"rendered":"https:\/\/bisbalpenedes.com\/web\/?p=29584"},"modified":"2024-03-20T21:51:46","modified_gmt":"2024-03-20T19:51:46","slug":"aquest-dilluns-18-de-marc-sha-celebrat-el-ple-ordinari-daquest-trimestre-a-lajuntament-de-la-bisbal-del-penedes","status":"publish","type":"post","link":"https:\/\/bisbalpenedes.com\/web\/2024\/03\/19\/aquest-dilluns-18-de-marc-sha-celebrat-el-ple-ordinari-daquest-trimestre-a-lajuntament-de-la-bisbal-del-penedes\/","title":{"rendered":"Aquest dilluns 18 de mar\u00e7 s\u2019ha celebrat el Ple ordinari d\u2019aquest trimestre a l\u2019Ajuntament de la Bisbal del Pened\u00e8s"},"content":{"rendered":"\n<p>Aquest dilluns 18 de mar\u00e7, a les 18h, s\u2019ha celebrat el Ple ordinari d\u2019aquest trimestre a l\u2019Ajuntament de la Bisbal del Pened\u00e8s. Hi ha assistit tots els membres del consistori bisbalenc i s\u2019hi han tractat els seg\u00fcents punts:<\/p>\n\n\n\n<p><strong>1.-Aprovaci\u00f3 de l\u2019acta del Ple ordinari del 18 de desembre<\/strong><\/p>\n\n\n\n<p>S\u2019ha aprovat per unanimitat<\/p>\n\n\n\n<p><strong>2.-Aprovaci\u00f3 de l\u2019acta del Ple extraordinari del 27 de febrer<\/strong><\/p>\n\n\n\n<p>S\u2019ha aprovat per unanimitat<\/p>\n\n\n\n<p><strong>3.-Aprovaci\u00f3 del conveni per a la creaci\u00f3 de l\u2019Aula Mentor de formaci\u00f3.<\/strong><\/p>\n\n\n\n<p>S\u2019ha aprovat per unanimitat.<\/p>\n\n\n\n<p>S\u2019ha aprovat el conveni entre l\u2019Ajuntament de la Bisbal del Pened\u00e8s i el Ministeri d\u2019Educaci\u00f3, Formaci\u00f3 Professional i Esports perqu\u00e8 la Bisbal sigui un municipi amb \u201cAula Mentor\u201d durant quatre anys, a trav\u00e9s del servei SOM Bisbal. L\u2019Ajuntament de la Bisbal del Pened\u00e8s rep 4.000\u20ac per a la creaci\u00f3 de les aules de formaci\u00f3 oberta, flexible i a dist\u00e0ncia mitjan\u00e7ant tecnologies de la informaci\u00f3 i la comunicaci\u00f3 a trav\u00e9s de l\u2019Aula Mentor.<\/p>\n\n\n\n<p>L\u2019Aula Mentor \u00e9s un mecanisme establert per l\u2019Administraci\u00f3 General de l\u2019Estat per tal d\u2019afavorir l\u2019impuls i el desenvolupament de les compet\u00e8ncies personals i professionals a trav\u00e9s de les tecnologies de la informaci\u00f3 i la comunicaci\u00f3 i combinant adequadament els aspectes educatius, culturals i de promoci\u00f3 de l\u2019\u00fas eficient i sostenible de les tecnologies. Aix\u00ed, es tracta d\u2019un servei d\u2019oferiment d\u2019un ampli ventall de formaci\u00f3 no reglada per a persones majors de 18 anys -per a persones ocupades o a l\u2019atur- a trav\u00e9s d\u2019internet, amb el desenvolupament de la iniciativa de formaci\u00f3 oberta.<\/p>\n\n\n\n<p>Amb aquest mecanisme, la Bisbal del Pened\u00e8s \u00e9s el segon municipi de la comarca que posa a l\u2019abast de la ciutadania materials de formaci\u00f3 amb assist\u00e8ncia tutorial i telem\u00e0tica i, en algun cas, presencial, per a l\u2019aprenentatge, informaci\u00f3 o orientaci\u00f3 professional. Els cursos no tenen terminis, la matr\u00edcula est\u00e0 oberta tot l\u2019any a excepci\u00f3 de l\u2019agost, tot i que la matr\u00edcula de cada curs \u00e9s molt redu\u00efda. L\u2019aula s\u2019ubicar\u00e0 a la planta baixa del CMC, on l\u2019alumnat comptar\u00e0 amb l\u2019assist\u00e8ncia i seguiment de la t\u00e8cnica d\u2019Ocupaci\u00f3.<\/p>\n\n\n\n<p>El preu de la matr\u00edcula \u00e9s de 48\u20ac si el curs dura 2 mesos, que \u00e9s el m\u00ednim. Si el curs dura m\u00e9s, ser\u00e0 de 24\u20ac mensuals. La durada del curs varia en funci\u00f3 del ritme de cadasc\u00fa i, quan l\u2019alumne finalitza les activitats i pr\u00e8via autoritzaci\u00f3 del tutor, pot presentar-se a l\u2019examen i aconseguir el certificat d\u2019aprofitament.<\/p>\n\n\n\n<p>El cat\u00e0leg ofereix formaci\u00f3 en 17 \u00e0mbits:<\/p>\n\n\n\n<p>-Administraci\u00f3 i gesti\u00f3, amb diferents itineraris<\/p>\n\n\n\n<p>-Formaci\u00f3 agr\u00e0ria de control de plagues, jardineria, floristeria i agricultura ecol\u00f2gica, entre d\u2019altres<\/p>\n\n\n\n<p>-Arts gr\u00e0fiques<\/p>\n\n\n\n<p>-Comer\u00e7 i m\u00e0rqueting, amb diversos itineraris<\/p>\n\n\n\n<p>-Electricitat i electr\u00f2nica, amb diversos itineraris<\/p>\n\n\n\n<p>-Hostaleria i turisme, amb diversos itineraris<\/p>\n\n\n\n<p>-Cursos d\u2019imatge personal<\/p>\n\n\n\n<p>-Imatge i so, amb diversos itineraris<\/p>\n\n\n\n<p>-Ind\u00fastries aliment\u00e0ries, amb diversos itineraris<\/p>\n\n\n\n<p>-Inform\u00e0tica i comunicacions, amb diversos itineraris<\/p>\n\n\n\n<p>-Instal\u00b7lacions i manteniment, amb diversos itineraris<\/p>\n\n\n\n<p>-Sanitat amb formaci\u00f3 de plans d\u2019emerg\u00e8ncia, transport sanitari i serveis farmac\u00e8utics<\/p>\n\n\n\n<p>-Seguretat i medi ambient, amb diversos itineraris<\/p>\n\n\n\n<p>-Serveis socioculturals i serveis a la comunitat, amb diversos itineraris<\/p>\n\n\n\n<p>-T\u00e8xtil, confecci\u00f3 i pell, amb diversos itineraris<\/p>\n\n\n\n<p>-Vidre i cer\u00e0mica, amb diversos itineraris<\/p>\n\n\n\n<p>-I compet\u00e8ncies ling\u00fc\u00edstiques en angl\u00e8s i llenguatge de signes<\/p>\n\n\n\n<p>Durant les pr\u00f2ximes setmanes es convocaran reunions informatives per explicar l\u2019oferta formativa i el funcionament de l\u2019Aula Mentor.<\/p>\n\n\n\n<p><strong>4.-Aprovaci\u00f3 de l\u2019increment retributiu addicional del 0,5% del personal municipal funcionari i laboral, amb efectes de l\u20191 de gener de 2023.<\/strong><\/p>\n\n\n\n<p>S\u2019ha aprovat per unanimitat.<\/p>\n\n\n\n<p>S\u2019ha aprovat, amb efectes de l\u20191 de gener de 2023, un increment retributiu addicional del 0,5% sobre les retribucions del personal municipal, respecte de les retribucions vigents a 31 de desembre de 2022. Aquest increment \u00e9s d\u2019un total de 5.117,42\u20ac i s\u2019aplica d\u2019acord amb la Resoluci\u00f3 del 7 de febrer de 2024 de la Secretaria d\u2019Estat de Pressupostos i despeses, que aprova l\u2019increment retributiu complementari del 0,5% vinculat a l\u2019evoluci\u00f3 del PIB. Es va acordar tamb\u00e9 a la mesa de negociaci\u00f3 del 7 de febrer.<\/p>\n\n\n\n<p>Aquest increment s\u2019inclour\u00e0 en la n\u00f2mina d\u2019aquest mes de mar\u00e7 i s\u2019aplicar\u00e0 sobre les retribucions b\u00e0siques, els triennis, els complements espec\u00edfics i els complements de productivitat de tot el personal, tant laboral com funcionari.<\/p>\n\n\n\n<p>Cal dir que, legalment, aquest increment nom\u00e9s \u00e9s per a les retribucions b\u00e0siques, els triennis, els complements de destinaci\u00f3 i les pagues extraordin\u00e0ries del personal funcionari, per\u00f2 l\u2019Ajuntament de la Bisbal del Pened\u00e8s ho aplica tamb\u00e9 al personal laboral des del 2019, quan es va adherir a l\u2019Acord com\u00fa de condicions per als empleats p\u00fablics dels ens locals de Catalunya de menys de 20.000 habitants.<\/p>\n\n\n\n<p><strong>5.-Modificaci\u00f3 de les bases d\u2019execuci\u00f3 del pressupost 2024 per incloure l\u2019Aula Mentor.<\/strong><\/p>\n\n\n\n<p>S\u2019ha aprovat per unanimitat.<\/p>\n\n\n\n<p>S\u2019ha aprovat inicialment la modificaci\u00f3 de la base n\u00famero 15, apartat 2, de les bases d\u2019execuci\u00f3 del pressupost 2024. El motiu \u00e9s dotar de cr\u00e8dit per fer front a les despeses que es generin per a la inscripci\u00f3 als cursos de l\u2019Aula Mentor. El Ministeri girar\u00e0 la corresponent liquidaci\u00f3 a l\u2019Ajuntament tal com es recull en la cl\u00e0usula tercera del conveni entre l\u2019Ajuntament de la Bisbal del Pened\u00e8s i el Ministeri d\u2019Educaci\u00f3 i Formaci\u00f3 Professional i Esports.<\/p>\n\n\n\n<p>El finan\u00e7ament d\u2019aquestes despeses es fa a trav\u00e9s dels ingressos per&nbsp; matr\u00edcules dels alumnes als cursos, per la qual cosa, si no hi ha inscripcions i, per tant, no es recapten ingressos, no es produeixen despeses. La resta de despeses generades per a la posada en marxa de l\u2019Aula Mentor estan incloses dins del pressupost i les despeses de personal es cobreixen amb el personal adscrit al servei d\u2019ocupaci\u00f3 i les despeses corrents de l\u2019Aula Mentor -manteniment i reparacions de l\u2019aula- estan incloses en el programa 334 Promoci\u00f3 Cultural.<\/p>\n\n\n\n<p><strong>6.-Aprovaci\u00f3 del reglament del servei de menjar a domicili per a la gent gran.<\/strong><\/p>\n\n\n\n<p><span style=\"text-decoration: underline;\">S\u2019ha aprovat per unanimitat.<\/span><\/p>\n\n\n\n<p>S\u2019aprova el reglament que regir\u00e0 el servei de menjar saludable per a la gent gran.<\/p>\n\n\n\n<p>L\u2019Ajuntament de la Bisbal del Pened\u00e8s crea un servei per assegurar que les persones grans que viuen a casa seva tinguin una alimentaci\u00f3 adequada a la seva edat i a la seva salut i necessitats, \u00e9s a dir: que sigui suficient, equilibrada, personalitzada i adaptada a les prescripcions m\u00e8diques de cada persona. Amb aix\u00f2, es pret\u00e9n que puguin continuar a casa seva, el m\u00e0xim de temps possible, i en les millors condicions.<\/p>\n\n\n\n<p>La Bisbal del Pened\u00e8s \u00e9s un municipi que t\u00e9 una superf\u00edcie de m\u00e9s de 32 quil\u00f2metres quadrats amb un total de vuit nuclis de poblaci\u00f3, alguns for\u00e7a separats entre ells, amb un total de 4.200 habitants. D\u2019aquests, 809 superen els seixanta-cinc anys i, en aquest grup, hi ha 331 persones que viuen soles o acompanyades per una altra persona gran amb discapacitat o amb depend\u00e8ncia. Tenint en compte la gran quantitat de persones grans que viuen al municipi, s\u2019ha decidit crear aquest servei de menjar a domicili de gesti\u00f3 indirecta, ja que es far\u00e0 mitjan\u00e7ant una concessi\u00f3 de serveis.<\/p>\n\n\n\n<p>Aquest servei es prestar\u00e0 de dilluns a divendres, al llarg de tot l\u2019any, amb una freq\u00fc\u00e8ncia de dos dies a la setmana i els men\u00fas es repartiran a domicili entre les 9 i les 15h, assignant un horari concret a cada usuari. Els men\u00fas es dissenyaran tenint en compte les necessitats de les persones usu\u00e0ries, atenent la seva edat i el seu estat de salut. S\u2019oferiren dietes normals, adre\u00e7ades a les persones usu\u00e0ries sense restriccions aliment\u00e0ries, i dietes especials, destinades a les persones usu\u00e0ries amb problemes de salut (hipocal\u00f2rica, hipercal\u00f2rica, diab\u00e8tica, baixa en greixos, hipoproteica, hiperproteica, astringent, hipos\u00f2dica, rica en fibra, etc.). Els \u00e0pats consistiran en un primer plat, un segon plat, postres i pa, en fred i s\u2019adaptaran a l\u2019\u00e8poca estacional de l\u2019any i al calendari festiu i tradicional. El preu p\u00fablic d\u2019aquest servei estar\u00e0 subvencionat -en part- per l\u2019Ajuntament de la Bisbal del Pened\u00e8s i s\u2019aprovar\u00e0 en les properes setmanes.<\/p>\n\n\n\n<p>Els requisits d\u2019acc\u00e9s al servei seran els seg\u00fcents:<\/p>\n\n\n\n<p>     a)Estar empadronat\/da al municipi de la Bisbal del Pened\u00e8s amb una antiguitat m\u00ednima d\u2019un any.<\/p>\n\n\n\n<p>     b)Tenir m\u00e9s de seixanta-cinc anys<\/p>\n\n\n\n<p>     c)Tenir reconegut, com a m\u00ednim, el grau I de depend\u00e8ncia o un 33% de discapacitat o tenir dificultats de mobilitat i manca d\u2019autonomia personal, situaci\u00f3 aquesta darrera que haur\u00e0 de ser valorada pel servei.<\/p>\n\n\n\n<p>     d)Viure sol\/a o acompanyat\/da d\u2019una persona major de seixanta-cinc anys, en situaci\u00f3 de depend\u00e8ncia o amb alguna discapacitat reconeguda.<\/p>\n\n\n\n<p><strong>7.-Donar compte dels Decrets d\u2019alcaldia<\/strong><\/p>\n\n\n\n<p>L\u2019alcaldessa dona compte dels Decrets d\u2019alcaldia signats des del Ple ordinari de desembre i fins al dia de la convocat\u00f2ria d\u2019aquest Ple. Tots els regidors i regidores del consistori tenen acc\u00e9s als Decrets d\u2019alcaldia des del moment en qu\u00e8 s\u2019aproven.<\/p>\n\n\n\n<p><strong>8.-Donar compte de les actes de la Junta de Govern Local.<\/strong><\/p>\n\n\n\n<p>L\u2019alcaldessa dona compte de les actes de la Junta de Govern Local des del Ple ordinari de desembre fins al dia de la convocat\u00f2ria d\u2019aquest Ple. Val a dir que tots els regidors i regidores del consistori tenen acc\u00e9s als Decrets d\u2019alcaldia des del moment en qu\u00e8 s\u2019aproven.<\/p>\n\n\n\n<p><strong>9.-Moci\u00f3 presentada pel grup municipal La Bisbal Decideix per \u201cla millora de la coordinaci\u00f3 entre entitats i l\u2019acc\u00e9s a la informaci\u00f3 d\u2019activitats i esdeveniments.<\/strong><\/p>\n\n\n\n<p>S\u2019aprova amb els vots a favor de La Bisbal Decideix (2) i Tots som la Bisbal \u2013 Urbanizaciones Unidas (2) i les abstencions de Comprom\u00eds amb la Bisbal (5), el PSC (1) i ERC (1).<\/p>\n\n\n\n<p>S\u2019aprova la moci\u00f3 per \u201cla millora de la coordinaci\u00f3 entre entitats i l\u2019acc\u00e9s a la informaci\u00f3 d\u2019activitats i esdeveniments\u201d amb els seg\u00fcents acords:<\/p>\n\n\n\n<ul><li>PRIMER. Fer \u00fas del m\u00f2dul d\u2019agenda de l\u2019aplicaci\u00f3 eAgora (aplicaci\u00f3 usada actualment per l&#8217;Ajuntament per fer difusi\u00f3 de l\u2019activitat municipal) per tal de millorar i facilitar l\u2019acc\u00e9s p\u00fablic a la informaci\u00f3 d\u2019actes, esdeveniments i activitats que es duen a terme al nostre municipi.<\/li><li>SEGON. Avaluar l\u2019\u00fas de la funcionalitat d\u2019agenda compartida i les altres opcions que ja disposa l\u2019aplicatiu eAgora per tal de gestionar un calendari compartit d\u2019esdeveniments amb les entitats.<\/li><li>TERCER. Fer \u00fas d\u2019altres eines existents de calendaris compartits amb l\u2019objectiu de millorar l\u2019efici\u00e8ncia i la transpar\u00e8ncia de les reserves d\u2019espais p\u00fablics per part de totes aquelles persones i entitats que en vulguin fer \u00fas i facilitar la coordinaci\u00f3 entre entitats i evitar la contraprogramaci\u00f3 o conflictes d\u2019\u00fas dels espais.<\/li><li>QUART. Realitzar una formaci\u00f3 interna del personal de l\u2019Ajuntament d\u2019acord amb les funcionalitats actualitzades de l\u2019aplicatiu eAgora que utilitza actualment l\u2019Ajuntament com a mitj\u00e0 de difusi\u00f3. Tant per a la correcta gesti\u00f3 de les funcionalitats actuals com veure la possibilitat d\u2019agilitzar tr\u00e0mits actuals com pot ser la gesti\u00f3 dels abonaments de la piscina municipal, etc.<\/li><\/ul>\n\n\n\n<p><strong>10.-Moci\u00f3 presentada pel grup municipal La Bisbal Decideix per \u201cl\u2019elaboraci\u00f3 del Pla de protecci\u00f3 civil municipal DUPROCIM\u201d.<\/strong><\/p>\n\n\n\n<p>No s\u2019aprova, amb els vots a favor de La Bisbal decideix (2) i Tots som la Bisbal \u2013 Urbanizaciones Unidas (2) i els vots en contra de Comprom\u00eds amb la Bisbal (5), PSC (1) i ERC (1).<\/p>\n\n\n\n<p>Es proposava arribar als seg\u00fcents acords:<\/p>\n\n\n\n<ul><li>PRIMER. Redactar el Document \u00danic de Protecci\u00f3 Civil Municipal (DUPROCIM) que \u00e9s de car\u00e0cter obligatori.<\/li><li>SEGON. Que el DURPOCIM inclogui tots els plans dels riscos especials que, segons la Comissi\u00f3 de Protecci\u00f3 Civil estem obligats a desenvolupar al&nbsp; nostre municipi: INFOCAT, INUNCAT, TRANSCAT i VENTCAT.<\/li><li>TERCER. Implementar un programa anual d\u2019actuacions sobre la poblaci\u00f3 amb els seg\u00fcents punts:<ul><li>-Pl\u00e0nols d\u2019evacuaci\u00f3 que incloguin un centre de recepci\u00f3, en cada urbanitzaci\u00f3. De manera que, en cas d\u2019evacuaci\u00f3, la poblaci\u00f3 s\u00e0piga on s\u2019ha de dirigir de manera ordenada.<\/li><li>-Definici\u00f3 dels m\u00e8todes d\u2019av\u00eds a la ciutadania: megafonia, missatges, etc.<\/li><li>-Xerrades informatives i repartiment de tr\u00edptics als ve\u00efns per tal de minimitzar el risc d\u2019incendi i explicar qu\u00e8 cal fer perqu\u00e8 la seva llar pugui resistir un incendi forestal.<\/li><li>-Fer un llistat de persones en situaci\u00f3 de depend\u00e8ncia, gent gran, unitats familiars unipersonals, persones amb mobilitat redu\u00efda o sense vehicle, en cada nucli urb\u00e0, per poder realitzar evacuacions especials.<\/li><li>-Realitzaci\u00f3 de simulacres per posar a prova l\u2019activaci\u00f3 dels plans de protecci\u00f3 civil municipal per tal d\u2019avaluar-ne l\u2019operativitat.<\/li><\/ul><\/li><\/ul>\n\n\n\n<p><strong>11.-Moci\u00f3 presentada pel grup municipal La Bisbal Decideix per \u201cla modificaci\u00f3 del pla d\u2019esterilitzaci\u00f3 de les col\u00f2nies felines\u201d.<\/strong><\/p>\n\n\n\n<p>No s\u2019aprova, amb els vots a favor de La Bisbal decideix (2) i Tots som la Bisbal \u2013 Urbanizaciones Unidas (2) i els vots en contra de Comprom\u00eds amb la Bisbal (5), PSC (1) i ERC (1).<\/p>\n\n\n\n<p>La proposta d\u2019acord de la moci\u00f3 era la seg\u00fcent:<\/p>\n\n\n\n<p>PRIMER. Modificar l\u2019actual estrat\u00e8gia d\u2019esterilitzaci\u00f3 de les col\u00f2nies felines per tal de seguir la metodologia de gesti\u00f3 de col\u00f2nies indicada pel ministeri i avalada pel col\u00b7legi de veterinaris de Catalunya: esterilitzant de forma cont\u00ednua un grup d\u2019individus sense passar a la seg\u00fcent col\u00f2nia felina mentre no estiguin esterilitzats tots els membres del grup anterior.<\/p>\n\n\n\n<p><strong>12.-Moci\u00f3 presentada pel grup del PSC de \u201csuport a la pagesia\u201d.<\/strong><\/p>\n\n\n\n<p>S\u2019aprova amb els vots a favor de Comprom\u00eds amb la Bisbal (5), La Bisbal Decideix (2), PSC (1) i ERC (1) i l\u2019abstenci\u00f3 de Tots som la Bisbal \u2013 Urbanizaciones Unidas.<\/p>\n\n\n\n<p>S\u2019aproven els seg\u00fcents acords:<\/p>\n\n\n\n<ul><li>PRIMER.-Mostrar la solidaritat de l\u2019Ajuntament de la Bisbal del Pened\u00e8s amb la pagesia i, especialment, la de la nostra ciutat.<\/li><li>SEGON.-Demanar la implicaci\u00f3, col\u00b7laboraci\u00f3 i coordinaci\u00f3 de totes les administracions: catalana, espanyola i europea, que tenen compet\u00e8ncies en agricultura i ramaderia per tal de trobar les solucions als reptes que afronta el sector primari. Escoltant-lo, negociant i pactant, sense prendre mesures i decisions unilaterals.<\/li><li>TERCER.-Fer arribar aquests acords al Ministeri d\u2019Agricultura Pesca i Alimentaci\u00f3 del Govern d\u2019Espanya, al Departament d\u2019Acci\u00f3 Clim\u00e0tica, Alimentaci\u00f3 i Agenda Rural del Govern de la Generalitat, a l\u2019Oficina del Parlament Europeu a Catalunya i a totes les organitzacions agr\u00e0ries amb representaci\u00f3 a Catalunya.<\/li><\/ul>\n\n\n\n<p><strong>13.-Moci\u00f3 presentada pel grup municipal de Comprom\u00eds amb la Bisbal pel \u201cdesplegament proporcionat i just dels Mossos d\u2019Esquadra al Pened\u00e8s\u201d.<\/strong><\/p>\n\n\n\n<p>S\u2019aprova per unanimitat.<\/p>\n\n\n\n<p>S\u2019aproven els seg\u00fcents acords:<\/p>\n\n\n\n<ul><li>PRIMER.-Reclamar al Departament d\u2019Interior un desplegament proporcionat i just de Mossos d\u2019Esquadra a la vegueria del Pened\u00e8s fins a equiparar-nos amb les altres vegueries amb una poblaci\u00f3 similar.<\/li><li>SEGON.-Exigir al Departament d\u2019Interior i a la Delegaci\u00f3 del Govern al Pened\u00e8s la creaci\u00f3 de la Regi\u00f3 Policial del Pened\u00e8s, com disposen totes les altres vegueries de Catalunya.<\/li><li>TERCER.-Expressar el suport d\u2019aquest Ajuntament al Cos dels Mossos d\u2019Esquadra per la seva professionalitat, qualitat i efici\u00e8ncia en la prestaci\u00f3 dels seus serveis vers la comunitat.<\/li><li>QUART.-Notificar aquests acords al Departament d\u2019Interior de la Generalitat de Catalunya, a la Policia de la Generalitat-Mossos d\u2019Esquadra i a la Delegaci\u00f3 del Govern al Pened\u00e8s.<\/li><\/ul>\n\n\n\n<p><strong>14.-Es dona compte al ple de l\u2019informe resum de control intern de l\u2019exercici 2022<\/strong> per donar compliment a l\u2019article 31.3. del RD 424\/2017.<\/p>\n\n\n\n<p><strong>15.-Es dona compte de l\u2019informe d\u2019intervenci\u00f3 sobre el control de presa de ra\u00f3 en comptabilitat dels drets i ingressos del 2n trimestre del 2023, en<\/strong> compliment de l\u2019article 4 del Reial decret 128\/2018.<\/p>\n\n\n\n<p><strong>16.-Es dona compte de l\u2019informe d\u2019intervenci\u00f3 sobre el control de presa de ra\u00f3 en comptabilitat, dels drets i ingressos del 3r trimestre del 2023<\/strong>, en compliment de l\u2019article 4 del Reial decret 128\/2018.<\/p>\n\n\n\n<p><strong>17.-Es dona compte de l\u2019informe d\u2019intervenci\u00f3 sobre el control de la presa de ra\u00f3 en comptabilitat, dels drets i ingressos del 4t trimestre de 2023,<\/strong> en compliment de l\u2019article 4 del Reial decret 128\/2018.<\/p>\n\n\n\n<p><strong>18.-Es dona compte del Pla anual de control intern del 2024, donant compliment a l\u2019article 31.3 del RD 424\/2017.<\/strong><\/p>\n\n\n\n<p>Aquest control intern t\u00e9 per objecte verificar el funcionament dels serveis del sector p\u00fablic local en l\u2019aspecte econ\u00f2mic financer per comprovar el compliment de la normativa i directrius que els regeixen i, en general, que la seva gesti\u00f3 s\u2019ajusta als principis de bona gesti\u00f3 financera, comprovant que la gesti\u00f3 dels recursos p\u00fablics est\u00e0 orientada per l\u2019efic\u00e0cia, l\u2019efici\u00e8ncia, l\u2019economia, la qualitat i la transpar\u00e8ncia i pels principis d\u2019estabilitat pressupost\u00e0ria i sostenibilitat financera en l\u2019\u00fas dels recursos p\u00fablics locals.<\/p>\n\n\n\n<p><strong>19.-Es dona compte de l\u2019informe d\u2019intervenci\u00f3 relatiu al control de les despeses pendents d\u2019aplicar al pressupost de l\u2019exercici 2023.<\/strong><\/p>\n\n\n\n<p>Es dona compte del compte pressupostari 413 \u201cCreditors per operacions pendents d\u2019aplicar al pressupost\u201d, que recull les despeses realitzades pendents de pagament. El 31 de desembre de 2023 ten\u00edem 28.578,19\u20ac de saldo al compte 413, que s\u00f3n de factures corresponents a serveis realitzats el 2023, que van entrar a l\u2019Ajuntament a finals del 2023 o comen\u00e7aments del 2024. Ara ja estan liquidades.<\/p>\n\n\n\n<p><strong>20.-Es dona compte de l\u2019informe d\u2019intervenci\u00f3 de l\u2019execuci\u00f3 del pressupost del 4t trimestre del 2023.<\/strong><\/p>\n\n\n\n<p>S\u2019ha complert amb l\u2019obligaci\u00f3 de remissi\u00f3 telem\u00e0tica de la informaci\u00f3 requerida, dins dels terminis establerts, ja que es va enviar al Ministeri el 23 de gener de 2024.<\/p>\n\n\n\n<p><strong>21.-Es dona compte de l\u2019informe d\u2019intervenci\u00f3 del per\u00edode mig de pagament a prove\u00efdors del 4t trimestre del 2023.<\/strong><\/p>\n\n\n\n<p>Es compleix amb el per\u00edode mitj\u00e0 de pagament a prove\u00efdors legalment previst, ja que \u00e9s de 10,07 dies (el m\u00e0xim \u00e9s de 30 dies).<\/p>\n\n\n\n<p>Tamb\u00e9 es compleix amb l\u2019obligaci\u00f3 de presentar la informaci\u00f3 requerida corresponent al 4t trimestre del 2023, car va ser presentada el 23 de gener de 2024.<\/p>\n\n\n\n<p><strong>22.-Es dona compte al ple dels informes de la Sindicatura de Comptes de Catalunya,<\/strong> complint amb la disposici\u00f3 addicional sisena de la Llei 26\/2009, de 23 de desembre, de mesures fiscals, financeres i administratives. S\u00f3n dos informes:<\/p>\n\n\n\n<p>-L\u2019informe 36\/2023, relatiu al seguiment de les recomanacions dels informes del Compte general de les corporacions locals, exercicis 2004-2021.<\/p>\n\n\n\n<p>-L\u2019informe 29\/2023, relatiu al Compte general de les corporacions locals, exercici 2021.<\/p>\n\n\n\n<p><strong>23.-Es dona compte al ple del Pla pressupostari a mig termini (2025\/27)<\/strong><\/p>\n\n\n\n<p>Es dona compte al Ple del decret d\u2019alcaldia del 6 de mar\u00e7, d\u2019aprovaci\u00f3 del pla pressupostari a mig termini per al per\u00edode 2025\/27, segons el Pla de mandat d\u2019aquest equip de govern.<\/p>\n\n\n\n<p><strong>24.-Es dona compte de la liquidaci\u00f3 del pressupost de l\u2019exercici 2023.<\/strong><\/p>\n\n\n\n<p>Es dona compte del Decret d\u2019alcaldia del 28 de febrer, de la liquidaci\u00f3 del pressupost del 2023.<\/p>\n\n\n\n<p>El resum de la liquidaci\u00f3 \u00e9s el seg\u00fcent:<\/p>\n\n\n\n<p>Romanent de tresoreria per a despeses generals: 2.564.136,17\u20ac<\/p>\n\n\n\n<p>Resultat pressupostari: 1.895.422,12\u20ac, que \u00e9s super\u00e0vit pressupostari.<\/p>\n\n\n\n<p>Amb informe favorable del control permanent.<\/p>\n\n\n\n<p>Es compleix amb la r\u00e0tio de deute perqu\u00e8 hi ha deute zero; es compleix amb la sostenibilitat financera i no es compleix amb l\u2019estabilitat pressupost\u00e0ria ni la regla de la despesa, tot i que s\u00f3n indicadors que no s\u00f3n d\u2019obligat compliment.<\/p>\n\n\n\n<p><strong>PRECS I PREGUNTES<\/strong><\/p>\n\n\n\n<p>Enlla\u00e7 al v\u00eddeo de la sessi\u00f3: <a href=\"https:\/\/actes.bisbalpenedes.com\/session\/sessionDetail\/8a8080848acca6ef018e56e9c2f2007b\" target=\"_blank\" rel=\"noreferrer noopener\">https:\/\/actes.bisbalpenedes.com\/session\/sessionDetail\/8a8080848acca6ef018e56e9c2f2007b<\/a><\/p>\n\n\n\n<hr class=\"wp-block-separator has-alpha-channel-opacity\"\/>\n\n\n\n<p><strong>Este lunes 18 de marzo se ha celebrado el Pleno ordinario de este trimestre en el Ajuntament de la Bisbal del Pened\u00e8s<\/strong><\/p>\n\n\n\n<p>Este lunes 18 de marzo, a las 18h, se ha celebrado el Pleno ordinario de este trimestre en el Ajuntament de la Bisbal del Pened\u00e8s. Han asistido todos los miembros del consistorio bisbalenc y se han tratado los siguientes puntos:<\/p>\n\n\n\n<p><strong>1.-Aprobaci\u00f3n del acta del Pleno ordinario del 18 de diciembre<\/strong><\/p>\n\n\n\n<p>Se ha aprobado por unanimidad<\/p>\n\n\n\n<p><strong>2.-Aprobaci\u00f3n del acta del Pleno extraordinario del 27 de febrero<\/strong><\/p>\n\n\n\n<p>Se ha aprobado por unanimidad<\/p>\n\n\n\n<p><strong>3.-Aprobaci\u00f3n del convenio para la creaci\u00f3n del Aula Mentor de formaci\u00f3n.<\/strong><\/p>\n\n\n\n<p>Se ha aprobado por unanimidad.<\/p>\n\n\n\n<p>Se ha aprobado el convenio entre el Ajuntament de la Bisbal del Pened\u00e8s y el Ministerio de Educaci\u00f3n, Formaci\u00f3n Profesional y Deportes para que la Bisbal sea un municipio con \u201cAula Mentor\u201d durante cuatro a\u00f1os, a trav\u00e9s del servicio SOMOS Bisbal. El Ajuntament de la Bisbal del Pened\u00e8s recibe 4.000\u20ac para la creaci\u00f3n de las aulas de formaci\u00f3n abierta, flexible y a distancia mediante tecnolog\u00edas de la informaci\u00f3n y la comunicaci\u00f3n a trav\u00e9s del Aula Mentor.<\/p>\n\n\n\n<p>EL Aula Mentor es un mecanismo establecido por la Administraci\u00f3n General del Estado para favorecer el impulso y el desarrollo de las competencias personales y profesionales a trav\u00e9s de las tecnolog\u00edas de la informaci\u00f3n y la comunicaci\u00f3n y combinando adecuadamente los aspectos educativos, culturales y de promoci\u00f3n del uso eficiente y sostenible de las tecnolog\u00edas. As\u00ed, se trata de un servicio de ofrecimiento de un amplio abanico de formaci\u00f3n no reglada para personas mayores de 18 a\u00f1os -para personas ocupadas o al paro- a trav\u00e9s de internet, con el desarrollo de la iniciativa de formaci\u00f3n abierta.<\/p>\n\n\n\n<p>Con este mecanismo, la Bisbal del Pened\u00e8s es el segundo municipio de la comarca que pone al alcance de la ciudadan\u00eda materiales de formaci\u00f3n con asistencia tutorial y telem\u00e1tica y, en alg\u00fan caso, presencial, para el aprendizaje, informaci\u00f3n u orientaci\u00f3n profesional. Los cursos no tienen plazos, la matr\u00edcula est\u00e1 abierta todo el a\u00f1o a excepci\u00f3n de agosto, aunque la matr\u00edcula de cada curso es muy reducida. El aula se ubicar\u00e1 en la planta baja del CMC, donde el alumnado contar\u00e1 con la asistencia y seguimiento de la t\u00e9cnica de Ocupaci\u00f3n.<\/p>\n\n\n\n<p>El precio de la matr\u00edcula es de 48\u20ac si el curso dura 2 meses, que es el m\u00ednimo. Si el curso dura m\u00e1s, el precio ser\u00e1 de 24\u20ac mensuales. La duraci\u00f3n del curso var\u00eda en funci\u00f3n del ritmo de cada cual y, cuando el alumno finaliza las actividades y previa autorizaci\u00f3n del tutor, puede presentarse al examen y conseguir el certificado de aprovechamiento.<\/p>\n\n\n\n<p>El cat\u00e1logo ofrece formaci\u00f3n en 17 \u00e1mbitos:<\/p>\n\n\n\n<ul><li>Administraci\u00f3n y gesti\u00f3n, con diferentes itinerarios<\/li><li>Formaci\u00f3n agraria de control de plagas, jardiner\u00eda, florister\u00eda y agricultura ecol\u00f3gica, entre otros.<\/li><li>Artes gr\u00e1ficas<\/li><li>Comercio y marketing, con varios itinerarios<\/li><li>Electricidad y electr\u00f3nica, con varios itinerarios<\/li><li>Hosteler\u00eda y turismo, con varios itinerarios<\/li><li>Cursos de imagen personal<\/li><li>Imagen y sonido, con varios itinerarios<\/li><li>Industrias alimentarias, con varios itinerarios<\/li><li>Inform\u00e1tica y comunicaciones, con varios itinerarios<\/li><li>Instalaciones y mantenimiento, con varios itinerarios<\/li><li>Sanidad con formaci\u00f3n de planes de emergencia, transporte sanitario y servicios farmac\u00e9uticos<\/li><li>Seguridad y medio ambiente, con varios itinerarios<\/li><li>Servicios socioculturales y servicios en la comunidad, con varios itinerarios<\/li><li>Textil, confecci\u00f3n y piel, con varios itinerarios<\/li><li>Vidrio y cer\u00e1mica, con varios itinerarios<\/li><li>Y competencias ling\u00fc\u00edsticas en ingl\u00e9s y lenguaje de signos<\/li><\/ul>\n\n\n\n<p>Durante las pr\u00f3ximas semanas se convocar\u00e1n reuniones informativas para explicar la oferta formativa y el funcionamiento del Aula Mentor.<\/p>\n\n\n\n<p><strong>4.-Aprobaci\u00f3n del incremento retributivo adicional del 0,5% del personal municipal funcionario y laboral, con efectos del 1 de enero de 2023.<\/strong><\/p>\n\n\n\n<p>Se ha aprobado por unanimidad.<\/p>\n\n\n\n<p>Se ha aprobado, con efectos del 1 de enero de 2023, un incremento retributivo adicional del 0,5% sobre las retribuciones del personal municipal, respecto de las retribuciones vigentes a 31 de diciembre de 2022. Este incremento es de un total de 5.117,42\u20ac y se aplica de acuerdo con la Resoluci\u00f3n del 7 de febrero de 2024 de la Secretar\u00eda de Estado de Presupuestos y gastos, que aprueba el incremento retributivo complementario del 0,5% vinculado a la evoluci\u00f3n del PIB. Se acord\u00f3 tambi\u00e9n en la mesa de negociaci\u00f3n del 7 de febrero.<\/p>\n\n\n\n<p>Este incremento se incluir\u00e1 en la n\u00f3mina de este mes de marzo y se aplicar\u00e1 sobre las retribuciones b\u00e1sicas, los trienios, los complementos espec\u00edficos y los complementos de productividad de todo el personal, tanto laboral como funcionario.<\/p>\n\n\n\n<p>Cabe decir que, legalmente, este incremento solo es para las retribuciones b\u00e1sicas, los trienios, los complementos de destino y las pagas extraordinarias del personal funcionario, pero el Ajuntament de la Bisbal del Pened\u00e8s lo aplica tambi\u00e9n al personal laboral desde el 2019, cuando se adhiri\u00f3 en el Acuerdo com\u00fan de condiciones para los empleados p\u00fablicos de los entes locales de Catalunya de menos de 20.000 habitantes.<\/p>\n\n\n\n<p><strong>5.-Modificaci\u00f3n de las bases de ejecuci\u00f3n del presupuesto 2024 para incluir el Aula Mentor.<\/strong><\/p>\n\n\n\n<p>Se ha aprobado por unanimidad.<\/p>\n\n\n\n<p>Se ha aprobado inicialmente la modificaci\u00f3n de la base n\u00famero 15, apartado 2, de las bases de ejecuci\u00f3n del presupuesto 2024. El motivo es dotar de cr\u00e9dito para hacer frente a los gastos que se generen para la inscripci\u00f3n en los cursos del Aula Mentor. El Ministerio le girar\u00e1 la correspondiente liquidaci\u00f3n al Ayuntamiento tal como se recoge en la cl\u00e1usula tercera del convenio entre el Ajuntament de la Bisbal del Pened\u00e8s y el Ministerio de Educaci\u00f3n y Formaci\u00f3n Profesional y Deportes.<\/p>\n\n\n\n<p>La financiaci\u00f3n de estos gastos se hace a trav\u00e9s de los ingresos por matr\u00edculas de los alumnos en los cursos, por lo cual, si no hay inscripciones y, por lo tanto, no se recaudan ingresos, no se producen gastos. El resto de gastos generados para la puesta en marcha del Aula Mentor est\u00e1n incluidos dentro del presupuesto y los gastos de personal se cubren con el personal adscrito al servicio de ocupaci\u00f3n y los gastos corrientes del Aula Mentor -mantenimiento y reparaciones del aula- est\u00e1n incluidas en el programa 334 Promoci\u00f3n Cultural.<\/p>\n\n\n\n<p><strong>6.-Aprobaci\u00f3n del reglamento del servicio de comer a domicilio para la gente mayor.<\/strong><\/p>\n\n\n\n<p><strong>Se ha aprobado por unanimidad.<\/strong><\/p>\n\n\n\n<p>Se aprueba el reglamento que regir\u00e1 el servicio de comer saludable para la gente mayor.<\/p>\n\n\n\n<p>El Ajuntament de la Bisbal del Pened\u00e8s crea un servicio para asegurar que las personas mayores que viven en su casa tengan una alimentaci\u00f3n adecuada a su edad y a su salud y necesidades, es decir: que sea suficiente, equilibrada, personalizada y adaptada a las prescripciones m\u00e9dicas de cada persona. Con esto, se pretende que puedan continuar en su casa, el m\u00e1ximo de tiempo posible, y en las mejores condiciones.<\/p>\n\n\n\n<p>La Bisbal del Pened\u00e8s es un municipio que tiene una superficie de m\u00e1s de 32 kil\u00f3metros cuadrados con un total de ocho n\u00facleos de poblaci\u00f3n, algunos bastante separados entre ellos, con un total de 4.200 habitantes. De estos, 809 superan los sesenta y cinco a\u00f1os y, en este grupo, hay 331 personas que viven solas o acompa\u00f1adas por otra persona grande con discapacidad o con dependencia. Teniendo en cuenta la gran cantidad de personas grandes que viven en el municipio, se ha decidido crear este servicio de comida a domicilio de gesti\u00f3n indirecta, puesto que se har\u00e1 mediante una concesi\u00f3n de servicios.<\/p>\n\n\n\n<p>Este servicio se prestar\u00e1 de lunes a viernes, a lo largo de todo el a\u00f1o, con una frecuencia de dos d\u00edas en la semana y los men\u00fas se repartir\u00e1n a domicilio entre las 9 y las 15h, asignando un horario concreto para cada usuario. Los men\u00fas se dise\u00f1ar\u00e1n teniendo en cuenta las necesidades de las personas usuarias, atendiendo su edad y su estado de salud. Se ofrecieron dietas normales, dirigidas a las personas usuarias sin restricciones alimentarias, y dietas especiales, destinadas a las personas usuarias con problemas de salud (hipocal\u00f3rica, hipercal\u00f3rica, diab\u00e9tica, baja en grasas, hipoproteica, hiperproteica, astringente, hipos\u00f3dica, rica en fibra, etc.). Las comidas consistir\u00e1n en un primer plato, un segundo plato, postres y pan, en fr\u00edo y se adaptar\u00e1n a la \u00e9poca estacional del a\u00f1o y al calendario festivo y tradicional. El precio p\u00fablico de este servicio estar\u00e1 subvencionado -en parte- por el Ajuntament de la Bisbal del Pened\u00e8s y se aprobar\u00e1 en las pr\u00f3ximas semanas.<\/p>\n\n\n\n<p>Los requisitos de acceso al servicio ser\u00e1n los siguientes:<\/p>\n\n\n\n<ul><li>a)Estar empadronado\/da en el municipio de la Bisbal del Pened\u00e8s con una antig\u00fcedad m\u00ednima de un a\u00f1o.<\/li><li>b)Tener m\u00e1s de sesenta y cinco a\u00f1os<\/li><li>c)Tener reconocido, como m\u00ednimo, el grado I de dependencia o un 33% de discapacidad o tener dificultades de movilidad y carencia de autonom\u00eda personal, situaci\u00f3n esta \u00faltima que tendr\u00e1 que ser valorada por el servicio.<\/li><li>d)Vivir sol\/a o acompa\u00f1ado\/da de una persona mayor de sesenta y cinco a\u00f1os, en situaci\u00f3n de dependencia o con alguna discapacidad reconocida.<\/li><\/ul>\n\n\n\n<p><strong>7.-Dar cuenta de los Decretos de alcald\u00eda<\/strong><\/p>\n\n\n\n<p>La alcaldesa da cuenta de los Decretos de alcald\u00eda firmados desde el Pleno ordinario de diciembre y hasta el d\u00eda de la convocatoria de este Pleno. Todos los concejales y concejalas del consistorio tienen acceso a los Decretos de alcald\u00eda desde el momento en que se aprueban.<\/p>\n\n\n\n<p><strong>8.-Dar cuenta de las actas de la Junta de Gobierno Local.<\/strong><\/p>\n\n\n\n<p>La alcaldesa da cuenta de las actas de la Junta de Gobierno Local desde el Pleno ordinario de diciembre hasta el d\u00eda de la convocatoria de este Pleno. Justo es decir que todos los concejales y concejalas del consistorio tienen acceso a los Decretos de alcald\u00eda desde el momento en que se aprueban.<\/p>\n\n\n\n<p><strong>9.-Moci\u00f3n presentada por el grupo municipal La Bisbal Decide por \u201cla mejora de la coordinaci\u00f3n entre entidades y el acceso a la informaci\u00f3n de actividades y acontecimientos.<\/strong><\/p>\n\n\n\n<p>Se aprueba con los votos a favor de La Bisbal Decideix (2) y Tots som la Bisbal \u2013 Urbanizaciones Unidas (2) y las abstenciones de Comprom\u00eds amb la Bisbal (5), el PSC (1) y ERC (1).<\/p>\n\n\n\n<p>Se aprueba la moci\u00f3n por \u201cla mejora de la coordinaci\u00f3n entre entidades y el acceso a la informaci\u00f3n de actividades y acontecimientos\u201d con los siguientes acuerdos:<\/p>\n\n\n\n<ul><li>PRIMERO. Hacer uso del m\u00f3dulo de agenda de la aplicaci\u00f3n eAgora (aplicaci\u00f3n usada actualmente por el Ajuntament para hacer difusi\u00f3n de la actividad municipal) para mejorar y facilitar el acceso p\u00fablico a la informaci\u00f3n de actas, acontecimientos y actividades que se llevan a cabo en nuestro municipio.<\/li><li>SEGUNDO. Evaluar el uso de la funcionalidad de agenda compartida y las otras opciones de las que ya dispone el aplicativo eAgora para gestionar un calendario compartido de acontecimientos con las entidades.<\/li><li>TERCERO. Hacer uso de otras herramientas existentes de calendarios compartidos con el objetivo de mejorar la eficiencia y la transparencia de las reservas de espacios p\u00fablicos por parte de todas aquellas personas y entidades que quieran hacer uso y facilitar la coordinaci\u00f3n entre entidades y evitar la contraprogramaci\u00f3n o conflictos de uso de los espacios.<\/li><li>CUARTO. Realizar una formaci\u00f3n interna del personal del Ajuntament de acuerdo con las funcionalidades actualizadas del aplicativo eAgora que utiliza actualmente el Ajuntament como medio de difusi\u00f3n. Tanto para la correcta gesti\u00f3n de las funcionalidades actuales como ver la posibilidad de agilizar tr\u00e1mites actuales como puede ser la gesti\u00f3n de los abonos de la piscina municipal, etc.<\/li><\/ul>\n\n\n\n<p><strong>10.-Moci\u00f3n presentada por el grupo municipal La Bisbal Decide por \u201cla elaboraci\u00f3n del Plan de protecci\u00f3n civil municipal DUPROCIM\u201d.<\/strong><\/p>\n\n\n\n<p><strong>No se aprueba,<\/strong> con los votos a favor de La Bisbal decideix (2) y Tots som la Bisbal \u2013 Urbanizaciones Unidas (2) y los votos en contra de Comprom\u00eds amb la Bisbal (5), PSC (1) y ERC (1).<\/p>\n\n\n\n<p>Se propon\u00eda llegar a los siguientes acuerdos:<\/p>\n\n\n\n<ul><li>PRIMERO. Redactar el Documento \u00danico de Protecci\u00f3n Civil Municipal (DUPROCIM) que es de car\u00e1cter obligatorio.<\/li><li>SEGUNDO. Que el DURPOCIM incluya todos los planes de los riesgos especiales que, seg\u00fan la Comisi\u00f3n de Protecci\u00f3n Civil estamos obligados a desarrollar en nuestro&nbsp; municipio: INFOCAT, INUNCAT,TRANSCAT y *VENTCAT.<\/li><li>TERCERO. Implementar un programa anual de actuaciones sobre la poblaci\u00f3n con los siguientes puntos:<ul><li>-Planos de evacuaci\u00f3n que incluyan un centro de recepci\u00f3n, en cada urbanizaci\u00f3n. De forma que, en caso de evacuaci\u00f3n, la poblaci\u00f3n sepa donde se tiene que dirigir de manera ordenada.<\/li><li>-Definici\u00f3n de los m\u00e9todos de aviso a la ciudadan\u00eda: megafon\u00eda, mensajes, etc.<\/li><li>-Charlas informativas y reparto de tr\u00edpticos a los vecinos para minimizar el riesgo de incendio y explicar qu\u00e9 hay que hacer para que su hogar pueda resistir un incendio forestal.<\/li><li>-Hacer un listado de personas en situaci\u00f3n de dependencia, gente mayor, unidades familiares unipersonales, personas con movilidad reducida o sin veh\u00edculo, en cada casco urbano, para poder realizar evacuaciones especiales.<\/li><li>-Realizaci\u00f3n de simulacros para poner a prueba la activaci\u00f3n de los planes de protecci\u00f3n civil municipal para evaluar la operatividad.<\/li><\/ul><\/li><\/ul>\n\n\n\n<p><strong>11.-Moci\u00f3n presentada por el grupo municipal La Bisbal Decide por \u201cla modificaci\u00f3n del plan de esterilizaci\u00f3n de las colonias felinas\u201d.<\/strong><\/p>\n\n\n\n<p>No se aprueba, con los votos a favor de La Bisbal decideix (2) y Tots som la Bisbal \u2013 Urbanizaciones Unidas (2) y los votos en contra de Comprom\u00eds amb la Bisbal (5), PSC (1) y ERC (1).<\/p>\n\n\n\n<p>La propuesta de acuerdo de la moci\u00f3n era la siguiente:<\/p>\n\n\n\n<ul><li>PRIMERO. Modificar la actual estrategia de esterilizaci\u00f3n de las colonias felinas para seguir la metodolog\u00eda de gesti\u00f3n de colonias indicada por el ministerio y avalada por el colegio de veterinarios de Catalunya: esterilizando de forma continua un grupo de individuos sin pasar a la siguiente colonia felina mientras no est\u00e9n esterilizados todos los miembros del grupo anterior.<\/li><\/ul>\n\n\n\n<p><strong>12.-Moci\u00f3n presentada por el grupo del PSC de \u201capoyo a la payes\u00eda\u201d<\/strong><\/p>\n\n\n\n<p>Se aprueba con los votos a favor de Comprom\u00eds amb la Bisbal (5), La Bisbal Decideix (2), PSC (1) y ERC (1) y la abstenci\u00f3n de Tots som la Bisbal \u2013 Urbanizaciones Unidas.<\/p>\n\n\n\n<p>Se aprueban los siguientes acuerdos:<\/p>\n\n\n\n<ul><li>PRIMERO.-Mostrar la solidaridad del Ajuntament de la Bisbal del Pened\u00e8s con la payes\u00eda y, especialmente, la de nuestra ciudad.<\/li><li>SEGUNDO.-Pedir la implicaci\u00f3n, colaboraci\u00f3n y coordinaci\u00f3n de todas las administraciones: catalana, espa\u00f1ola y europea, que tienen competencias en agricultura y ganader\u00eda para encontrar las soluciones a los retos que afronta el sector primario. Escuch\u00e1ndolo, negociando y pactando, sin tomar medidas y decisiones unilaterales.<\/li><li>TERCERO.-Hacer llegar estos acuerdos al Ministerio de Agricultura Pesca y Alimentaci\u00f3n del Gobierno de Espa\u00f1a, al Departamento de Acci\u00f3n Clim\u00e1tica, Alimentaci\u00f3n y Agenda Rural del Gobierno de la Generalitat, a la Oficina del Parlamento Europeo en Catalunya y a todas las organizaciones agrarias con representaci\u00f3n en Catalunya.<\/li><\/ul>\n\n\n\n<p><strong>13.-Moci\u00f3n presentada por el grupo municipal de Comprom\u00eds amb la Bisbal por el \u201cdespliegue proporcionado y justo de los Mossos d&#8217;Esquadra en el Pened\u00e8s\u201d.<\/strong><\/p>\n\n\n\n<p>Se aprueba por unanimidad.<\/p>\n\n\n\n<p>Se aprueban los siguientes acuerdos:<\/p>\n\n\n\n<ul><li>PRIMERO.-Reclamar al Departamento de Interior un despliegue proporcionado y justo de Mossos d&#8217;Esquadra a la veguer\u00eda del Pened\u00e8s hasta equipararnos con las otras veguer\u00edas con una poblaci\u00f3n similar.<\/li><li>SEGUNDO.-Exigir al Departamento de Interior y a la Delegaci\u00f3n del Gobierno en el Pened\u00e8s la creaci\u00f3n de la Regi\u00f3n Policial del Pened\u00e8s, como disponen todas las otras veguerias de Catalunya.<\/li><li>TERCERO.-Expresar el apoyo de este ayuntamiento al Cuerpo de los Mossos d&#8217;Esquadra por su profesionalidad, calidad y eficiencia en la prestaci\u00f3n de sus servicios hacia la comunidad.<\/li><li>CUARTO.-Notificar estos acuerdos al Departamento de Interior de la Generalitat de Catalu\u00f1a, a la Polic\u00eda de la Generalitat-Mossos d&#8217;Esquadra y a la Delegaci\u00f3n del Gobierno en el Pened\u00e8s.<\/li><\/ul>\n\n\n\n<p><strong>14.-Se da cuenta al pleno del informe resumen de control interno del ejercicio 2022 para dar cumplimiento en el art\u00edculo 31.3. del RD 424\/2017.<\/strong><\/p>\n\n\n\n<p><strong>15.-Se da cuenta del informe de intervenci\u00f3n sobre el control de presa de raz\u00f3n en contabilidad de los derechos e ingresos del 2.\u00ba trimestre del 2023<\/strong>, en cumplimiento del art\u00edculo 4 del Real Decreto 128\/2018.<\/p>\n\n\n\n<p><strong>16.-Se da cuenta del informe de intervenci\u00f3n sobre el control de presa de raz\u00f3n en contabilidad, de los derechos e ingresos del 3.\u00ba trimestre del 2023,<\/strong> en cumplimiento del art\u00edculo 4 del Real Decreto 128\/2018.<\/p>\n\n\n\n<p><strong>17.-Se da cuenta del informe de intervenci\u00f3n sobre el control de la presa de raz\u00f3n en contabilidad, de los derechos e ingresos del 4.\u00ba trimestre de 2023,<\/strong> en cumplimiento del art\u00edculo 4 del Real Decreto 128\/2018.<\/p>\n\n\n\n<p><strong>18.-Se da cuenta del Plan anual de control interno del 2024, dando cumplimiento en el art\u00edculo 31.3 del RD 424\/2017.<\/strong><\/p>\n\n\n\n<p>Este control interno tiene por objeto verificar el funcionamiento de los servicios del sector p\u00fablico local en el aspecto econ\u00f3mico financiero para comprobar el cumplimiento de la normativa y directrices que los rigen y, en general, que su gesti\u00f3n se ajusta a los principios de buena gesti\u00f3n financiera, comprobando que la gesti\u00f3n de los recursos p\u00fablicos est\u00e1 orientada por la eficacia, la eficiencia, la econom\u00eda, la calidad y la transparencia y por los principios de estabilidad presupuestaria y sostenibilidad financiera en el uso de los recursos p\u00fablicos locales.<\/p>\n\n\n\n<p><strong>19.-Se da cuenta del informe de intervenci\u00f3n relativo al control de los gastos pendientes de aplicar en el presupuesto del ejercicio 2023.<\/strong><\/p>\n\n\n\n<p>Se da cuenta de la cuenta presupuestaria 413 \u201cAcreedores por operaciones pendientes de aplicar en el presupuesto\u201d, que recoge los gastos realizados pendientes de pago. El 31 de diciembre de 2023 ten\u00edamos 28.578,19\u20ac de saldo a la cuenta 413, que son de facturas correspondientes a servicios realizados el 2023, que entraron al ayuntamiento a finales del 2023 o comienzos del 2024. Ahora ya est\u00e1n liquidadas.<\/p>\n\n\n\n<p><strong>20.-Se da cuenta del informe de intervenci\u00f3n de la ejecuci\u00f3n del presupuesto del 4.\u00ba trimestre del 2023.<\/strong><\/p>\n\n\n\n<p>Se ha cumplido con la obligaci\u00f3n de remisi\u00f3n telem\u00e1tica de la informaci\u00f3n requerida, dentro de los plazos establecidos, puesto que se envi\u00f3 al Ministerio el 23 de enero de 2024.<\/p>\n\n\n\n<p><strong>21.-Se da cuenta del informe de intervenci\u00f3n del periodo medio de pago a proveedores del 4.\u00ba trimestre del 2023.<\/strong><\/p>\n\n\n\n<p>Se cumple con el periodo medio de pago a proveedores legalmente previsto, puesto que es de 10,07 d\u00edas (el m\u00e1ximo es de 30 d\u00edas).<\/p>\n\n\n\n<p>Tambi\u00e9n se cumple con la obligaci\u00f3n de presentar la informaci\u00f3n requerida correspondiente al &nbsp;4.\u00ba trimestre del 2023, puesto que fue presentada el 23 de enero de 2024.<\/p>\n\n\n\n<p><strong>22.-Se da cuenta al pleno de los informes de la Sindicatura de Comptes de Catalu\u00f1a, cumpliendo con la disposici\u00f3n adicional sexta de la Ley 26\/2009, de 23 de diciembre, de medidas fiscales, financieras y administrativas.<\/strong> Son dos informes:<\/p>\n\n\n\n<p>-El informe 36\/2023, relativo al seguimiento de las recomendaciones de los informes de la Cuenta general de las corporaciones locales, ejercicios 2004-2021.<\/p>\n\n\n\n<p>-El informe 29\/2023, relativo a la Cuenta general de las corporaciones locales, ejercicio 2021.<\/p>\n\n\n\n<p><strong>23.-Se da cuenta al pleno del Plan presupuestario a medio plazo (2025\/27)<\/strong><\/p>\n\n\n\n<p>Se da cuenta al Pleno del decreto de alcald\u00eda del 6 de marzo, de aprobaci\u00f3n del plan presupuestario a medio plazo para el periodo 2025\/27, seg\u00fan el Plan de mandato de este equipo de gobierno.<\/p>\n\n\n\n<p><strong>24.-Se da cuenta de la liquidaci\u00f3n del presupuesto del ejercicio 2023.<\/strong><\/p>\n\n\n\n<p>Se da cuenta del Decreto de alcald\u00eda del 28 de febrero, de la liquidaci\u00f3n del presupuesto del 2023.<\/p>\n\n\n\n<p>El resumen de la liquidaci\u00f3n es el siguiente:<\/p>\n\n\n\n<p>Permaneciendo de tesorer\u00eda para gastos generales: 2.564.136,17\u20ac<\/p>\n\n\n\n<p>Resultado presupuestario: 1.895.422,12\u20ac, que es super\u00e1vit presupuestario.<\/p>\n\n\n\n<p>Con informe favorable del control permanente.<\/p>\n\n\n\n<p>Se cumple con la ratio de deuda porque hay deuda cero; se cumple con la sostenibilidad financiera y no se cumple con la estabilidad presupuestaria ni la regla del gasto, a pesar de que son indicadores que no son de obligado cumplimiento.<\/p>\n\n\n\n<p><strong>RUEGOS Y PREGUNTAS.<\/strong><\/p>\n\n\n\n<p>Enlace al v\u00eddeo de la sesi\u00f3n: <a href=\"https:\/\/actes.bisbalpenedes.com\/session\/sessionDetail\/8a8080848acca6ef018e56e9c2f2007b\" target=\"_blank\" rel=\"noreferrer noopener\">https:\/\/actes.bisbalpenedes.com\/session\/sessionDetail\/8a8080848acca6ef018e56e9c2f2007b<\/a><\/p>\n","protected":false},"excerpt":{"rendered":"<p>Aquest dilluns 18 de mar\u00e7, a les 18h, s\u2019ha celebrat el Ple ordinari d\u2019aquest trimestre a l\u2019Ajuntament de la Bisbal del Pened\u00e8s. Hi ha assistit tots els membres del consistori &hellip; <a href=\"https:\/\/bisbalpenedes.com\/web\/2024\/03\/19\/aquest-dilluns-18-de-marc-sha-celebrat-el-ple-ordinari-daquest-trimestre-a-lajuntament-de-la-bisbal-del-penedes\/\" class=\"more-link\">Read More<\/a><\/p>\n","protected":false},"author":4,"featured_media":29585,"comment_status":"closed","ping_status":"closed","sticky":false,"template":"","format":"standard","meta":[],"categories":[8,2251,2250],"tags":[6539,305,393,6540,2210,139,249],"_links":{"self":[{"href":"https:\/\/bisbalpenedes.com\/web\/wp-json\/wp\/v2\/posts\/29584"}],"collection":[{"href":"https:\/\/bisbalpenedes.com\/web\/wp-json\/wp\/v2\/posts"}],"about":[{"href":"https:\/\/bisbalpenedes.com\/web\/wp-json\/wp\/v2\/types\/post"}],"author":[{"embeddable":true,"href":"https:\/\/bisbalpenedes.com\/web\/wp-json\/wp\/v2\/users\/4"}],"replies":[{"embeddable":true,"href":"https:\/\/bisbalpenedes.com\/web\/wp-json\/wp\/v2\/comments?post=29584"}],"version-history":[{"count":2,"href":"https:\/\/bisbalpenedes.com\/web\/wp-json\/wp\/v2\/posts\/29584\/revisions"}],"predecessor-version":[{"id":29596,"href":"https:\/\/bisbalpenedes.com\/web\/wp-json\/wp\/v2\/posts\/29584\/revisions\/29596"}],"wp:featuredmedia":[{"embeddable":true,"href":"https:\/\/bisbalpenedes.com\/web\/wp-json\/wp\/v2\/media\/29585"}],"wp:attachment":[{"href":"https:\/\/bisbalpenedes.com\/web\/wp-json\/wp\/v2\/media?parent=29584"}],"wp:term":[{"taxonomy":"category","embeddable":true,"href":"https:\/\/bisbalpenedes.com\/web\/wp-json\/wp\/v2\/categories?post=29584"},{"taxonomy":"post_tag","embeddable":true,"href":"https:\/\/bisbalpenedes.com\/web\/wp-json\/wp\/v2\/tags?post=29584"}],"curies":[{"name":"wp","href":"https:\/\/api.w.org\/{rel}","templated":true}]}}