{"id":29573,"date":"2024-03-19T14:38:56","date_gmt":"2024-03-19T12:38:56","guid":{"rendered":"https:\/\/bisbalpenedes.com\/web\/?p=29573"},"modified":"2024-03-21T07:59:05","modified_gmt":"2024-03-21T05:59:05","slug":"letapa-5-de-la-volta-ciclista-a-catalunya-passara-per-la-bisbal-del-penedes-aquest-divendres-22-de-marc","status":"publish","type":"post","link":"https:\/\/bisbalpenedes.com\/web\/2024\/03\/19\/letapa-5-de-la-volta-ciclista-a-catalunya-passara-per-la-bisbal-del-penedes-aquest-divendres-22-de-marc\/","title":{"rendered":"L&#8217;etapa 5 de la Volta Ciclista a Catalunya passar\u00e0 per la Bisbal del Pened\u00e8s aquest divendres 22 de mar\u00e7"},"content":{"rendered":"\n<p>El proper divendres 22 de mar\u00e7 la Volta Ciclista a Catalunya passar\u00e0 per la Bisbal del Pened\u00e8s.<\/p>\n\n\n\n<p>En principi, l&#8217;hora prevista del pas per la Bisbal del Pened\u00e8s \u00e9s sobre les 14:40h aprox. Tingueu en compte que, entre les 14:15h i les 15:15h, hi haur\u00e0 afectacions de tr\u00e0nsit des de la rotonda de l&#8217;Esplai\/Can Gordei\/La Masieta\/Santa Cristina fins a la rotonda de l&#8217;autopista.<\/p>\n\n\n\n<p>Aqu\u00ed podeu consultar l&#8217;horari previst: <a href=\"https:\/\/www.voltacatalunya.cat\/es\/etapa-5\" target=\"_blank\" rel=\"noreferrer noopener\">https:\/\/www.voltacatalunya.cat\/es\/etapa-5<\/a><\/p>\n\n\n\n<p>Us animem a venir a l&#8217;avinguda de la Generalitat a animar els ciclistes!<\/p>\n\n\n\n<hr class=\"wp-block-separator has-alpha-channel-opacity\"\/>\n\n\n\n<p>El pr\u00f3ximo viernes 22 de marzo la Volta Ciclista a Catalunya pasar\u00e1 por la Bisbal del Pened\u00e8s.<\/p>\n\n\n\n<p>En principio, la hora prevista del paso por la Bisbal es sobre las 14:40h aprox. Tened en cuenta que, entre las 14:15h y las 15:15h, habr\u00e1 afectaciones de tr\u00e1fico desde la rotonda del Esplai\/Can Gordei\/La Masieta\/Santa Cristina hasta la rotonda del autopista.<\/p>\n\n\n\n<p>Aqu\u00ed pod\u00e9is consultar el horario previsto: <\/p>\n\n\n\n<p>\u00a1Os animamoms a venir a la avenida de la Generalitat a animar a los ciclistas!<\/p>\n","protected":false},"excerpt":{"rendered":"<p>El proper divendres 22 de mar\u00e7 la Volta Ciclista a Catalunya passar\u00e0 per la Bisbal del Pened\u00e8s. En principi, l&#8217;hora prevista del pas per la Bisbal del Pened\u00e8s \u00e9s sobre &hellip; <a href=\"https:\/\/bisbalpenedes.com\/web\/2024\/03\/19\/letapa-5-de-la-volta-ciclista-a-catalunya-passara-per-la-bisbal-del-penedes-aquest-divendres-22-de-marc\/\" class=\"more-link\">Read More<\/a><\/p>\n","protected":false},"author":4,"featured_media":29574,"comment_status":"closed","ping_status":"closed","sticky":false,"template":"","format":"standard","meta":[],"categories":[19,8],"tags":[459,6538,393,1374,5158],"_links":{"self":[{"href":"https:\/\/bisbalpenedes.com\/web\/wp-json\/wp\/v2\/posts\/29573"}],"collection":[{"href":"https:\/\/bisbalpenedes.com\/web\/wp-json\/wp\/v2\/posts"}],"about":[{"href":"https:\/\/bisbalpenedes.com\/web\/wp-json\/wp\/v2\/types\/post"}],"author":[{"embeddable":true,"href":"https:\/\/bisbalpenedes.com\/web\/wp-json\/wp\/v2\/users\/4"}],"replies":[{"embeddable":true,"href":"https:\/\/bisbalpenedes.com\/web\/wp-json\/wp\/v2\/comments?post=29573"}],"version-history":[{"count":4,"href":"https:\/\/bisbalpenedes.com\/web\/wp-json\/wp\/v2\/posts\/29573\/revisions"}],"predecessor-version":[{"id":29598,"href":"https:\/\/bisbalpenedes.com\/web\/wp-json\/wp\/v2\/posts\/29573\/revisions\/29598"}],"wp:featuredmedia":[{"embeddable":true,"href":"https:\/\/bisbalpenedes.com\/web\/wp-json\/wp\/v2\/media\/29574"}],"wp:attachment":[{"href":"https:\/\/bisbalpenedes.com\/web\/wp-json\/wp\/v2\/media?parent=29573"}],"wp:term":[{"taxonomy":"category","embeddable":true,"href":"https:\/\/bisbalpenedes.com\/web\/wp-json\/wp\/v2\/categories?post=29573"},{"taxonomy":"post_tag","embeddable":true,"href":"https:\/\/bisbalpenedes.com\/web\/wp-json\/wp\/v2\/tags?post=29573"}],"curies":[{"name":"wp","href":"https:\/\/api.w.org\/{rel}","templated":true}]}}