{"id":29563,"date":"2024-03-18T12:42:46","date_gmt":"2024-03-18T10:42:46","guid":{"rendered":"https:\/\/bisbalpenedes.com\/web\/?p=29563"},"modified":"2024-04-03T16:38:02","modified_gmt":"2024-04-03T14:38:02","slug":"la-colla-castellera-de-la-bisbal-del-penedes-fara-la-diada-in-memoriam-el-7-dabril-i-tambe-fara-un-dinar-popular","status":"publish","type":"post","link":"https:\/\/bisbalpenedes.com\/web\/2024\/03\/18\/la-colla-castellera-de-la-bisbal-del-penedes-fara-la-diada-in-memoriam-el-7-dabril-i-tambe-fara-un-dinar-popular\/","title":{"rendered":"La Colla Castellera de la Bisbal del Pened\u00e8s far\u00e0 la diada &#8216;In memoriam&#8217; el 7 d&#8217;abril i tamb\u00e9 far\u00e0 un dinar popular"},"content":{"rendered":"\n<p>La Colla Castellera de la Bisbal del Pened\u00e8s ha organitzat la &#8216;Boutifarrada&#8217; per al diumenge 7 d&#8217;abril, en el marc de la diada &#8216;In Memoriam&#8217;.<\/p>\n\n\n\n<ul><li>A les 11h hi haur\u00e0 missa en record dels castellers a l&#8217;esgl\u00e9sia de Santa Maria de la Bisbal.<\/li><li>A les 12h del migdia se celebrar\u00e0 la diada en record dels castellers i les persones vinculades als castells que han marxat.<\/li><li>En acabar (a partir de les 13h) es far\u00e0 un dinar popular, amenitzat amb m\u00fasica i cava.<\/li><\/ul>\n\n\n\n<p>Els tiquets es poden adquirir fins al 22 de mar\u00e7 al Forn les Escales, a la Fruiteria Agro-Verd, a Cal Perebusquet i al Supermercat Jaume.<\/p>\n\n\n\n<p>Hi ha opci\u00f3 vegana i cel\u00edaca.<\/p>\n\n\n\n<hr class=\"wp-block-separator has-alpha-channel-opacity\"\/>\n\n\n\n<p><strong>CASTELLANO |<\/strong>&nbsp;La Colla Castellera de la Bisbal del Pened\u00e8s ha organizado la &#8216;Boutifarrada&#8217; para el domingo 7 de abril, en el marco ce la diada &#8216;In Memoriam&#8217;.<\/p>\n\n\n\n<ul><li>A las 11h, habr\u00e1 misa en recuerdo de los castellers en la iglesia de Santa Mar\u00eda de la Bisbal.<\/li><li>A las 12h del mediod\u00eda se celebrar\u00e1 la diada en recuerdo de los castellers y las personas vinculadas a los castells que ya no est\u00e1n con nosotros.<\/li><li>Al finalizar (a partir de las 13h) se har\u00e1 una comida popular, amenizada con m\u00fasica y cava.<\/li><\/ul>\n\n\n\n<p>Los tiques se pueden adquirir hasta el 22 de marzo en el Forn les Escales, en la Fruiteria Agro-Verd, en Cal Perebusquet y en el Supermercat Jaume.&nbsp;<\/p>\n\n\n\n<p>Hay opci\u00f3n vegana y cel\u00edaca.<\/p>\n","protected":false},"excerpt":{"rendered":"<p>La Colla Castellera de la Bisbal del Pened\u00e8s ha organitzat la &#8216;Boutifarrada&#8217; per al diumenge 7 d&#8217;abril, en el marc de la diada &#8216;In Memoriam&#8217;. A les 11h hi haur\u00e0 &hellip; <a href=\"https:\/\/bisbalpenedes.com\/web\/2024\/03\/18\/la-colla-castellera-de-la-bisbal-del-penedes-fara-la-diada-in-memoriam-el-7-dabril-i-tambe-fara-un-dinar-popular\/\" class=\"more-link\">Read More<\/a><\/p>\n","protected":false},"author":4,"featured_media":29564,"comment_status":"closed","ping_status":"closed","sticky":false,"template":"","format":"standard","meta":[],"categories":[2942,8],"tags":[459,378,6563,4302,105],"_links":{"self":[{"href":"https:\/\/bisbalpenedes.com\/web\/wp-json\/wp\/v2\/posts\/29563"}],"collection":[{"href":"https:\/\/bisbalpenedes.com\/web\/wp-json\/wp\/v2\/posts"}],"about":[{"href":"https:\/\/bisbalpenedes.com\/web\/wp-json\/wp\/v2\/types\/post"}],"author":[{"embeddable":true,"href":"https:\/\/bisbalpenedes.com\/web\/wp-json\/wp\/v2\/users\/4"}],"replies":[{"embeddable":true,"href":"https:\/\/bisbalpenedes.com\/web\/wp-json\/wp\/v2\/comments?post=29563"}],"version-history":[{"count":3,"href":"https:\/\/bisbalpenedes.com\/web\/wp-json\/wp\/v2\/posts\/29563\/revisions"}],"predecessor-version":[{"id":29729,"href":"https:\/\/bisbalpenedes.com\/web\/wp-json\/wp\/v2\/posts\/29563\/revisions\/29729"}],"wp:featuredmedia":[{"embeddable":true,"href":"https:\/\/bisbalpenedes.com\/web\/wp-json\/wp\/v2\/media\/29564"}],"wp:attachment":[{"href":"https:\/\/bisbalpenedes.com\/web\/wp-json\/wp\/v2\/media?parent=29563"}],"wp:term":[{"taxonomy":"category","embeddable":true,"href":"https:\/\/bisbalpenedes.com\/web\/wp-json\/wp\/v2\/categories?post=29563"},{"taxonomy":"post_tag","embeddable":true,"href":"https:\/\/bisbalpenedes.com\/web\/wp-json\/wp\/v2\/tags?post=29563"}],"curies":[{"name":"wp","href":"https:\/\/api.w.org\/{rel}","templated":true}]}}