{"id":29555,"date":"2024-03-17T15:36:29","date_gmt":"2024-03-17T13:36:29","guid":{"rendered":"https:\/\/bisbalpenedes.com\/web\/?p=29555"},"modified":"2024-03-17T15:41:24","modified_gmt":"2024-03-17T13:41:24","slug":"lalcaldessa-i-el-regidor-densenyament-han-acompanyat-els-alumnes-de-6e-a-la-gran-final-estatal-de-la-first-lego-league","status":"publish","type":"post","link":"https:\/\/bisbalpenedes.com\/web\/2024\/03\/17\/lalcaldessa-i-el-regidor-densenyament-han-acompanyat-els-alumnes-de-6e-a-la-gran-final-estatal-de-la-first-lego-league\/","title":{"rendered":"L&#8217;alcaldessa i el regidor d&#8217;Ensenyament han acompanyat els alumnes de 6\u00e8 a la gran final estatal de la First Lego League"},"content":{"rendered":"\n<p>L\u2019alcaldessa Agn\u00e8s Ferr\u00e9 i el regidor d&#8217;Ensenyament, Daniel Caballero, han acompanyat els alumnes de 6\u00e8 de l\u2019escola Ull de Vent de l\u2019equip \u201cRoboteatr\u00edfics\u201d a la gran final estatal de la First Lego League, que s\u2019ha celebrat aquest cap de setmana a Alacant.<br>Tant l\u2019alcaldessa com el regidor volen felicitar l\u2019alumnat, les fam\u00edlies i el professorat per la gran feina feta. En aquesta ocasi\u00f3 no us heu endut el premi, per\u00f2 s\u00ed una gran experi\u00e8ncia!\u00a0<br>Des d\u2019aqu\u00ed tamb\u00e9 volem fer una menci\u00f3 especial a la Bugaderia Neutral i la Serralleria Pere Porta que, juntament amb l\u2019Ajuntament de la Bisbal del Pened\u00e8s, han col\u00b7laborat perqu\u00e8 els membres de l&#8217;equip poguessin fer aquest viatge i comptessin amb un equipament de competici\u00f3 personalitzat.<\/p>\n\n\n\n<hr class=\"wp-block-separator has-alpha-channel-opacity\"\/>\n\n\n\n<p><strong>CASTELLANO |\u00a0<\/strong>La alcaldesa Agn\u00e8s Ferr\u00e9 y el concejal de Educaci\u00f3n, Daniel Caballero, han acompa\u00f1ado a los alumnos de 6\u00ba de la escuela Ull de Vent del equipo \u201cRoboteatr\u00edfics\u201d a la gran final estatal de la First Lego League, que se ha celebrado este fin de semana en Alicante.<br>Tanto la alcaldesa como el concejal quieren felicitar al alumnado, a las familias y al profesorado por el gran trabajo hecho. En esta ocasi\u00f3n no os hab\u00e9is llevado el premio, \u00a1Pero s\u00ed una gran experiencia!<br>Desde aqu\u00ed tambi\u00e9n queremos hacer una menci\u00f3n especial para la Bugaderia Neutral y la Serralleria Pere Porta que, junto con el Ajuntament de la Bisbal del Pened\u00e8s, han colaborado para que los miembros del equipo pudiesen hacer este viaje y contasen con una equipaci\u00f3n de competici\u00f3n personalizada.<\/p>\n","protected":false},"excerpt":{"rendered":"<p>L\u2019alcaldessa Agn\u00e8s Ferr\u00e9 i el regidor d&#8217;Ensenyament, Daniel Caballero, han acompanyat els alumnes de 6\u00e8 de l\u2019escola Ull de Vent de l\u2019equip \u201cRoboteatr\u00edfics\u201d a la gran final estatal de la &hellip; <a href=\"https:\/\/bisbalpenedes.com\/web\/2024\/03\/17\/lalcaldessa-i-el-regidor-densenyament-han-acompanyat-els-alumnes-de-6e-a-la-gran-final-estatal-de-la-first-lego-league\/\" class=\"more-link\">Read More<\/a><\/p>\n","protected":false},"author":4,"featured_media":29556,"comment_status":"closed","ping_status":"closed","sticky":false,"template":"","format":"standard","meta":[],"categories":[2057,3456,8],"tags":[6536,459,3721,337,6534,4545,393,1374,6537,6535],"_links":{"self":[{"href":"https:\/\/bisbalpenedes.com\/web\/wp-json\/wp\/v2\/posts\/29555"}],"collection":[{"href":"https:\/\/bisbalpenedes.com\/web\/wp-json\/wp\/v2\/posts"}],"about":[{"href":"https:\/\/bisbalpenedes.com\/web\/wp-json\/wp\/v2\/types\/post"}],"author":[{"embeddable":true,"href":"https:\/\/bisbalpenedes.com\/web\/wp-json\/wp\/v2\/users\/4"}],"replies":[{"embeddable":true,"href":"https:\/\/bisbalpenedes.com\/web\/wp-json\/wp\/v2\/comments?post=29555"}],"version-history":[{"count":2,"href":"https:\/\/bisbalpenedes.com\/web\/wp-json\/wp\/v2\/posts\/29555\/revisions"}],"predecessor-version":[{"id":29558,"href":"https:\/\/bisbalpenedes.com\/web\/wp-json\/wp\/v2\/posts\/29555\/revisions\/29558"}],"wp:featuredmedia":[{"embeddable":true,"href":"https:\/\/bisbalpenedes.com\/web\/wp-json\/wp\/v2\/media\/29556"}],"wp:attachment":[{"href":"https:\/\/bisbalpenedes.com\/web\/wp-json\/wp\/v2\/media?parent=29555"}],"wp:term":[{"taxonomy":"category","embeddable":true,"href":"https:\/\/bisbalpenedes.com\/web\/wp-json\/wp\/v2\/categories?post=29555"},{"taxonomy":"post_tag","embeddable":true,"href":"https:\/\/bisbalpenedes.com\/web\/wp-json\/wp\/v2\/tags?post=29555"}],"curies":[{"name":"wp","href":"https:\/\/api.w.org\/{rel}","templated":true}]}}