{"id":29542,"date":"2024-03-15T14:34:27","date_gmt":"2024-03-15T12:34:27","guid":{"rendered":"https:\/\/bisbalpenedes.com\/web\/?p=29542"},"modified":"2024-03-15T14:43:17","modified_gmt":"2024-03-15T12:43:17","slug":"es-publica-la-relacio-definitiva-dadmesos-i-exclosos-en-el-proces-selectiu-d1-placa-dinformador-a-de-carrer-per-concurs-de-merits","status":"publish","type":"post","link":"https:\/\/bisbalpenedes.com\/web\/2024\/03\/15\/es-publica-la-relacio-definitiva-dadmesos-i-exclosos-en-el-proces-selectiu-d1-placa-dinformador-a-de-carrer-per-concurs-de-merits\/","title":{"rendered":"S&#8217;ha publicat la relaci\u00f3 definitiva d\u2019admesos i exclosos en el proc\u00e9s selectiu d\u20191 pla\u00e7a d\u2019informador\/a de carrer per concurs de m\u00e8rits"},"content":{"rendered":"\n<p>L\u2019Ajuntament de la Bisbal del Pened\u00e8s us informa que s\u2019ha publicat la relaci\u00f3 definitiva d\u2019admesos i exclosos en el proc\u00e9s selectiu d\u20191 pla\u00e7a d\u2019informador\/a de carrer -per concurs de m\u00e8rits- en el marc del proc\u00e9s d\u2019estabilitzaci\u00f3 i s\u2019han fixat les dates per a les proves.<\/p>\n\n\n\n<p>En total, s\u2019hi van presentar 11 persones:<\/p>\n\n\n\n<ul><li>10 persones han quedat admeses definitivament<\/li><\/ul>\n\n\n\n<ul><li>1 persona ha quedat exclosa definitivament per no presentar la documentaci\u00f3 necess\u00e0ria per avaluar els requisits i m\u00e8rits de la pla\u00e7a<\/li><\/ul>\n\n\n\n<p>De les 10 persones admeses, 5 han de fer les proves de catal\u00e0 el divendres 5 d\u2019abril, a les 9h, al Centre Municipal de Cultura.<\/p>\n\n\n\n<p>Podeu consultar aqu\u00ed la relaci\u00f3 provisional d\u2019aspirants admesos i exclosos (que es va signar mitjan\u00e7ant Decret d\u2019alcaldia el 4 de mar\u00e7), que va sortir publicada al BOPT el dijous 14 de mar\u00e7: <a href=\"https:\/\/www.diputaciodetarragona.cat\/ebop\/index.php?op=dwn&amp;tipus=i&amp;data=20240314&amp;anyp=2024&amp;num=02070&amp;v=i\">https:\/\/www.diputaciodetarragona.cat\/ebop\/index.php?op=dwn&amp;tipus=i&amp;data=20240314&amp;anyp=2024&amp;num=02070&amp;v=i<\/a><\/p>\n\n\n\n<hr class=\"wp-block-separator has-alpha-channel-opacity\"\/>\n\n\n\n<p><strong>CASTELLANO |<\/strong> El Ajuntament de la Bisbal del Pened\u00e8s os informa de que se ha publicado la relaci\u00f3n definitiva de admitidos y excluidos en el proceso selectivo de 1 plaza de informador\/a de calle -por concurso de m\u00e9ritos- en el marco del proceso de estabilizaci\u00f3n y se han fijado las fechas para las pruebas.<\/p>\n\n\n\n<p>En total, se presentaron 11 personas:<\/p>\n\n\n\n<ul><li>10 personas han quedado admitidas definitivamente<\/li><\/ul>\n\n\n\n<ul><li>1 persona ha quedado excluida definitivamente por no presentar la documentaci\u00f3n necesaria para evaluar los requisitos y m\u00e9ritos de la plaza<\/li><\/ul>\n\n\n\n<p>De las 10 personas admitidas, 5 tienen que hacer las pruebas de catal\u00e1n el viernes 5 de abril, a las 9h, en el Centre Municipal de Cultura.<\/p>\n\n\n\n<p>Pod\u00e9is consultar aqu\u00ed la relaci\u00f3n provisional de aspirantes admitidos y excluidos (que se firm\u00f3 mediante Decreto de alcald\u00eda el 4 de marzo), que sali\u00f3 publicada en el BOPT el jueves 14 de marzo: <a href=\"https:\/\/www.diputaciodetarragona.cat\/ebop\/index.php?op=dwn&amp;tipus=i&amp;data=20240314&amp;anyp=2024&amp;num=02070&amp;v=i\">https:\/\/www.diputaciodetarragona.cat\/ebop\/index.php?op=dwn&amp;tipus=i&amp;data=20240314&amp;anyp=2024&amp;num=02070&amp;v=i<\/a><\/p>\n","protected":false},"excerpt":{"rendered":"<p>L\u2019Ajuntament de la Bisbal del Pened\u00e8s us informa que s\u2019ha publicat la relaci\u00f3 definitiva d\u2019admesos i exclosos en el proc\u00e9s selectiu d\u20191 pla\u00e7a d\u2019informador\/a de carrer -per concurs de m\u00e8rits- &hellip; <a href=\"https:\/\/bisbalpenedes.com\/web\/2024\/03\/15\/es-publica-la-relacio-definitiva-dadmesos-i-exclosos-en-el-proces-selectiu-d1-placa-dinformador-a-de-carrer-per-concurs-de-merits\/\" class=\"more-link\">Read More<\/a><\/p>\n","protected":false},"author":4,"featured_media":29543,"comment_status":"closed","ping_status":"closed","sticky":false,"template":"","format":"standard","meta":[],"categories":[2057,8],"tags":[5698,393,5372,1374,5964],"_links":{"self":[{"href":"https:\/\/bisbalpenedes.com\/web\/wp-json\/wp\/v2\/posts\/29542"}],"collection":[{"href":"https:\/\/bisbalpenedes.com\/web\/wp-json\/wp\/v2\/posts"}],"about":[{"href":"https:\/\/bisbalpenedes.com\/web\/wp-json\/wp\/v2\/types\/post"}],"author":[{"embeddable":true,"href":"https:\/\/bisbalpenedes.com\/web\/wp-json\/wp\/v2\/users\/4"}],"replies":[{"embeddable":true,"href":"https:\/\/bisbalpenedes.com\/web\/wp-json\/wp\/v2\/comments?post=29542"}],"version-history":[{"count":2,"href":"https:\/\/bisbalpenedes.com\/web\/wp-json\/wp\/v2\/posts\/29542\/revisions"}],"predecessor-version":[{"id":29547,"href":"https:\/\/bisbalpenedes.com\/web\/wp-json\/wp\/v2\/posts\/29542\/revisions\/29547"}],"wp:featuredmedia":[{"embeddable":true,"href":"https:\/\/bisbalpenedes.com\/web\/wp-json\/wp\/v2\/media\/29543"}],"wp:attachment":[{"href":"https:\/\/bisbalpenedes.com\/web\/wp-json\/wp\/v2\/media?parent=29542"}],"wp:term":[{"taxonomy":"category","embeddable":true,"href":"https:\/\/bisbalpenedes.com\/web\/wp-json\/wp\/v2\/categories?post=29542"},{"taxonomy":"post_tag","embeddable":true,"href":"https:\/\/bisbalpenedes.com\/web\/wp-json\/wp\/v2\/tags?post=29542"}],"curies":[{"name":"wp","href":"https:\/\/api.w.org\/{rel}","templated":true}]}}