{"id":29534,"date":"2024-03-15T14:31:01","date_gmt":"2024-03-15T12:31:01","guid":{"rendered":"https:\/\/bisbalpenedes.com\/web\/?p=29534"},"modified":"2024-03-15T14:42:57","modified_gmt":"2024-03-15T12:42:57","slug":"es-publica-la-relacio-definitiva-dadmesos-i-exclosos-en-el-proces-selectiu-d1-placa-doperari-aria-de-custodia-dedificis-esportius-i-culturals-per-concurs-de-merits","status":"publish","type":"post","link":"https:\/\/bisbalpenedes.com\/web\/2024\/03\/15\/es-publica-la-relacio-definitiva-dadmesos-i-exclosos-en-el-proces-selectiu-d1-placa-doperari-aria-de-custodia-dedificis-esportius-i-culturals-per-concurs-de-merits\/","title":{"rendered":"S&#8217;ha publicat la relaci\u00f3 definitiva d\u2019admesos i exclosos en el proc\u00e9s selectiu d\u20191 pla\u00e7a d\u2019operari\/\u00e0ria de cust\u00f2dia d\u2019edificis esportius i culturals, per concurs de m\u00e8rits"},"content":{"rendered":"\n<p>L\u2019Ajuntament de la Bisbal del Pened\u00e8s ha publicat la relaci\u00f3 definitiva d\u2019admesos i exclosos en el proc\u00e9s selectiu d\u20191 pla\u00e7a d\u2019operari\/\u00e0ria de cust\u00f2dia d\u2019edificis esportius i culturals -per concurs de m\u00e8rits- en el marc del proc\u00e9s d\u2019estabilitzaci\u00f3 i s\u2019han fixat les dates per a les proves.<\/p>\n\n\n\n<p>En total, s\u2019hi van presentar 13 persones i totes han quedat admeses definitivament.<\/p>\n\n\n\n<p>De les 13 persones admeses, 9 han de fer les proves de catal\u00e0 el divendres 5 d\u2019abril, a les 9h, al Centre Municipal de Cultura.<\/p>\n\n\n\n<p>Podeu consultar aqu\u00ed la relaci\u00f3 provisional d\u2019aspirants admesos i exclosos (que es va signar mitjan\u00e7ant Decret d\u2019alcaldia el 4 de mar\u00e7), que el dijous 14 de mar\u00e7 ha sortit publicada al BOPT: <a href=\"https:\/\/www.diputaciodetarragona.cat\/ebop\/index.php?op=dwn&amp;tipus=i&amp;data=20240314&amp;anyp=2024&amp;num=02074&amp;v=i\">https:\/\/www.diputaciodetarragona.cat\/ebop\/index.php?op=dwn&amp;tipus=i&amp;data=20240314&amp;anyp=2024&amp;num=02074&amp;v=i<\/a><\/p>\n\n\n\n<hr class=\"wp-block-separator has-alpha-channel-opacity\"\/>\n\n\n\n<p><strong>CASTELLANO |<\/strong> El Ajuntament de la Bisbal del Pened\u00e8s ha publicado la relaci\u00f3n definitiva de admitidos y excluidos en el proceso selectivo de 1 plaza de operario\/\u00e0ria de custodia de edificios deportivos y culturales -por concurso de m\u00e9ritos- en el marco del proceso de estabilizaci\u00f3n y se han fijado las fechas para las pruebas.<\/p>\n\n\n\n<p>En total, se presentaron 13 personas y todas han quedado admitidas definitivamente.<\/p>\n\n\n\n<p>De las 13 personas admitidas, 9 tienen que hacer las pruebas de catal\u00e1n el viernes 5 de abril, a las 9h, en el Centre Municipal de Cultura.<\/p>\n\n\n\n<p>Pod\u00e9is consultar aqu\u00ed la relaci\u00f3n provisional de aspirantes admitidos y excluidos (que se firm\u00f3 mediante Decreto de alcald\u00eda el 4 de marzo), que el jueves 14 de marzo ha salido publicada en el BOPT: <a href=\"https:\/\/www.diputaciodetarragona.cat\/ebop\/index.php?op=dwn&amp;tipus=i&amp;data=20240314&amp;anyp=2024&amp;num=02074&amp;v=i\">https:\/\/www.diputaciodetarragona.cat\/ebop\/index.php?op=dwn&amp;tipus=i&amp;data=20240314&amp;anyp=2024&amp;num=02074&amp;v=i<\/a><\/p>\n","protected":false},"excerpt":{"rendered":"<p>L\u2019Ajuntament de la Bisbal del Pened\u00e8s ha publicat la relaci\u00f3 definitiva d\u2019admesos i exclosos en el proc\u00e9s selectiu d\u20191 pla\u00e7a d\u2019operari\/\u00e0ria de cust\u00f2dia d\u2019edificis esportius i culturals -per concurs de &hellip; <a href=\"https:\/\/bisbalpenedes.com\/web\/2024\/03\/15\/es-publica-la-relacio-definitiva-dadmesos-i-exclosos-en-el-proces-selectiu-d1-placa-doperari-aria-de-custodia-dedificis-esportius-i-culturals-per-concurs-de-merits\/\" class=\"more-link\">Read More<\/a><\/p>\n","protected":false},"author":4,"featured_media":29540,"comment_status":"closed","ping_status":"closed","sticky":false,"template":"","format":"standard","meta":[],"categories":[2057,8],"tags":[2230,1252,459,6531,6532,2231,393,5372,6530],"_links":{"self":[{"href":"https:\/\/bisbalpenedes.com\/web\/wp-json\/wp\/v2\/posts\/29534"}],"collection":[{"href":"https:\/\/bisbalpenedes.com\/web\/wp-json\/wp\/v2\/posts"}],"about":[{"href":"https:\/\/bisbalpenedes.com\/web\/wp-json\/wp\/v2\/types\/post"}],"author":[{"embeddable":true,"href":"https:\/\/bisbalpenedes.com\/web\/wp-json\/wp\/v2\/users\/4"}],"replies":[{"embeddable":true,"href":"https:\/\/bisbalpenedes.com\/web\/wp-json\/wp\/v2\/comments?post=29534"}],"version-history":[{"count":3,"href":"https:\/\/bisbalpenedes.com\/web\/wp-json\/wp\/v2\/posts\/29534\/revisions"}],"predecessor-version":[{"id":29546,"href":"https:\/\/bisbalpenedes.com\/web\/wp-json\/wp\/v2\/posts\/29534\/revisions\/29546"}],"wp:featuredmedia":[{"embeddable":true,"href":"https:\/\/bisbalpenedes.com\/web\/wp-json\/wp\/v2\/media\/29540"}],"wp:attachment":[{"href":"https:\/\/bisbalpenedes.com\/web\/wp-json\/wp\/v2\/media?parent=29534"}],"wp:term":[{"taxonomy":"category","embeddable":true,"href":"https:\/\/bisbalpenedes.com\/web\/wp-json\/wp\/v2\/categories?post=29534"},{"taxonomy":"post_tag","embeddable":true,"href":"https:\/\/bisbalpenedes.com\/web\/wp-json\/wp\/v2\/tags?post=29534"}],"curies":[{"name":"wp","href":"https:\/\/api.w.org\/{rel}","templated":true}]}}