{"id":29517,"date":"2024-03-14T19:26:34","date_gmt":"2024-03-14T17:26:34","guid":{"rendered":"https:\/\/bisbalpenedes.com\/web\/?p=29517"},"modified":"2024-11-26T15:38:37","modified_gmt":"2024-11-26T13:38:37","slug":"canvi-dhorari-del-punt-verd-a-partir-daquesta-setmana-els-diumenges-estara-tancat","status":"publish","type":"post","link":"https:\/\/bisbalpenedes.com\/web\/2024\/03\/14\/canvi-dhorari-del-punt-verd-a-partir-daquesta-setmana-els-diumenges-estara-tancat\/","title":{"rendered":"Canvi d&#8217;horari del Punt Verd: a partir d&#8217;aquesta setmana els diumenges estar\u00e0 tancat"},"content":{"rendered":"\n<p>A partir d\u2019aquest cap de setmana, el Punt Verd estar\u00e0 obert de dilluns a dissabte, en l\u2019horari que us adjuntem. Els diumenges estar\u00e0 tancat.<\/p>\n\n\n\n<p>El regidor de Gesti\u00f3 de Residus, Daniel Caballero, ha explicat que \u201c\ud835\ude34\u2019\ud835\ude29\ud835\ude22 \ud835\ude29\ud835\ude22\ud835\ude28\ud835\ude36\ud835\ude35 \ud835\ude25\u2019\ud835\ude22\ud835\ude25\ud835\ude30\ud835\ude31\ud835\ude35\ud835\ude22\ud835\ude33 \ud835\ude22\ud835\ude32\ud835\ude36\ud835\ude26\ud835\ude34\ud835\ude35\ud835\ude22 \ud835\ude2e\ud835\ude26\ud835\ude34\ud835\ude36\ud835\ude33\ud835\ude22 \ud835\ude25\ud835\ude26 \ud835\ude35\ud835\ude22\ud835\ude2f\ud835\ude24\ud835\ude22\ud835\ude33 \ud835\ude26\ud835\ude2d\ud835\ude34 \ud835\ude25\ud835\ude2a\ud835\ude36\ud835\ude2e\ud835\ude26\ud835\ude2f\ud835\ude28\ud835\ude26\ud835\ude34 \ud835\ude31\ud835\ude26\ud835\ude33\ud835\ude32\ud835\ude36\u00e8 \ud835\ude29\ud835\ude2a \ud835\ude29\ud835\ude22 \ud835\ude29\ud835\ude22\ud835\ude28\ud835\ude36\ud835\ude35 \ud835\ude2a\ud835\ude2f\ud835\ude24\ud835\ude2a\ud835\ude37\ud835\ude2a\ud835\ude34\ud835\ude2e\ud835\ude26 \ud835\ude31\ud835\ude26\ud835\ude33 \ud835\ude31\ud835\ude22\ud835\ude33\ud835\ude35 \ud835\ude25\ud835\ude26 \ud835\ude25\ud835\ude2a\ud835\ude37\ud835\ude26\ud835\ude33\ud835\ude34\ud835\ude30\ud835\ude34 \ud835\ude36\ud835\ude34\ud835\ude36\ud835\ude22\ud835\ude33\ud835\ude2a\ud835\ude34 \ud835\ude32\ud835\ude36\ud835\ude26, \ud835\ude26\ud835\ude2f \ud835\ude22\ud835\ude2d\ud835\ude28\ud835\ude36\ud835\ude2f\ud835\ude34 \ud835\ude24\ud835\ude22\ud835\ude34\ud835\ude30\ud835\ude34 \ud835\ude2f\ud835\ude30 \ud835\ude29\ud835\ude22\ud835\ude2f \ud835\ude27\ud835\ude26\ud835\ude35 \ud835\ude23\u00e9 \ud835\ude26\ud835\ude2d \ud835\ude33\ud835\ude26\ud835\ude24\ud835\ude2a\ud835\ude24\ud835\ude2d\ud835\ude22\ud835\ude35\ud835\ude28\ud835\ude26 \ud835\ude2a, \ud835\ude26\ud835\ude2f \ud835\ude25\u2019\ud835\ude22\ud835\ude2d\ud835\ude35\ud835\ude33\ud835\ude26\ud835\ude34, \ud835\ude29\ud835\ude22\ud835\ude2f \ud835\ude27\ud835\ude26\ud835\ude35 \ud835\ude2e\ud835\ude22\ud835\ude2d\ud835\ude23\u00e9 \ud835\ude31\ud835\ude22\ud835\ude33\ud835\ude35 \ud835\ude25\ud835\ude26\ud835\ude2d\ud835\ude34 \ud835\ude26\ud835\ude32\ud835\ude36\ud835\ude2a\ud835\ude31\ud835\ude22\ud835\ude2e\ud835\ude26\ud835\ude2f\ud835\ude35\ud835\ude34. \ud835\ude0c\ud835\ude2f \ud835\ude35\ud835\ude22\ud835\ude2f \ud835\ude34\ud835\ude30\ud835\ude2d\ud835\ude34 \ud835\ude36\ud835\ude2f\ud835\ude22 \ud835\ude34\ud835\ude26\ud835\ude35\ud835\ude2e\ud835\ude22\ud835\ude2f\ud835\ude22 \ud835\ude34\u2019\ud835\ude29\ud835\ude22\ud835\ude2f \ud835\ude29\ud835\ude22\ud835\ude28\ud835\ude36\ud835\ude35 \ud835\ude25\ud835\ude26 \ud835\ude24\ud835\ude30\ud835\ude2e\ud835\ude31\ud835\ude33\ud835\ude22\ud835\ude33 \ud835\ude25\ud835\ude30\ud835\ude34 \ud835\ude2e\ud835\ude30\ud835\ude35\ud835\ude30\ud835\ude33\ud835\ude34 \ud835\ude31\ud835\ude26\ud835\ude33 \ud835\ude22 \ud835\ude2d\ud835\ude22 \ud835\ude31\ud835\ude30\ud835\ude33\ud835\ude35\ud835\ude22 \ud835\ude25\u2019\ud835\ude22\ud835\ude24\ud835\ude24\u00e9\ud835\ude34 \ud835\ude31\ud835\ude26\ud835\ude33 \ud835\ude2e\ud835\ude22\ud835\ude2d \u00fa\ud835\ude34 \ud835\ude2a \ud835\ude31\ud835\ude26\ud835\ude33 \ud835\ude37\ud835\ude22\ud835\ude2f\ud835\ude25\ud835\ude22\ud835\ude2d\ud835\ude2a\ud835\ude34\ud835\ude2e\ud835\ude26\u201d.<\/p>\n\n\n\n<p>Per tot plegat, a partir d\u2019aquesta setmana els diumenges no s\u2019hi podr\u00e0 accedir.<\/p>\n\n\n\n<p>Ubicaci\u00f3: cam\u00ed del Gosch<\/p>\n\n\n\n<iframe src=\"https:\/\/www.google.com\/maps\/embed?pb=!1m14!1m12!1m3!1d374.819442838338!2d1.488893583186167!3d41.27501226232298!2m3!1f0!2f0!3f0!3m2!1i1024!2i768!4f13.1!5e0!3m2!1sca!2ses!4v1732628248261!5m2!1sca!2ses\" width=\"600\" height=\"450\" style=\"border:0;\" allowfullscreen=\"\" loading=\"lazy\" referrerpolicy=\"no-referrer-when-downgrade\"><\/iframe>\n\n\n\n<hr class=\"wp-block-separator has-alpha-channel-opacity\"\/>\n\n\n\n<p><strong>CASTELLANO | <\/strong>A partir de este fin de semana, el Punt Verd estar\u00e1 abierto de lunes a s\u00e1bado, en el horario que os adjuntamos. Los domingos estar\u00e1 cerrado.<\/p>\n\n\n\n<p>El concejal de Gesti\u00f3n de Residuos, Daniel Caballero, ha explicado que \u201c\ud835\ude34\ud835\ude26 \ud835\ude29\ud835\ude22 \ud835\ude35\ud835\ude26\ud835\ude2f\ud835\ude2a\ud835\ude25\ud835\ude30 \ud835\ude32\ud835\ude36\ud835\ude26 \ud835\ude22\ud835\ude25\ud835\ude30\ud835\ude31\ud835\ude35\ud835\ude22\ud835\ude33 \ud835\ude26\ud835\ude34\ud835\ude35\ud835\ude22 \ud835\ude2e\ud835\ude26\ud835\ude25\ud835\ude2a\ud835\ude25\ud835\ude22 \ud835\ude25\ud835\ude26 \ud835\ude24\ud835\ude26\ud835\ude33\ud835\ude33\ud835\ude22\ud835\ude33 \ud835\ude2d\ud835\ude30\ud835\ude34 \ud835\ude25\ud835\ude30\ud835\ude2e\ud835\ude2a\ud835\ude2f\ud835\ude28\ud835\ude30\ud835\ude34 \ud835\ude31\ud835\ude30\ud835\ude33\ud835\ude32\ud835\ude36\ud835\ude26 \ud835\ude29\ud835\ude22 \ud835\ude29\ud835\ude22\ud835\ude23\ud835\ude2a\ud835\ude25\ud835\ude30 \ud835\ude2a\ud835\ude2f\ud835\ude24\ud835\ude2a\ud835\ude37\ud835\ude2a\ud835\ude34\ud835\ude2e\ud835\ude30 \ud835\ude31\ud835\ude30\ud835\ude33 \ud835\ude31\ud835\ude22\ud835\ude33\ud835\ude35\ud835\ude26 \ud835\ude25\ud835\ude26 \ud835\ude37\ud835\ude22\ud835\ude33\ud835\ude2a\ud835\ude30\ud835\ude34 \ud835\ude36\ud835\ude34\ud835\ude36\ud835\ude22\ud835\ude33\ud835\ude2a\ud835\ude30\ud835\ude34 \ud835\ude32\ud835\ude36\ud835\ude26, \ud835\ude26\ud835\ude2f \ud835\ude22\ud835\ude2d\ud835\ude28\ud835\ude36\ud835\ude2f\ud835\ude30\ud835\ude34 \ud835\ude24\ud835\ude22\ud835\ude34\ud835\ude30\ud835\ude34, \ud835\ude2f\ud835\ude30 \ud835\ude29\ud835\ude22\ud835\ude2f \ud835\ude29\ud835\ude26\ud835\ude24\ud835\ude29\ud835\ude30 \ud835\ude23\ud835\ude2a\ud835\ude26\ud835\ude2f \ud835\ude26\ud835\ude2d \ud835\ude33\ud835\ude26\ud835\ude24\ud835\ude2a\ud835\ude24\ud835\ude2d\ud835\ude22\ud835\ude2b\ud835\ude26 \ud835\ude3a, \ud835\ude26\ud835\ude2f \ud835\ude30\ud835\ude35\ud835\ude33\ud835\ude30\ud835\ude34, \ud835\ude29\ud835\ude22\ud835\ude2f \ud835\ude24\ud835\ude22\ud835\ude36\ud835\ude34\ud835\ude22\ud835\ude25\ud835\ude30 \ud835\ude25\ud835\ude22\u00f1\ud835\ude30\ud835\ude34 \ud835\ude26\ud835\ude2f \ud835\ude2d\ud835\ude30\ud835\ude34 \ud835\ude26\ud835\ude32\ud835\ude36\ud835\ude2a\ud835\ude31\ud835\ude22\ud835\ude2e\ud835\ude2a\ud835\ude26\ud835\ude2f\ud835\ude35\ud835\ude30\ud835\ude34. \ud835\ude0c\ud835\ude2f \ud835\ude35\ud835\ude22\ud835\ude2d \ud835\ude34\ud835\ude30\ud835\ude2d\ud835\ude30 \ud835\ude36\ud835\ude2f\ud835\ude22 \ud835\ude34\ud835\ude26\ud835\ude2e\ud835\ude22\ud835\ude2f\ud835\ude22 \ud835\ude34\ud835\ude26 \ud835\ude29\ud835\ude22\ud835\ude2f \ud835\ude35\ud835\ude26\ud835\ude2f\ud835\ude2a\ud835\ude25\ud835\ude30 \ud835\ude32\ud835\ude36\ud835\ude26 \ud835\ude24\ud835\ude30\ud835\ude2e\ud835\ude31\ud835\ude33\ud835\ude22\ud835\ude33 \ud835\ude25\ud835\ude30\ud835\ude34 \ud835\ude2e\ud835\ude30\ud835\ude35\ud835\ude30\ud835\ude33\ud835\ude26\ud835\ude34 \ud835\ude31\ud835\ude22\ud835\ude33\ud835\ude22 \ud835\ude2d\ud835\ude22 \ud835\ude31\ud835\ude36\ud835\ude26\ud835\ude33\ud835\ude35\ud835\ude22 \ud835\ude25\ud835\ude26 \ud835\ude22\ud835\ude24\ud835\ude24\ud835\ude26\ud835\ude34\ud835\ude30 \ud835\ude31\ud835\ude30\ud835\ude33 \ud835\ude2e\ud835\ude22\ud835\ude2d \ud835\ude36\ud835\ude34\ud835\ude30 \ud835\ude3a \ud835\ude31\ud835\ude30\ud835\ude33 \ud835\ude37\ud835\ude22\ud835\ude2f\ud835\ude25\ud835\ude22\ud835\ude2d\ud835\ude2a\ud835\ude34\ud835\ude2e\ud835\ude30\u201d.<\/p>\n\n\n\n<p>Por todo ello, a partir de esta semana los domingos no se podr\u00e1 acceder al recinto.<\/p>\n\n\n\n<p>Ubicaci\u00f3n: Cam\u00ed del Gosch<\/p>\n\n\n\n<iframe src=\"https:\/\/www.google.com\/maps\/embed?pb=!1m14!1m12!1m3!1d374.819442838338!2d1.488893583186167!3d41.27501226232298!2m3!1f0!2f0!3f0!3m2!1i1024!2i768!4f13.1!5e0!3m2!1sca!2ses!4v1732628248261!5m2!1sca!2ses\" width=\"600\" height=\"450\" style=\"border:0;\" allowfullscreen=\"\" loading=\"lazy\" referrerpolicy=\"no-referrer-when-downgrade\"><\/iframe>\n","protected":false},"excerpt":{"rendered":"<p>A partir d\u2019aquest cap de setmana, el Punt Verd estar\u00e0 obert de dilluns a dissabte, en l\u2019horari que us adjuntem. Els diumenges estar\u00e0 tancat. El regidor de Gesti\u00f3 de Residus, &hellip; <a href=\"https:\/\/bisbalpenedes.com\/web\/2024\/03\/14\/canvi-dhorari-del-punt-verd-a-partir-daquesta-setmana-els-diumenges-estara-tancat\/\" class=\"more-link\">Read More<\/a><\/p>\n","protected":false},"author":4,"featured_media":29518,"comment_status":"closed","ping_status":"closed","sticky":false,"template":"","format":"standard","meta":[],"categories":[3215,8],"tags":[459,629,784,393,92],"_links":{"self":[{"href":"https:\/\/bisbalpenedes.com\/web\/wp-json\/wp\/v2\/posts\/29517"}],"collection":[{"href":"https:\/\/bisbalpenedes.com\/web\/wp-json\/wp\/v2\/posts"}],"about":[{"href":"https:\/\/bisbalpenedes.com\/web\/wp-json\/wp\/v2\/types\/post"}],"author":[{"embeddable":true,"href":"https:\/\/bisbalpenedes.com\/web\/wp-json\/wp\/v2\/users\/4"}],"replies":[{"embeddable":true,"href":"https:\/\/bisbalpenedes.com\/web\/wp-json\/wp\/v2\/comments?post=29517"}],"version-history":[{"count":3,"href":"https:\/\/bisbalpenedes.com\/web\/wp-json\/wp\/v2\/posts\/29517\/revisions"}],"predecessor-version":[{"id":32393,"href":"https:\/\/bisbalpenedes.com\/web\/wp-json\/wp\/v2\/posts\/29517\/revisions\/32393"}],"wp:featuredmedia":[{"embeddable":true,"href":"https:\/\/bisbalpenedes.com\/web\/wp-json\/wp\/v2\/media\/29518"}],"wp:attachment":[{"href":"https:\/\/bisbalpenedes.com\/web\/wp-json\/wp\/v2\/media?parent=29517"}],"wp:term":[{"taxonomy":"category","embeddable":true,"href":"https:\/\/bisbalpenedes.com\/web\/wp-json\/wp\/v2\/categories?post=29517"},{"taxonomy":"post_tag","embeddable":true,"href":"https:\/\/bisbalpenedes.com\/web\/wp-json\/wp\/v2\/tags?post=29517"}],"curies":[{"name":"wp","href":"https:\/\/api.w.org\/{rel}","templated":true}]}}