{"id":2951,"date":"2017-08-01T00:11:02","date_gmt":"2017-07-31T18:11:02","guid":{"rendered":"http:\/\/bisbalpenedes.com\/web\/?p=2951"},"modified":"2017-08-01T00:11:02","modified_gmt":"2017-07-31T18:11:02","slug":"saprova-inicialment-el-projecte-dobra-basic-i-executiu-del-centre-civic-de-la-miralba-lestudi-geotecnic-i-lestudi-basic-de-seguretat-i-salut","status":"publish","type":"post","link":"https:\/\/bisbalpenedes.com\/web\/2017\/08\/01\/saprova-inicialment-el-projecte-dobra-basic-i-executiu-del-centre-civic-de-la-miralba-lestudi-geotecnic-i-lestudi-basic-de-seguretat-i-salut\/","title":{"rendered":"S&#8217;aprova inicialment el projecte d&#8217;obra b\u00e0sic i executiu del Centre C\u00edvic de La Miralba, l&#8217;estudi geot\u00e8cnic i l&#8217;estudi b\u00e0sic de Seguretat i Salut"},"content":{"rendered":"<p><a href=\"http:\/\/bisbalpenedes.com\/web\/wp-content\/uploads\/2017\/03\/miralba1-300x2251.jpg\"><img loading=\"lazy\" class=\"aligncenter size-full wp-image-2122\" title=\"miralba1-300x225\" src=\"http:\/\/bisbalpenedes.com\/web\/wp-content\/uploads\/2017\/03\/miralba1-300x2251.jpg\" alt=\"\" width=\"300\" height=\"225\" \/><\/a><\/p>\n<p>Les regidories de Barris i Urbanisme informen que la Junta de Govern Local del passat divendres 28 de juliol va aprovar, inicialment, el projecte d\u2019obra b\u00e0sic i executiu del Centre C\u00edvic de La Miralba, l\u2019estudi geot\u00e8cnic i l\u2019estudi b\u00e0sic de Seguretat i Salut.<\/p>\n<p>El cost de total del projecte ser\u00e0 de 197.831,53\u20ac m\u00e9s IVA (21%), \u00e9s a dir, 239.376,15\u20ac.<\/p>\n<p>Ara l\u2019Ajuntament ha enviat aquesta aprovaci\u00f3 perqu\u00e8 sigui publicada al Butllet\u00ed Oficial de la Prov\u00edncia (BOP) i haur\u00e0 d\u2019estar en exposici\u00f3 p\u00fablica durant 30 dies h\u00e0bils des de la seva publicaci\u00f3. Passat aquest per\u00edode, si no hi ha hagut cap al\u00b7legaci\u00f3, s\u2019aprovar\u00e0 definitivament i la Diputaci\u00f3 de Tarragona haur\u00e0 d\u2019aprovar la sol\u00b7licitud de la subvenci\u00f3 del PAM (Pla d\u2019Acci\u00f3 Municipal) 2017 per poder licitar les obres.<\/p>\n<p>Es calcula que la resoluci\u00f3 de la subvenci\u00f3 tingui lloc a finals del 2017 i \u00e9s per aix\u00f2 que es preveu que l\u2019obra es podr\u00e0 executar durant el 2018.<\/p>\n","protected":false},"excerpt":{"rendered":"<p>Les regidories de Barris i Urbanisme informen que la Junta de Govern Local del passat divendres 28 de juliol va aprovar, inicialment, el projecte d\u2019obra b\u00e0sic i executiu del Centre &hellip; <a href=\"https:\/\/bisbalpenedes.com\/web\/2017\/08\/01\/saprova-inicialment-el-projecte-dobra-basic-i-executiu-del-centre-civic-de-la-miralba-lestudi-geotecnic-i-lestudi-basic-de-seguretat-i-salut\/\" class=\"more-link\">Read More<\/a><\/p>\n","protected":false},"author":4,"featured_media":2122,"comment_status":"closed","ping_status":"closed","sticky":false,"template":"","format":"standard","meta":[],"categories":[4,15],"tags":[685,77,687,100,686,246,247,484,199],"_links":{"self":[{"href":"https:\/\/bisbalpenedes.com\/web\/wp-json\/wp\/v2\/posts\/2951"}],"collection":[{"href":"https:\/\/bisbalpenedes.com\/web\/wp-json\/wp\/v2\/posts"}],"about":[{"href":"https:\/\/bisbalpenedes.com\/web\/wp-json\/wp\/v2\/types\/post"}],"author":[{"embeddable":true,"href":"https:\/\/bisbalpenedes.com\/web\/wp-json\/wp\/v2\/users\/4"}],"replies":[{"embeddable":true,"href":"https:\/\/bisbalpenedes.com\/web\/wp-json\/wp\/v2\/comments?post=2951"}],"version-history":[{"count":4,"href":"https:\/\/bisbalpenedes.com\/web\/wp-json\/wp\/v2\/posts\/2951\/revisions"}],"predecessor-version":[{"id":2992,"href":"https:\/\/bisbalpenedes.com\/web\/wp-json\/wp\/v2\/posts\/2951\/revisions\/2992"}],"wp:featuredmedia":[{"embeddable":true,"href":"https:\/\/bisbalpenedes.com\/web\/wp-json\/wp\/v2\/media\/2122"}],"wp:attachment":[{"href":"https:\/\/bisbalpenedes.com\/web\/wp-json\/wp\/v2\/media?parent=2951"}],"wp:term":[{"taxonomy":"category","embeddable":true,"href":"https:\/\/bisbalpenedes.com\/web\/wp-json\/wp\/v2\/categories?post=2951"},{"taxonomy":"post_tag","embeddable":true,"href":"https:\/\/bisbalpenedes.com\/web\/wp-json\/wp\/v2\/tags?post=2951"}],"curies":[{"name":"wp","href":"https:\/\/api.w.org\/{rel}","templated":true}]}}