{"id":29500,"date":"2024-03-14T13:28:36","date_gmt":"2024-03-14T11:28:36","guid":{"rendered":"https:\/\/bisbalpenedes.com\/web\/?p=29500"},"modified":"2024-03-14T13:34:15","modified_gmt":"2024-03-14T11:34:15","slug":"aquest-dimecres-sha-presentat-la-transhumant-2024-al-davant-a-la-bisbal-del-penedes","status":"publish","type":"post","link":"https:\/\/bisbalpenedes.com\/web\/2024\/03\/14\/aquest-dimecres-sha-presentat-la-transhumant-2024-al-davant-a-la-bisbal-del-penedes\/","title":{"rendered":"Aquest dimecres s\u2019ha presentat la Transhumant 2024 a la Bisbal del Pened\u00e8s"},"content":{"rendered":"\n<p>Aquest dimecres al migdia s\u2019ha presentat la Transhumant 2024 al davant del mural de la Transhum\u00e0ncia de la Bisbal del Pened\u00e8s. La Transhumant \u00e9s una caminada pels camins ramaders del Pened\u00e8s que es far\u00e0 el dia 1 de maig i que comptar\u00e0 amb una degustaci\u00f3 de productes i de gastronomia del territori. Enguany, la ruta es far\u00e0 sense ramat, i es podr\u00e0 triar entre tres recorreguts al Baix Pened\u00e8s, tots ells amb sortida des de la Bisbal:<\/p>\n\n\n\n<p><strong>-Transhumant curta: 7,5 km<\/strong><\/p>\n\n\n\n<p>La Bisbal del Pened\u00e8s-Masarbon\u00e8s (amb tornada amb mitjans propis).<\/p>\n\n\n\n<ul><li>Esmorzar a Masarbon\u00e8s<\/li><li>Visita guiada i tast d\u2019oli a les oliveres Toclum<\/li><li>Dinar a la Bisbal del Pened\u00e8s amb productes i cuina del territori<\/li><li>Samarreta commemorativa de regal<br><\/li><\/ul>\n\n\n\n<p><strong>-Transhumant mitja: 15 km<\/strong><\/p>\n\n\n\n<p>La Bisbal del Pened\u00e8s-Masarbon\u00e8s-La Bisbal<\/p>\n\n\n\n<ul><li>Esmorzar a Masarbon\u00e8s<\/li><li>Visita guiada i tast d\u2019oli a les oliveres de Torclum<\/li><li>Dinar a la Bisbal del Pened\u00e8s amb productes i cuina del territori<\/li><li>Samarreta commemorativa de regal<br><\/li><\/ul>\n\n\n\n<p><strong>-Transhumant llarga: 24 km<\/strong><\/p>\n\n\n\n<p>La Bisbal-Plans by SICUS (Bonastre)- La Bisbal<\/p>\n\n\n\n<ul><li>Avituallament l\u00edquid al km 7<\/li><li>Esmorzar a Plans by SICUS<\/li><li>Avituallament l\u00edquid al km 15<\/li><li>Dinar a la Bisbal del Pened\u00e8s amb productes i cuina del territori<\/li><li>Samarreta commemorativa de regal<br><\/li><\/ul>\n\n\n\n<p><strong>-Opci\u00f3 Gastron\u00f2mica<\/strong><\/p>\n\n\n\n<ul><li>Visita i degustaci\u00f3 a les oliveres Torclum<\/li><li>Dinar a la Bisbal del Pened\u00e8s amb productes i cuina del territori<\/li><li>Samarreta commemorativa<br><\/li><\/ul>\n\n\n\n<p>La regidora de Turisme, Judith Vidal, ha donat la benvinguda als i les assistents, ha explicat que <em>\u201c\u00e9s un honor presentar la Transhumant a la Bisbal\u201d<\/em> i ha animat els assistents a participar-hi, ja que enguany la sortida acaba al nostre municipi amb un dinar <em>\u201cmolt complet, ja que la caminada \u00e9s l\u2019excusa per gaudir d\u2019un bon \u00e0pat\u201d.<\/em><\/p>\n\n\n\n<p>L\u2019organitzador de l\u2019esdeveniment, Ramon Prat, ha explicat que <em>\u201cenguany no hi haur\u00e0 ramat perqu\u00e8 hi ha molts problemes en el m\u00f3n de la ramaderia i, a m\u00e9s, el Salvador -que ja ens va acompanyar temps enrere- ha estat molt malalt i no hem pogut comptar amb ell\u201d. <\/em>Quant a l&#8217;excursi\u00f3, ha explicat que <em>\u201c\u00e9s una sortida tur\u00edstica que inclou la caminada i la nostra realitat gastron\u00f2mica\u201d.<\/em><\/p>\n\n\n\n<p>Per la seva banda, l\u2019alcalde de Maslloren\u00e7, Joan Mir\u00f3, ha explicat que <em>\u201cli va semblar molt b\u00e9 la iniciativa i que, per aix\u00f2, de seguida s\u2019hi va animar a participar-hi\u201d<\/em> i, tot seguit, <em>\u201cha animat als participants a fer la sortida i con\u00e8ixer Masarbon\u00e8s\u201d.<\/em><\/p>\n\n\n\n<p>L\u2019alcaldessa de la Bisbal del Pened\u00e8s, Agn\u00e8s Ferr\u00e9, ha dit que <em>\u201cper con\u00e8ixer i estimar el territori el millor que podem fer \u00e9s caminar\u201d<\/em> i ha afegit que <em>\u201camb aquesta sortida tamb\u00e9 fem un homenatge als pastors de la Bisbal i ho acompanyem amb gastronomia. Amb aquesta excursi\u00f3 coneixerem els enlla\u00e7os entre els diferents municipis i els racons, brindant amb vins i caves de Cellers Domenys i gaudint de la nostra gastronomia\u201d.<\/em><\/p>\n\n\n\n<p>En acabar els parlaments, els assistents han pogut degustar formatge Marvall amb melmelada d\u2019oli d\u2019oliva Torclum i vi i cava de Cellers Domenys.<\/p>\n\n\n\n<p><em>Les inscripcions es poden fer a l\u2019enlla\u00e7: <\/em><a href=\"https:\/\/www.inscripcions.cat\/transhumant2024\"><em>https:\/\/www.inscripcions.cat\/transhumant2024<\/em><\/a><\/p>\n\n\n\n<hr class=\"wp-block-separator has-alpha-channel-opacity\"\/>\n\n\n\n<p><strong>CASTELLANO |<\/strong> Este mi\u00e9rcoles a mediod\u00eda se ha presentado la Transhumant 2024 delante del mural de la Trashumancia de la Bisbal del Pened\u00e8s. La Trashumant es una caminada por caminos ganaderos del Pened\u00e8s que se har\u00e1 el d\u00eda 1 de mayo y que contar\u00e1 con una degustaci\u00f3n de productos y de gastronom\u00eda del territorio. Este a\u00f1o, la ruta se har\u00e1 sin reba\u00f1o, y se podr\u00e1 elegir entre tres recorridos en el Baix Pened\u00e8s, todos ellos con salida desde la Bisbal:<\/p>\n\n\n\n<p><strong>-Transhumant corta: 7,5 km<\/strong><\/p>\n\n\n\n<p>La Bisbal del Pened\u00e8s-Masarbon\u00e8s (con retorno con coche por medios propios).<\/p>\n\n\n\n<ul><li>Almuerzo en Masarbon\u00e8s<\/li><li>Visita guiada y cata de aceite de los olivos Torclum<\/li><li>Comida en la Bisbal del Pened\u00e8s con productos y cocina del territorio<\/li><li>Camiseta conmemorativa de regalo<br><\/li><\/ul>\n\n\n\n<p><strong>-Transhumant media: 15 km<\/strong><\/p>\n\n\n\n<ul><li>Almuerzo en Masarbon\u00e8s<\/li><li>Visita guiada y cada de aceite de los olivos Torclum<\/li><li>Comida en la Bisbal del Pened\u00e8s con productos y cocina del territorio<\/li><li>Camiseta conmemorativa de regalo<br><\/li><\/ul>\n\n\n\n<p><strong>-Transumant larga: 24 km<\/strong><\/p>\n\n\n\n<p>La Bisbal-Plans by SICUS (Bonastre)-La Bisbal<\/p>\n\n\n\n<ul><li>Avituallamiento l\u00edquido en el km 7<\/li><li>Almuerzo en Plans by SICUS<\/li><li>Avituallamiento l\u00edquido en el km 15<\/li><li>Comida en la Bisbal del Pened\u00e8s con productos y cocina del territorio<\/li><li>Camiseta conmemorativa de regalo<br><\/li><\/ul>\n\n\n\n<p><strong>-Opci\u00f3n gastron\u00f3mica<\/strong><\/p>\n\n\n\n<ul><li>Visita y degustaci\u00f3n en los olivos Torclum<\/li><li>Comida en la Bisbal del Pened\u00e8s con productos y cocina del territorio<\/li><li>Camiseta conmemorativa<\/li><\/ul>\n\n\n\n<p>La concejala de Turismo, Judith Vidal, ha dado la bienvenida a los y las asistentes, ha explicado que &#8220;es un honor presentar la Transhumant en la Bisbal&#8221; y ha animado a los asistentes a participar en ella, ya que este a\u00f1o la salida termina en nuestro municipio con una comida &#8220;muy completa, ya que la caminata es la excusa para disfrutar de un buen fest\u00edn&#8221;.<\/p>\n\n\n\n<p>El organizador del evento, Ramon Prat, ha explicado que &#8220;este a\u00f1o no habr\u00e1 reba\u00f1o porque hay muchos problemas en el mundo de la ganader\u00eda y, adem\u00e1s, Salvador -que ya nos acompa\u00f1\u00f3 tiempo atr\u00e1s- ha estado muy enfermo y no hemos podido contar con \u00e9l&#8221;. En cuanto a la caminata, ha explicado que &#8220;es una salida tur\u00edstica que incluye la caminata y nuestra realidad gastron\u00f3mica&#8221;.<\/p>\n\n\n\n<p>Por su parte, el alcalde de Maslloren\u00e7, Joan Mir\u00f3, ha explicado que &#8220;le pareci\u00f3 muy bien la iniciativa y que, por este motivo, enseguida se anim\u00f3 a participar en la misma&#8221; y, a continuaci\u00f3n, ha animado a los participantes a hacer la salida i conocer Masarbon\u00e8s.<\/p>\n\n\n\n<p>La alcaldesa de la Bisbal del Pened\u00e8s, Agn\u00e8s Ferr\u00e9, ha dicho que &#8220;para conocer y querer el territorio lo mejor que podemos hacer es caminar&#8221; y ha a\u00f1adido que &#8220;con esta salida tambi\u00e9n hacemos un homenaje a los pastores de la Bisbal y lo acompa\u00f1amos con gastronom\u00eda. Con esta excursi\u00f3n conoceremos los enlaces entre los distintos municipios y los rincones, brindando con vinos y cavas de Cellers Domenys y disfrutando de nuestra gastronom\u00eda&#8221;.<\/p>\n\n\n\n<p>Al finalizar los parlamentos, los asistentes han podido degustar queso Marvall con mermelada de aceite de oliva Torclum y vino y cava de Cellers Domenys.<\/p>\n\n\n\n<figure class=\"wp-block-image size-large\"><img loading=\"lazy\" width=\"1024\" height=\"718\" src=\"https:\/\/bisbalpenedes.com\/web\/wp-content\/uploads\/2024\/03\/MG_3355-a-mida-gran-1024x718.jpeg\" alt=\"\" class=\"wp-image-29502\" srcset=\"https:\/\/bisbalpenedes.com\/web\/wp-content\/uploads\/2024\/03\/MG_3355-a-mida-gran-1024x718.jpeg 1024w, https:\/\/bisbalpenedes.com\/web\/wp-content\/uploads\/2024\/03\/MG_3355-a-mida-gran-300x210.jpeg 300w, https:\/\/bisbalpenedes.com\/web\/wp-content\/uploads\/2024\/03\/MG_3355-a-mida-gran-768x539.jpeg 768w, https:\/\/bisbalpenedes.com\/web\/wp-content\/uploads\/2024\/03\/MG_3355-a-mida-gran-600x421.jpeg 600w, https:\/\/bisbalpenedes.com\/web\/wp-content\/uploads\/2024\/03\/MG_3355-a-mida-gran.jpeg 1280w\" sizes=\"(max-width: 1024px) 100vw, 1024px\" \/><\/figure>\n\n\n\n<figure class=\"wp-block-image size-large\"><img loading=\"lazy\" width=\"1024\" height=\"682\" src=\"https:\/\/bisbalpenedes.com\/web\/wp-content\/uploads\/2024\/03\/IMG_3393-a-mida-gran-1024x682.jpeg\" alt=\"\" class=\"wp-image-29503\" srcset=\"https:\/\/bisbalpenedes.com\/web\/wp-content\/uploads\/2024\/03\/IMG_3393-a-mida-gran-1024x682.jpeg 1024w, https:\/\/bisbalpenedes.com\/web\/wp-content\/uploads\/2024\/03\/IMG_3393-a-mida-gran-300x200.jpeg 300w, https:\/\/bisbalpenedes.com\/web\/wp-content\/uploads\/2024\/03\/IMG_3393-a-mida-gran-768x512.jpeg 768w, https:\/\/bisbalpenedes.com\/web\/wp-content\/uploads\/2024\/03\/IMG_3393-a-mida-gran-600x400.jpeg 600w, https:\/\/bisbalpenedes.com\/web\/wp-content\/uploads\/2024\/03\/IMG_3393-a-mida-gran.jpeg 1280w\" sizes=\"(max-width: 1024px) 100vw, 1024px\" \/><\/figure>\n\n\n\n<figure class=\"wp-block-image size-large\"><img loading=\"lazy\" width=\"1024\" height=\"682\" src=\"https:\/\/bisbalpenedes.com\/web\/wp-content\/uploads\/2024\/03\/IMG_3395-a-mida-gran-1024x682.jpeg\" alt=\"\" class=\"wp-image-29504\" srcset=\"https:\/\/bisbalpenedes.com\/web\/wp-content\/uploads\/2024\/03\/IMG_3395-a-mida-gran-1024x682.jpeg 1024w, https:\/\/bisbalpenedes.com\/web\/wp-content\/uploads\/2024\/03\/IMG_3395-a-mida-gran-300x200.jpeg 300w, https:\/\/bisbalpenedes.com\/web\/wp-content\/uploads\/2024\/03\/IMG_3395-a-mida-gran-768x512.jpeg 768w, https:\/\/bisbalpenedes.com\/web\/wp-content\/uploads\/2024\/03\/IMG_3395-a-mida-gran-600x400.jpeg 600w, https:\/\/bisbalpenedes.com\/web\/wp-content\/uploads\/2024\/03\/IMG_3395-a-mida-gran.jpeg 1280w\" sizes=\"(max-width: 1024px) 100vw, 1024px\" \/><\/figure>\n","protected":false},"excerpt":{"rendered":"<p>Aquest dimecres al migdia s\u2019ha presentat la Transhumant 2024 al davant del mural de la Transhum\u00e0ncia de la Bisbal del Pened\u00e8s. La Transhumant \u00e9s una caminada pels camins ramaders del &hellip; <a href=\"https:\/\/bisbalpenedes.com\/web\/2024\/03\/14\/aquest-dimecres-sha-presentat-la-transhumant-2024-al-davant-a-la-bisbal-del-penedes\/\" class=\"more-link\">Read More<\/a><\/p>\n","protected":false},"author":4,"featured_media":29505,"comment_status":"closed","ping_status":"closed","sticky":false,"template":"","format":"standard","meta":[],"categories":[8,4878],"tags":[459,1723,1888,5708],"_links":{"self":[{"href":"https:\/\/bisbalpenedes.com\/web\/wp-json\/wp\/v2\/posts\/29500"}],"collection":[{"href":"https:\/\/bisbalpenedes.com\/web\/wp-json\/wp\/v2\/posts"}],"about":[{"href":"https:\/\/bisbalpenedes.com\/web\/wp-json\/wp\/v2\/types\/post"}],"author":[{"embeddable":true,"href":"https:\/\/bisbalpenedes.com\/web\/wp-json\/wp\/v2\/users\/4"}],"replies":[{"embeddable":true,"href":"https:\/\/bisbalpenedes.com\/web\/wp-json\/wp\/v2\/comments?post=29500"}],"version-history":[{"count":2,"href":"https:\/\/bisbalpenedes.com\/web\/wp-json\/wp\/v2\/posts\/29500\/revisions"}],"predecessor-version":[{"id":29507,"href":"https:\/\/bisbalpenedes.com\/web\/wp-json\/wp\/v2\/posts\/29500\/revisions\/29507"}],"wp:featuredmedia":[{"embeddable":true,"href":"https:\/\/bisbalpenedes.com\/web\/wp-json\/wp\/v2\/media\/29505"}],"wp:attachment":[{"href":"https:\/\/bisbalpenedes.com\/web\/wp-json\/wp\/v2\/media?parent=29500"}],"wp:term":[{"taxonomy":"category","embeddable":true,"href":"https:\/\/bisbalpenedes.com\/web\/wp-json\/wp\/v2\/categories?post=29500"},{"taxonomy":"post_tag","embeddable":true,"href":"https:\/\/bisbalpenedes.com\/web\/wp-json\/wp\/v2\/tags?post=29500"}],"curies":[{"name":"wp","href":"https:\/\/api.w.org\/{rel}","templated":true}]}}