{"id":29495,"date":"2024-03-13T23:07:04","date_gmt":"2024-03-13T21:07:04","guid":{"rendered":"https:\/\/bisbalpenedes.com\/web\/?p=29495"},"modified":"2024-03-14T00:00:30","modified_gmt":"2024-03-13T22:00:30","slug":"lajuntament-de-la-bisbal-del-penedes-fa-publiques-les-actuacions-previstes-en-el-programa-de-la-festa-major-2024-i-aprova-un-protocol-per-a-la-cercavila","status":"publish","type":"post","link":"https:\/\/bisbalpenedes.com\/web\/2024\/03\/13\/lajuntament-de-la-bisbal-del-penedes-fa-publiques-les-actuacions-previstes-en-el-programa-de-la-festa-major-2024-i-aprova-un-protocol-per-a-la-cercavila\/","title":{"rendered":"<strong>L\u2019Ajuntament de la Bisbal del Pened\u00e8s fa p\u00fabliques les actuacions previstes en el programa de la Festa Major 2024 i aprova un protocol per a la cercavila<\/strong>"},"content":{"rendered":"\n<p>L\u2019Ajuntament de la Bisbal del Pened\u00e8s fa p\u00fabliques les actuacions previstes en el &nbsp;programa de la Festa Major 2024. La celebraci\u00f3 tindr\u00e0 una durada de m\u00e9s de 7 dies amb tres nits joves, una nit de tributs, una tarda infantil, una nit de concert i ball, la tradicional diada castellera del 15 d\u2019agost i moltes actuacions i activitats organitzades des de les entitats bisbalenques. A m\u00e9s, aquest dimarts 12 de mar\u00e7 l\u2019equip de govern ha celebrat una reuni\u00f3 amb les entitats que participen en la festa on s\u2019ha aprovat l\u2019itinerari de la cercavila de la Festa Major i s\u2019han fixat les dates de les activitats organitzades des de les entitats.<\/p>\n\n\n\n<p>La Regidoria de Festes ha organitzat una reuni\u00f3 de l\u2019equip de govern amb les entitats que participen en la Festa Major, per aprovar el protocol de la cercavila de Festa Major. En aquesta reuni\u00f3 s\u2019ha establert l\u2019itinerari de la cercavila amb la log\u00edstica de parades i punts d\u2019aigua, aix\u00ed com l\u2019ordre i la ballada final. L\u2019objectiu d\u2019aquest protocol \u00e9s garantir la qualitat de la cercavila, regular-ne la durada i facilitar el gaudi de tot el p\u00fablic assistent, ja que, tal com ha explicat el regidor de Festes, Feliu Gil, <em>\u201cla cercavila \u00e9s l\u2019expressi\u00f3 de la cultura popular i tradicional i va a c\u00e0rrec de les entitats de la nostra vila\u201d<\/em>. Quant a la programaci\u00f3 de la Festa Major 2024, aprofitant aquesta reuni\u00f3 amb les entitats, l\u2019Ajuntament de la Bisbal ha desvetllat la previsi\u00f3 provisional d\u2019activitats, que inclou:<\/p>\n\n\n\n<p><span style=\"text-decoration: underline;\">Divendres 9 i dissabte 10 d\u2019agost:<\/span> 24h de futbol sala<\/p>\n\n\n\n<p><span style=\"text-decoration: underline;\">Dimarts 13 d\u2019agost: <\/span>inauguracions d\u2019exposicions, preg\u00f3 i sopar al carrer<\/p>\n\n\n\n<p><span style=\"text-decoration: underline;\">Dimecres 14 d\u2019agost:<\/span> cercavila, versots, correfoc, nit jove (Verbena\u2019m, Wasa Corporation)<\/p>\n\n\n\n<p><span style=\"text-decoration: underline;\">Dijous 15 d\u2019agost:<\/span> matinades, missa, cercavila, diada castellera i concert i ball amb l\u2019Orquestra Selvatana<\/p>\n\n\n\n<p><span style=\"text-decoration: underline;\">Divendres 16 d\u2019agost<\/span>: correfoc infantil i nit de tributs (tribut a Fito &amp; Fitipaldis i Tribut a Lax\u2019n\u2019busto)<\/p>\n\n\n\n<p><span style=\"text-decoration: underline;\">Dissabte 17 d\u2019agost: <\/span>escacs a la fresca, sopar del Ball de Diables i Nit Jove (Figa Flawas i Ready To Rock)<\/p>\n\n\n\n<p><span style=\"text-decoration: underline;\">Diumenge 18 d\u2019agost:<\/span> D\u00e0maris Gelabert, nit de m\u00e0gia i castell de focs<\/p>\n\n\n\n<p><span style=\"text-decoration: underline;\">Dilluns 19 d\u2019agost:<\/span> Concert de gralla i nit trap (Flashy Ice Cream i Lo Puto Cat).<\/p>\n\n\n\n<p>Quant al protocol de la cercavila de la Festa Major aprovat, aquest estableix que la cercavila comen\u00e7ar\u00e0 amb una plantada al carrer Santa Cristina amb el passeig Llu\u00eds Companys. Els grups participants hi hauran de ser 15 minuts abans de comen\u00e7ar i l\u2019Ajuntament de la Bisbal del Pened\u00e8s repartir\u00e0 ampolles d\u2019aigua a les colles participants. L\u2019ordre de sortida ser\u00e0:<\/p>\n\n\n\n<ul><li>1r Ball de diables i diablons<\/li><li>2n Colla Castellera de la Bisbal del Pened\u00e8s \u2013 Bous<\/li><li>3r Geganters i Grallers de la Societat<\/li><li>4t Ball de Gitanes de la Bisbal del Pened\u00e8s<\/li><\/ul>\n\n\n\n<p>L\u2019itinerari ser\u00e0: carrer Santa Cristina (amb actuaci\u00f3), pont de la Riba (amb actuaci\u00f3 de la colla castellera), carrer Jacint Verdaguer -al davant de Cal Bast\u00e9 (actuaci\u00f3 de tots els grups a excepci\u00f3 de la colla castellera), davant de l\u2019Ajuntament (punt de refrigeri), al carrer Major, pla\u00e7a Catalunya, avinguda Colom, carrer Llibertat, pla\u00e7a Sant Jordi (actuaci\u00f3), carrer Major i actuaci\u00f3 final d\u2019un m\u00e0xim de 10 minuts al davant de la Casa de la Vila (punt de refrigeri).<\/p>\n\n\n\n<hr class=\"wp-block-separator has-alpha-channel-opacity\"\/>\n\n\n\n<p><strong>CASTELLANO |<\/strong> El Ajuntament de la Bisbal del Pened\u00e8s hace p\u00fablicas las actuaciones previstas en el programa de la Festa Major 2024. La celebraci\u00f3n tendr\u00e1 una duraci\u00f3n de m\u00e1s de 8 d\u00edas con tres noches j\u00f3venes, una noche de tributos, una tarde infantil, una noche de concierto y baile, la tradicional diada castellera del 15 de agosto y muchas actuaciones y actividades organizadas desde las entidades de la Bisbal del Pened\u00e8s. Adem\u00e1s, este martes 12 de marzo el equipo de gobierno ha celebrado una reuni\u00f3n con las entidades que participan en la fiesta donde se ha aprobado el itinerario del pasacalle de la Festa Major y se han fijado las fechas de las actividades organizadas desde las entidades.<\/p>\n\n\n\n<p>La Concejal\u00eda de Fiestas ha organizado una reuni\u00f3n del equipo de gobierno con las entidades que participan en la Fiesta Mayor, para aprobar el protocolo del pasacalle de la Fiesta Mayor. En esta reuni\u00f3n se ha establecido el itinerario del pasacalle con la log\u00edstica de paradas y puntos de agua, as\u00ed como el orden y el baile final. El objetivo de este protocolo es garantizar la calidad del pasacalle, regular su duraci\u00f3n y facilitar el disfrute de todo el p\u00fablico asistente, ya que, tal como ha explicado el concejal de Fiestas, Feliu Gil, <em>\u201cel pasacalle es la expresi\u00f3n de la cultura popular y tradicional y va a cargo de las entidades de nuestra villa\u201d<\/em>. En cuanto a la programaci\u00f3n de la Festa Major 2024, aprovechando esta reuni\u00f3n con las entidades, el Ajuntament de la Bisbal del Pened\u00e8s ha desvelado la previsi\u00f3n provisional de actividades, que incluye:<\/p>\n\n\n\n<p><span style=\"text-decoration: underline;\">Viernes 9 y s\u00e1bado 10 de agosto:<\/span> 24h de f\u00fatbol sala<\/p>\n\n\n\n<p><span style=\"text-decoration: underline;\">Martes 13 de agosto:<\/span> inauguraciones de exposiciones, preg\u00f3n y cena en la calle<\/p>\n\n\n\n<p><span style=\"text-decoration: underline;\">Mi\u00e9rcoles 14 de agosto:<\/span> pasacalle, versots, correfoc, noche joven (Verbena\u2019m, Wasa Corporation)<\/p>\n\n\n\n<p><span style=\"text-decoration: underline;\">Jueves 15 de agosto: <\/span>madrugadas (matinades), misa, pasacalle, diada castellera y concierto y baile con la Orquestra Selvatana<\/p>\n\n\n\n<p><span style=\"text-decoration: underline;\">Viernes 16 de agosto:<\/span> pasacalle infantil y noche de tributos (tributo a Fito &amp; Fitipaldis y Tributo a Lax\u2019n\u2019busto)<\/p>\n\n\n\n<p><span style=\"text-decoration: underline;\">S\u00e1bado 17 de agosto:<\/span> ajedrez al aire libre, cena del Ball de Diables y Noche Joven (Figa Flawas y Ready To Rock)<\/p>\n\n\n\n<p><span style=\"text-decoration: underline;\">Domingo 18 de agosto:<\/span> D\u00e0maris Gelabert, noche de magia y castillo de fuegos<\/p>\n\n\n\n<p><span style=\"text-decoration: underline;\">Lunes 19 de agosto: <\/span>concierto de gralla y noche trap (Flashy Ice Cream Y Lo Puto Cat)<\/p>\n\n\n\n<p>En cuanto al protocolo del pasacalle de la Fiesta Mayor aprobado, este establece que el pasacalle empezar\u00e1 con una plantada en la calle Santa Cristina con el paseo Llu\u00eds Companys. Los grupos participantes tendr\u00e1n que estar all\u00ed 15 minutos antes de empezar y el Ajuntament de la Bisbal del Pened\u00e8s repartir\u00e1 botellas de agua entre los grupos participantes. El orden de salida ser\u00e1:<\/p>\n\n\n\n<ul><li>1\u00ba Ball de diables y diablons<\/li><li>2\u00ba Colla Castellera de la Bisbal del Pened\u00e8s \u2013 Bous<\/li><li>3\u00ba Geganters i Grallers de la Societat<\/li><li>4\u00ba Ball de Gitanes de la Bisbal del Pened\u00e8s<\/li><\/ul>\n\n\n\n<p>El itinerario ser\u00e1: calle Santa Cristina (con actuaci\u00f3n), puente de la Riba (con actuaci\u00f3n de la colla castellera), calle Jacint Verdaguer -delante de Cal Bast\u00e9 (actuaci\u00f3n de todos los grupos a excepci\u00f3n de la colla castellera), delante del Ajuntament (punto de refrigerio), en la calle Major, plaza Catalunya, avenida Colom, calle Llibertat, plaza Sant Jordi (actuaci\u00f3n), calle Major y actuaci\u00f3n final de un m\u00e1ximo de 10 minutos delante de la Casa de la Vila (punto de refrigerio).<\/p>\n","protected":false},"excerpt":{"rendered":"<p>L\u2019Ajuntament de la Bisbal del Pened\u00e8s fa p\u00fabliques les actuacions previstes en el &nbsp;programa de la Festa Major 2024. La celebraci\u00f3 tindr\u00e0 una durada de m\u00e9s de 7 dies amb &hellip; <a href=\"https:\/\/bisbalpenedes.com\/web\/2024\/03\/13\/lajuntament-de-la-bisbal-del-penedes-fa-publiques-les-actuacions-previstes-en-el-programa-de-la-festa-major-2024-i-aprova-un-protocol-per-a-la-cercavila\/\" class=\"more-link\">Read More<\/a><\/p>\n","protected":false},"author":4,"featured_media":29496,"comment_status":"closed","ping_status":"closed","sticky":false,"template":"","format":"standard","meta":[],"categories":[2161,4668,8],"tags":[459,280,4694,393,1374],"_links":{"self":[{"href":"https:\/\/bisbalpenedes.com\/web\/wp-json\/wp\/v2\/posts\/29495"}],"collection":[{"href":"https:\/\/bisbalpenedes.com\/web\/wp-json\/wp\/v2\/posts"}],"about":[{"href":"https:\/\/bisbalpenedes.com\/web\/wp-json\/wp\/v2\/types\/post"}],"author":[{"embeddable":true,"href":"https:\/\/bisbalpenedes.com\/web\/wp-json\/wp\/v2\/users\/4"}],"replies":[{"embeddable":true,"href":"https:\/\/bisbalpenedes.com\/web\/wp-json\/wp\/v2\/comments?post=29495"}],"version-history":[{"count":2,"href":"https:\/\/bisbalpenedes.com\/web\/wp-json\/wp\/v2\/posts\/29495\/revisions"}],"predecessor-version":[{"id":29498,"href":"https:\/\/bisbalpenedes.com\/web\/wp-json\/wp\/v2\/posts\/29495\/revisions\/29498"}],"wp:featuredmedia":[{"embeddable":true,"href":"https:\/\/bisbalpenedes.com\/web\/wp-json\/wp\/v2\/media\/29496"}],"wp:attachment":[{"href":"https:\/\/bisbalpenedes.com\/web\/wp-json\/wp\/v2\/media?parent=29495"}],"wp:term":[{"taxonomy":"category","embeddable":true,"href":"https:\/\/bisbalpenedes.com\/web\/wp-json\/wp\/v2\/categories?post=29495"},{"taxonomy":"post_tag","embeddable":true,"href":"https:\/\/bisbalpenedes.com\/web\/wp-json\/wp\/v2\/tags?post=29495"}],"curies":[{"name":"wp","href":"https:\/\/api.w.org\/{rel}","templated":true}]}}