{"id":29492,"date":"2024-03-13T22:32:59","date_gmt":"2024-03-13T20:32:59","guid":{"rendered":"https:\/\/bisbalpenedes.com\/web\/?p=29492"},"modified":"2024-03-13T22:32:59","modified_gmt":"2024-03-13T20:32:59","slug":"avui-dimecres-13-de-marc-sha-convocat-el-ple-ordinari-per-al-proxim-dilluns-18-de-marc-a-les-18h","status":"publish","type":"post","link":"https:\/\/bisbalpenedes.com\/web\/2024\/03\/13\/avui-dimecres-13-de-marc-sha-convocat-el-ple-ordinari-per-al-proxim-dilluns-18-de-marc-a-les-18h\/","title":{"rendered":"Avui dimecres 13 de mar\u00e7 s\u2019ha convocat el Ple ordinari per al pr\u00f2xim dilluns 18 de mar\u00e7 a les 18h"},"content":{"rendered":"\n<p>El pr\u00f2xim dilluns 18 de mar\u00e7, a les 18h, se celebrar\u00e0 el Ple ordinari de l\u2019Ajuntament de la Bisbal del Pened\u00e8s. L\u2019ordre del dia inclou els punts seg\u00fcents:<\/p>\n\n\n\n<p><strong>PART RESOLUTIVA<\/strong><\/p>\n\n\n\n<p>1.-Aprovaci\u00f3 de l\u2019acta del Ple ordinari del 18 de desembre<\/p>\n\n\n\n<p>2.-Aprovaci\u00f3 de l\u2019acta del Ple extraordinari del 27 de febrer<\/p>\n\n\n\n<p>3.-Aprovaci\u00f3 del conveni per a la creaci\u00f3 de l\u2019Aula Mentor, de formaci\u00f3<\/p>\n\n\n\n<p>4.-Aprovaci\u00f3 de l\u2019increment retributiu addicional del 0,5% al personal municipal funcionari i laboral, amb efectes de l\u20191 de gener de 2023<\/p>\n\n\n\n<p>5.-Modificaci\u00f3 de les bases d\u2019execuci\u00f3 del pressupost 2024 per incloure l\u2019Aula Mentor<\/p>\n\n\n\n<p>6.-Aprovaci\u00f3 del reglament del servei de menjar a domicili per a la gent gran<\/p>\n\n\n\n<p><strong>PART DE CONTROL<\/strong><\/p>\n\n\n\n<p>7.-Donar compte dels Decrets d\u2019alcaldia<\/p>\n\n\n\n<p>8.-Donar compte de les actes de la Junta de Govern Local<\/p>\n\n\n\n<p>9.-Moci\u00f3 presentada pel grup municipal La Bisbal Decideix per \u201cla millora de la coordinaci\u00f3 entre entitats i l\u2019acc\u00e9s a la informaci\u00f3 d\u2019activitats i esdeveniments\u201d<\/p>\n\n\n\n<p>10.-Moci\u00f3 presentada pel grup municipal la Bisbal Decideix per \u201cl\u2019elaboraci\u00f3 del Pla de protecci\u00f3 civil municipal DUPROCIM\u201d<\/p>\n\n\n\n<p>11.-Moci\u00f3 presentada pel grup municipal La Bisbal Decideix per \u201cla modificaci\u00f3 del pla d\u2019esterilitzaci\u00f3 de les col\u00f2nies felines\u201d<\/p>\n\n\n\n<p>12.-Moci\u00f3 presentada pel grup del PSC per \u201csuport a la pagesia\u201d<\/p>\n\n\n\n<p>13.-Moci\u00f3 presentada pel grup municipal de Comprom\u00eds amb la Bisbal, per al \u201cdesplegament proporcionat i just dels Mossos d\u2019Esquadra al Pened\u00e8s\u201d<\/p>\n\n\n\n<p>14.-Donar compte de l\u2019informe resum de control intern de l\u2019exercici 2022<\/p>\n\n\n\n<p>15.-Donar compte dels drets i ingressos del 2n trimestre del 2023<\/p>\n\n\n\n<p>16.-Donar compte dels drets i ingressos del 3r trimestre del 2023<\/p>\n\n\n\n<p>17.-Donar compte dels drets i ingressos del 4t trimestre del 2023<\/p>\n\n\n\n<p>18.-Donar compte del Pla anual de control intern del 2024<\/p>\n\n\n\n<p>19.-Donar compte de l\u2019informe d\u2019intervenci\u00f3 relatiu al control de les despeses pendents d\u2019aplicar del 2023<\/p>\n\n\n\n<p>20.-Donar compte de l\u2019informe d\u2019intervenci\u00f3 de l\u2019execuci\u00f3 del pressupost del 4t trimestre del 2023<\/p>\n\n\n\n<p>21.-Donar compte de l\u2019informe d\u2019intervenci\u00f3 del per\u00edode mig de pagament a prove\u00efdors del 4t trimestre del 2023<\/p>\n\n\n\n<p>22.-Donar compte dels informes de la Sindicatura de Comptes de Catalunya<\/p>\n\n\n\n<p>23.-Donar compte del Pla pressupostari a mig termini (2025\/27)<\/p>\n\n\n\n<p>24.-Donar compte de la liquidaci\u00f3 del pressupost de l\u2019exercici 2023<\/p>\n\n\n\n<p><strong>PRECS I PREGUNTES<\/strong><\/p>\n\n\n\n<p>Segons el ROM aprovat al Ple de l\u2019Ajuntament de la Bisbal el 19 de juny de 2017, la ciutadania pot participar en els Plens Ordinaris. Tot seguit us detallem el funcionament d\u2019aquest sup\u00f2sit:<\/p>\n\n\n\n<p>Totes les persones tenen dret a intervenir en les sessions ordin\u00e0ries del Ple en el punt de l\u2019ordre del dia de \u2018Precs i preguntes\u2019, d\u2019acord amb les prescripcions seg\u00fcents:<\/p>\n\n\n\n<ul><li>El prec o pregunta s\u2019haur\u00e0 de sol\u2022licitar a l\u2019Alcaldia:<\/li><\/ul>\n\n\n\n<p>o per escrit i entrar-lo\/a al Registre General com a m\u00e0xim 24 hores abans del Ple Ordinari<\/p>\n\n\n\n<p>o Per Twitter a @BisbalPenedes com a m\u00e0xim 24h abans del Ple Ordinari, complint el protocol d\u2019\u00fas de les xarxes socials i emprant l\u2019etiqueta&nbsp;<a href=\"https:\/\/www.facebook.com\/hashtag\/plebisbalpened%C3%A8s?__eep__=6&amp;source=feed_text&amp;epa=HASHTAG&amp;__xts__%5B0%5D=68.ARD1wXWwwlno0rOKPmoxxgSz89WYH5i8NHgdzmCY3U1GDyNswWNuLJC5R3CyiwZ8glyCklNOgb5D6-ILDBbxPeAhsZdMu8qbfllJN2mwOAG9lPX1POezHU4xpQ6CrtbSOFPuM13bcQDPXDkcT8uMdzLDRgfw5h57ESASLFFbhrUkWoxSN8IheJ2bj9-81sTG3gqQ-wPW1oTv63_qHlpWUiTPav-2exYCEXYInFYQJDcg-f8siVOv1iRTgFStQHuyX1OUlmXnMQEAJGyp0rbWxJ0DXP_c3jiScxjBnW0-ebrftvJ5rcDs6dNS_U1mdQ8lmfvzgSMIsH-xyDrOEt-i4-01nqBm&amp;__tn__=%2ANK-R\">#PleBisbalPened\u00e8s<\/a>, seguit del prec o pregunta.<\/p>\n\n\n\n<ul><li>L\u2019assumpte objecte del prec o pregunta haur\u00e0 de ser de compet\u00e8ncia municipal sobre l\u2019acci\u00f3 de govern o estar directament relacionat amb els punts inclosos a l\u2019ordre del dia.<\/li><li>Cada ciutad\u00e0\/ana pot formular un prec i una pregunta en un mateix Ple. La longitud m\u00e0xima de cada piulada \u00e9s de 140 car\u00e0cters i no es pot continuar la pregunta en un segon \u2018tweet\u2019.<\/li><li>L\u2019alcaldia podr\u00e0 no respondre si \u00e9s un assumpte sobre el qual l\u2019Ajuntament no t\u00e9 compet\u00e8ncies o si ja s\u2019ha presentat la mateixa pregunta en una altra sessi\u00f3 plen\u00e0ria en els \u00faltims 6 mesos.<\/li><li>L\u2019alcaldia comunicar\u00e0, acabat el termini m\u00e0xim de presentaci\u00f3 de preguntes, a qui vagin dirigides les preguntes o peticions sol\u2022licitades perqu\u00e8 les pugui respondre.<\/li><li>L\u2019Alcaldia llegir\u00e0 la pregunta en veu alta.<\/li><li>L\u2019alcaldia o a qui va adre\u00e7ada la pregunta, la respondr\u00e0 en la mateixa sessi\u00f3 del Ple.<\/li><\/ul>\n\n\n\n<hr class=\"wp-block-separator has-alpha-channel-opacity\"\/>\n\n\n\n<p><strong>CASTELLANO |<\/strong>&nbsp;El pr\u00f3ximo lunes 18 de marzo, a las 18h, se celebrar\u00e1 el Pleno ordinario del Ajuntament de la Bisbal del Pened\u00e8s. El orden del d\u00eda incluye los puntos siguientes:<\/p>\n\n\n\n<p><strong>PARTE RESOLUTIVA<\/strong><\/p>\n\n\n\n<p>1.-Aprobaci\u00f3n del acta del Pleno ordinario del 18 de diciembre<\/p>\n\n\n\n<p>2.-Aprobaci\u00f3n del acta del Pleno extraordinario del 27 de febrero<\/p>\n\n\n\n<p>3.-Aprobaci\u00f3n del convenio para la creaci\u00f3n de la Aula Mentor, de formaci\u00f3n<\/p>\n\n\n\n<p>4.-Aprobaci\u00f3n del incremento retributivo adicional del 0,5% al personal municipal funcionario y laboral, con efectos del 1 de enero de 2023<\/p>\n\n\n\n<p>5.-Modificaci\u00f3n de las bases de ejecuci\u00f3n del presupuesto 2024 para incluir la Aula Mentor<\/p>\n\n\n\n<p>6.-Aprobaci\u00f3n del reglamento del servicio de comida a domicilio para la gente mayor<\/p>\n\n\n\n<p><strong>PARTE DE CONTROL<\/strong><\/p>\n\n\n\n<p>7.-Dar cuenta de los Decretos de alcald\u00eda<\/p>\n\n\n\n<p>8.-Dar cuenta de los actos de la Junta de Gobierno Local<\/p>\n\n\n\n<p>9.-Moci\u00f3n presentada por el grupo municipal La Bisbal Decideix para \u201cla mejora de la coordinaci\u00f3n entre entidades y acceso a la informaci\u00f3n de actividades y eventos\u201d<\/p>\n\n\n\n<p>10.-Moci\u00f3n presentada por el grupo municipal la Bisbal Decideix para \u201cla elaboraci\u00f3n del Plan de protecci\u00f3n civil municipal DUPROCIM\u201d<\/p>\n\n\n\n<p>11.-Moci\u00f3n presentada por el grupo municipal La Bisbal Decideix para \u201cla modificaci\u00f3n del plan de esterilizaci\u00f3n de las colonias felinas\u201d<\/p>\n\n\n\n<p>12.-Moci\u00f3n presentada por el grupo del PSC para \u201capoyo a la payes\u00eda\u201d<\/p>\n\n\n\n<p>13.-Moci\u00f3n presentada por el grupo municipal de Comprom\u00eds amb la Bisbal, para el \u201cdespegamiento proporcionado y justo de los Mossos d\u2019Esquadra en el Baix Pened\u00e8s\u201d<\/p>\n\n\n\n<p>14.-Dar cuenta del informe resumen de control interno del ejercicio 2022<\/p>\n\n\n\n<p>15.-Dar cuenta de los derechos e ingresos del 2\u00ba trimestre del 2023<\/p>\n\n\n\n<p>16.-Dar cuenta de los derechos e ingresos del 3\u00ba trimestre del 2023<\/p>\n\n\n\n<p>17.-Dar cuenta de los derechos e ingresos del 4\u00ba trimestre del 2023<\/p>\n\n\n\n<p>18.-Dar cuenta del Plan anual de control interno del 2024<\/p>\n\n\n\n<p>19.-Dar cuenta del informe de intervenci\u00f3n relativo al control de los gastos pendientes de aplicar del 2023<\/p>\n\n\n\n<p>20.-Dar cuenta del informe de intervenci\u00f3n de la ejecuci\u00f3n del presupuesto del 4\u00ba trimestre del 2023<\/p>\n\n\n\n<p>21.-Dar cuenta del informe de intervenci\u00f3n del periodo medio de pago a proveedores del 4\u00ba trimestre del 2023<\/p>\n\n\n\n<p>22.-Dar cuenta de los informes de la Sindicatura de Cuentas de Catalunya<\/p>\n\n\n\n<p>23.-Dar cuenta del Plan presupuestario a medio plazo (2025\/27)<\/p>\n\n\n\n<p>24.-Dar cuenta de la liquidaci\u00f3n del presupuesto del ejercicio 2023<\/p>\n\n\n\n<p><strong>RUEGOS Y PREGUNTAS<\/strong><\/p>\n\n\n\n<p>Seg\u00fan el ROM aprobado en el Pleno del Ayuntamiento de la Bisbal del Pened\u00e8s el pasado 19 de junio del 2017, la ciudadan\u00eda puede participar en los Plenos Ordinarios. A continuaci\u00f3n, os detallamos el funcionamiento de este supuesto:<\/p>\n\n\n\n<p>Todas las personas tienen derecho a intervenir en las sesiones ordinarias del Pleno en el punto de la orden del d\u00eda de \u2018Ruegos y preguntas\u2019, de acuerdo con las prescripciones siguientes:<\/p>\n\n\n\n<ul><li>El ruego o pregunta deber\u00e1 solicitarse a Alcald\u00eda:<\/li><\/ul>\n\n\n\n<p>o Por escrito y entrarlo\/la por escrito como m\u00e1ximo 24 horas antes del Pleno Ordinario<\/p>\n\n\n\n<p>o Por Twitter en @BisbalPenedes como m\u00e1ximo 24h antes del Pleno Ordinario, cumpliendo el protocolo de uso de las redes sociales con el formato&nbsp;<a href=\"https:\/\/www.facebook.com\/hashtag\/plebisbalpened%C3%A8s?__eep__=6&amp;source=feed_text&amp;epa=HASHTAG&amp;__xts__%5B0%5D=68.ARD1wXWwwlno0rOKPmoxxgSz89WYH5i8NHgdzmCY3U1GDyNswWNuLJC5R3CyiwZ8glyCklNOgb5D6-ILDBbxPeAhsZdMu8qbfllJN2mwOAG9lPX1POezHU4xpQ6CrtbSOFPuM13bcQDPXDkcT8uMdzLDRgfw5h57ESASLFFbhrUkWoxSN8IheJ2bj9-81sTG3gqQ-wPW1oTv63_qHlpWUiTPav-2exYCEXYInFYQJDcg-f8siVOv1iRTgFStQHuyX1OUlmXnMQEAJGyp0rbWxJ0DXP_c3jiScxjBnW0-ebrftvJ5rcDs6dNS_U1mdQ8lmfvzgSMIsH-xyDrOEt-i4-01nqBm&amp;__tn__=%2ANK-R\">#PleBisbalPened\u00e8s<\/a>, seguido del ruego o pregunta.<\/p>\n\n\n\n<ul><li>El asunto objeto del ruego o pregunta deber\u00e1 ser de competencia municipal sobre la acci\u00f3n de gobierno o estar directamente relacionado con los puntos incluidos en el orden del d\u00eda.<\/li><li>Cada ciudadano\/na puede formular un ruego y una pregunta en un mismo Pleno. La longitud m\u00e1xima de cada tweet es de 140 caracteres y no se puede continuar la pregunta con un segundo \u2018tweet.<\/li><li>Alcald\u00eda podr\u00e1 no responder si es un asunto sobre el cual el Ayuntamiento no tiene competencias o si ya se ha presentado la misma pregunta en otra sesi\u00f3n plenaria de los \u00faltimos 6 meses.<\/li><li>&nbsp;Alcald\u00eda comunicar\u00e1, terminado el plazo m\u00e1ximo de presentaci\u00f3n de preguntas, a quien vayan dirigidas las preguntas o peticiones solicitadas para que las pueda responder.<\/li><li>Alcald\u00eda leer\u00e1 la pregunta en voz alta.<\/li><li>Alcald\u00eda o a quien vaya dirigida la pregunta, la responder\u00e1 en la misma sesi\u00f3n del Pleno.<\/li><\/ul>\n","protected":false},"excerpt":{"rendered":"<p>El pr\u00f2xim dilluns 18 de mar\u00e7, a les 18h, se celebrar\u00e0 el Ple ordinari de l\u2019Ajuntament de la Bisbal del Pened\u00e8s. L\u2019ordre del dia inclou els punts seg\u00fcents: PART RESOLUTIVA &hellip; <a href=\"https:\/\/bisbalpenedes.com\/web\/2024\/03\/13\/avui-dimecres-13-de-marc-sha-convocat-el-ple-ordinari-per-al-proxim-dilluns-18-de-marc-a-les-18h\/\" class=\"more-link\">Read More<\/a><\/p>\n","protected":false},"author":4,"featured_media":20647,"comment_status":"closed","ping_status":"closed","sticky":false,"template":"","format":"standard","meta":[],"categories":[8,2251,2250],"tags":[459,383,393,1374,139,249],"_links":{"self":[{"href":"https:\/\/bisbalpenedes.com\/web\/wp-json\/wp\/v2\/posts\/29492"}],"collection":[{"href":"https:\/\/bisbalpenedes.com\/web\/wp-json\/wp\/v2\/posts"}],"about":[{"href":"https:\/\/bisbalpenedes.com\/web\/wp-json\/wp\/v2\/types\/post"}],"author":[{"embeddable":true,"href":"https:\/\/bisbalpenedes.com\/web\/wp-json\/wp\/v2\/users\/4"}],"replies":[{"embeddable":true,"href":"https:\/\/bisbalpenedes.com\/web\/wp-json\/wp\/v2\/comments?post=29492"}],"version-history":[{"count":1,"href":"https:\/\/bisbalpenedes.com\/web\/wp-json\/wp\/v2\/posts\/29492\/revisions"}],"predecessor-version":[{"id":29493,"href":"https:\/\/bisbalpenedes.com\/web\/wp-json\/wp\/v2\/posts\/29492\/revisions\/29493"}],"wp:featuredmedia":[{"embeddable":true,"href":"https:\/\/bisbalpenedes.com\/web\/wp-json\/wp\/v2\/media\/20647"}],"wp:attachment":[{"href":"https:\/\/bisbalpenedes.com\/web\/wp-json\/wp\/v2\/media?parent=29492"}],"wp:term":[{"taxonomy":"category","embeddable":true,"href":"https:\/\/bisbalpenedes.com\/web\/wp-json\/wp\/v2\/categories?post=29492"},{"taxonomy":"post_tag","embeddable":true,"href":"https:\/\/bisbalpenedes.com\/web\/wp-json\/wp\/v2\/tags?post=29492"}],"curies":[{"name":"wp","href":"https:\/\/api.w.org\/{rel}","templated":true}]}}