{"id":29485,"date":"2024-03-12T18:46:39","date_gmt":"2024-03-12T16:46:39","guid":{"rendered":"https:\/\/bisbalpenedes.com\/web\/?p=29485"},"modified":"2024-03-14T14:36:31","modified_gmt":"2024-03-14T12:36:31","slug":"sobre-el-termini-per-presentar-obres-al-16e-concurs-literari-de-sant-jordi-de-la-bisbal","status":"publish","type":"post","link":"https:\/\/bisbalpenedes.com\/web\/2024\/03\/12\/sobre-el-termini-per-presentar-obres-al-16e-concurs-literari-de-sant-jordi-de-la-bisbal\/","title":{"rendered":"<strong>S\u2019obre el termini per presentar obres al 16\u00e8 concurs literari de Sant Jordi de la Bisbal<\/strong>"},"content":{"rendered":"\n<p>Aquest dimecres 13 de mar\u00e7 s\u2019obre el termini per presentar obres al concurs literari de Sant Jordi de la Bisbal del Pened\u00e8s, enguany que arriba a la seva 16a edici\u00f3. Fins a l\u201911 d\u2019abril s\u2019hi podran presentar obres in\u00e8dites en poesia i prosa, de les quals se\u2019n valorar\u00e0 l\u2019originalitat, l\u2019estructura i la qualitat de la redacci\u00f3.<\/p>\n\n\n\n<p>Aquest 2024, l\u2019Ajuntament de la Bisbal del Pened\u00e8s ha incrementat en 50\u20ac cadascun dels premis. Aix\u00ed, els premis d\u2019enguany seran els seg\u00fcents (sigui -l\u2019obra guardonada- prosa o poesia):<\/p>\n\n\n\n<ul><li>Primer premi: 350\u20ac, lot de llibres i diploma commemoratiu<\/li><li>Segon premi: 250\u20ac, lot de llibres i diploma commemoratiu<\/li><li>Tercer premi: 150\u20ac, lot de llibres i diploma commemoratiu<\/li><li>Premi especial de tem\u00e0tica bisbalenca: 350\u20ac i diploma commemoratiu<\/li><li>Menci\u00f3 especial del jurat: 150\u20ac i diploma commemoratiu<\/li><\/ul>\n\n\n\n<p>El jurat estar\u00e0 format per diverses persones vinculades al m\u00f3n de la cultura a la Bisbal i al Pened\u00e8s i l\u2019entrega de premis es far\u00e0 en un acte p\u00fablic que tindr\u00e0 lloc el 23 d\u2019abril, Diada de Sant Jordi.<\/p>\n\n\n\n<p>Per a m\u00e9s informaci\u00f3 sobre les condicions de participaci\u00f3 i les bases del concurs, accediu a l\u2019enlla\u00e7: <a href=\"https:\/\/www.diputaciodetarragona.cat\/ebop\/index.php?op=dwn&amp;tipus=i&amp;data=20240312&amp;anyp=2024&amp;num=02054&amp;v=i\">https:\/\/www.diputaciodetarragona.cat\/ebop\/index.php?op=dwn&amp;tipus=i&amp;data=20240312&amp;anyp=2024&amp;num=02054&amp;v=i<\/a><\/p>\n\n\n\n<p>DOCUMENTACI\u00d3:<\/p>\n\n\n\n<div class=\"wp-block-file\"><a id=\"wp-block-file--media-95222061-deca-4dbb-9eb4-c32343b5a08a\" href=\"https:\/\/bisbalpenedes.com\/web\/wp-content\/uploads\/2024\/03\/Sollicitud-concurs-literari-2024-menors-edat.docx\">Sollicitud-concurs-literari-2024-menors-edat<\/a><a href=\"https:\/\/bisbalpenedes.com\/web\/wp-content\/uploads\/2024\/03\/Sollicitud-concurs-literari-2024-menors-edat.docx\" class=\"wp-block-file__button\" download aria-describedby=\"wp-block-file--media-95222061-deca-4dbb-9eb4-c32343b5a08a\">Baixa<\/a><\/div>\n\n\n\n<div class=\"wp-block-file\"><a id=\"wp-block-file--media-48e324ef-8c8f-43e9-9165-b5608ca4a56a\" href=\"https:\/\/bisbalpenedes.com\/web\/wp-content\/uploads\/2024\/03\/Sollicitud-concurs-literari-2024.docx\">Sollicitud-concurs-literari-2024<\/a><a href=\"https:\/\/bisbalpenedes.com\/web\/wp-content\/uploads\/2024\/03\/Sollicitud-concurs-literari-2024.docx\" class=\"wp-block-file__button\" download aria-describedby=\"wp-block-file--media-48e324ef-8c8f-43e9-9165-b5608ca4a56a\">Baixa<\/a><\/div>\n\n\n\n<div class=\"wp-block-file\"><a id=\"wp-block-file--media-fc04bab1-689f-46cf-9d5b-89cfefb7e4a5\" href=\"https:\/\/bisbalpenedes.com\/web\/wp-content\/uploads\/2024\/03\/Declaracio\u0301-responsable-concurs-literari-2024.docx\">Declaracio\u0301-responsable-concurs-literari-2024<\/a><a href=\"https:\/\/bisbalpenedes.com\/web\/wp-content\/uploads\/2024\/03\/Declaracio\u0301-responsable-concurs-literari-2024.docx\" class=\"wp-block-file__button\" download aria-describedby=\"wp-block-file--media-fc04bab1-689f-46cf-9d5b-89cfefb7e4a5\">Baixa<\/a><\/div>\n\n\n\n<hr class=\"wp-block-separator has-alpha-channel-opacity\"\/>\n\n\n\n<p><strong>CASTELLANO | <\/strong>Este mi\u00e9rcoles 13 de marzo se abre el plazo para presentar obres al concurso literario de Sant Jordi de la Bisbal del Pened\u00e8s, que este a\u00f1o llega a su 16\u00aa edici\u00f3n. Hasta el 11 de abril se podr\u00e1n presentar obras in\u00e9ditas en poes\u00eda y prosa, de las cuales se valorar\u00e1 la originalidad, la estructura y la calidad de la redacci\u00f3n.<\/p>\n\n\n\n<p>Este 2024, el Ajuntament de la Bisbal del Pened\u00e8s ha incrementado en 50\u20ac cada uno de los premios. As\u00ed, los premios de este a\u00f1o ser\u00e1n los siguientes (sea -la obra galardonada- prosa o poes\u00eda):<\/p>\n\n\n\n<p>Primer premio: 350\u20ac, lote de libros y diploma conmemorativo<\/p>\n\n\n\n<p>Segundo premio: 250\u20ac, lote de libros y diploma conmemorativo<\/p>\n\n\n\n<p>Tercer premio: 150\u20ac, lote de libros y diploma conmemorativo<\/p>\n\n\n\n<p>Premio especial de tem\u00e1tica bisbalenca: 350\u20ac y diploma conmemorativo<\/p>\n\n\n\n<p>Menci\u00f3n especial del jurado: 150\u20ac y diploma conmemorativo<\/p>\n\n\n\n<p>El jurado estar\u00e1 formado por varias personas vinculadas al mundo de la cultura en la Bisbal y en el Pened\u00e8s y la entrega de premios se har\u00e1 en un acto p\u00fablico que tendr\u00e1 lugar el 23 de abril, Diada de Sant Jordi.<\/p>\n\n\n\n<p>Para m\u00e1s informaci\u00f3n sobre las condiciones de participaci\u00f3n y las bases del concurso, acceded al enlace: <a href=\"https:\/\/www.diputaciodetarragona.cat\/ebop\/index.php?op=dwn&amp;tipus=i&amp;data=20240312&amp;anyp=2024&amp;num=02054&amp;v=i\">https:\/\/www.diputaciodetarragona.cat\/ebop\/index.php?op=dwn&amp;tipus=i&amp;data=20240312&amp;anyp=2024&amp;num=02054&amp;v=i<\/a><\/p>\n\n\n\n<div class=\"wp-block-file\"><a id=\"wp-block-file--media-09a56597-26f4-4b70-bff2-825f03db140c\" href=\"https:\/\/bisbalpenedes.com\/web\/wp-content\/uploads\/2024\/03\/Sollicitud-concurs-literari-2024-menors-edat.docx\">Sollicitud-concurs-literari-2024-menors-edat<\/a><a href=\"https:\/\/bisbalpenedes.com\/web\/wp-content\/uploads\/2024\/03\/Sollicitud-concurs-literari-2024-menors-edat.docx\" class=\"wp-block-file__button\" download aria-describedby=\"wp-block-file--media-09a56597-26f4-4b70-bff2-825f03db140c\">Baixa<\/a><\/div>\n\n\n\n<div class=\"wp-block-file\"><a id=\"wp-block-file--media-59c31462-e9bb-4ba0-845d-fbd65d49e557\" href=\"https:\/\/bisbalpenedes.com\/web\/wp-content\/uploads\/2024\/03\/Sollicitud-concurs-literari-2024.docx\">Sollicitud-concurs-literari-2024<\/a><a href=\"https:\/\/bisbalpenedes.com\/web\/wp-content\/uploads\/2024\/03\/Sollicitud-concurs-literari-2024.docx\" class=\"wp-block-file__button\" download aria-describedby=\"wp-block-file--media-59c31462-e9bb-4ba0-845d-fbd65d49e557\">Baixa<\/a><\/div>\n\n\n\n<div class=\"wp-block-file\"><a id=\"wp-block-file--media-6d657b34-e438-4ff1-8984-9d7ae3674283\" href=\"https:\/\/bisbalpenedes.com\/web\/wp-content\/uploads\/2024\/03\/Declaracio\u0301-responsable-concurs-literari-2024.docx\">Declaracio\u0301-responsable-concurs-literari-2024<\/a><a href=\"https:\/\/bisbalpenedes.com\/web\/wp-content\/uploads\/2024\/03\/Declaracio\u0301-responsable-concurs-literari-2024.docx\" class=\"wp-block-file__button\" download aria-describedby=\"wp-block-file--media-6d657b34-e438-4ff1-8984-9d7ae3674283\">Baixa<\/a><\/div>\n\n\n\n<p><\/p>\n","protected":false},"excerpt":{"rendered":"<p>Aquest dimecres 13 de mar\u00e7 s\u2019obre el termini per presentar obres al concurs literari de Sant Jordi de la Bisbal del Pened\u00e8s, enguany que arriba a la seva 16a edici\u00f3. &hellip; <a href=\"https:\/\/bisbalpenedes.com\/web\/2024\/03\/12\/sobre-el-termini-per-presentar-obres-al-16e-concurs-literari-de-sant-jordi-de-la-bisbal\/\" class=\"more-link\">Read More<\/a><\/p>\n","protected":false},"author":4,"featured_media":29490,"comment_status":"closed","ping_status":"closed","sticky":false,"template":"","format":"standard","meta":[],"categories":[13,8],"tags":[459,1633,393,1374,342],"_links":{"self":[{"href":"https:\/\/bisbalpenedes.com\/web\/wp-json\/wp\/v2\/posts\/29485"}],"collection":[{"href":"https:\/\/bisbalpenedes.com\/web\/wp-json\/wp\/v2\/posts"}],"about":[{"href":"https:\/\/bisbalpenedes.com\/web\/wp-json\/wp\/v2\/types\/post"}],"author":[{"embeddable":true,"href":"https:\/\/bisbalpenedes.com\/web\/wp-json\/wp\/v2\/users\/4"}],"replies":[{"embeddable":true,"href":"https:\/\/bisbalpenedes.com\/web\/wp-json\/wp\/v2\/comments?post=29485"}],"version-history":[{"count":3,"href":"https:\/\/bisbalpenedes.com\/web\/wp-json\/wp\/v2\/posts\/29485\/revisions"}],"predecessor-version":[{"id":29512,"href":"https:\/\/bisbalpenedes.com\/web\/wp-json\/wp\/v2\/posts\/29485\/revisions\/29512"}],"wp:featuredmedia":[{"embeddable":true,"href":"https:\/\/bisbalpenedes.com\/web\/wp-json\/wp\/v2\/media\/29490"}],"wp:attachment":[{"href":"https:\/\/bisbalpenedes.com\/web\/wp-json\/wp\/v2\/media?parent=29485"}],"wp:term":[{"taxonomy":"category","embeddable":true,"href":"https:\/\/bisbalpenedes.com\/web\/wp-json\/wp\/v2\/categories?post=29485"},{"taxonomy":"post_tag","embeddable":true,"href":"https:\/\/bisbalpenedes.com\/web\/wp-json\/wp\/v2\/tags?post=29485"}],"curies":[{"name":"wp","href":"https:\/\/api.w.org\/{rel}","templated":true}]}}