{"id":29480,"date":"2024-03-12T18:14:13","date_gmt":"2024-03-12T16:14:13","guid":{"rendered":"https:\/\/bisbalpenedes.com\/web\/?p=29480"},"modified":"2024-03-12T18:14:13","modified_gmt":"2024-03-12T16:14:13","slug":"la-regidoria-de-cultura-ha-installat-dos-retols-de-ferro-de-gran-format-a-lexterior-de-ledifici-del-centre-municipal-de-cultura","status":"publish","type":"post","link":"https:\/\/bisbalpenedes.com\/web\/2024\/03\/12\/la-regidoria-de-cultura-ha-installat-dos-retols-de-ferro-de-gran-format-a-lexterior-de-ledifici-del-centre-municipal-de-cultura\/","title":{"rendered":"<strong>La Regidoria de Cultura ha instal\u00b7lat dos r\u00e8tols de ferro de gran format a l\u2019exterior de l\u2019edifici del Centre Municipal de Cultura<\/strong>"},"content":{"rendered":"\n<p>L\u2019exterior del Centre Municipal de Cultura llueix, des de finals de la setmana passada, uns nous r\u00e8tols fets amb ferro. D\u2019una banda, la fa\u00e7ana de l\u2019edifici exhibeix les lletres CMC, \u00e9s a dir, les sigles de Centre Municipal de Cultura; i de l\u2019altra, al terra de l\u2019exterior de l\u2019edifici (a la placeta exterior) s\u2019hi poden trobar unes altres que formen la paraula CULTURA. La Regidoria de Cultura ha decidit renovar la cartellera exterior d\u2019aquest espai enguany perqu\u00e8 l\u2019anterior estava molt deteriorada i perqu\u00e8 aquest 2024 se celebrar\u00e0 el 20\u00e8 aniversari de la inauguraci\u00f3 de la biblioteca en aquest edifici.<\/p>\n\n\n\n<p>El Centre Municipal de Cultura \u00e9s un equipament municipal inaugurat el desembre de l\u2019any 2002, tot i que la majoria dels serveis de l\u2019equipament no van estar operatius fins a finals del 2004. En aquell moment, es va instal\u00b7lar un cartell de grans dimensions -de metacrilat- que ocupava bona part de la fa\u00e7ana de l\u2019edifici de nova construcci\u00f3, en el qual hi constava el nom \u201cCentre Municipal de Cultura. Ajuntament de la Bisbal del Pened\u00e8s\u201d. Havent passat vint anys des de la inauguraci\u00f3 de l\u2019espai, l\u2019estat de conservaci\u00f3 del cartell era for\u00e7a deficient -havent-se deixat de llegir correctament el nom de l\u2019equipament- i, per aquest motiu, a finals del 2023 va ser retirat de la fa\u00e7ana per part de la brigada municipal. La regidora de Cultura, Judith Vidal, ha explicat que&nbsp;<em>\u201cestem molt orgulloses de com han quedat les lletres a la fa\u00e7ana i a la placeta exterior de l\u2019edifici. Creiem que, amb aquest format de cartell, l\u2019edifici gaudeix de la solemnitat que li pertoca, tenint en compte la seva hist\u00f2ria. A m\u00e9s, hem volgut incloure el mot \u2018cultura\u2019 per reivindicar la cultura com a dret fonamental i dignificar l\u2019espai i tota l\u2019activitat que s\u2019hi fa\u201d.<\/em><\/p>\n\n\n\n<p>&nbsp;La construcci\u00f3 que alberga el Centre Municipal de Cultura \u00e9s, segurament, l\u2019edifici patrimonial de propietat municipal m\u00e9s significatiu de la Bisbal, ja que es tracta d\u2019un antic castell que fou comen\u00e7at a construir al segle XI i que, al segle XIV fou adquirit pels Salb\u00e0, que van esdevenir els amos i senyors del poble. Posteriorment, aquest edifici va caure en decad\u00e8ncia i, despr\u00e9s de diversos usos, a finals del XIX s\u2019hi va instal\u00b7lar la Uni\u00f3 Bisbalenca, que va acollir caf\u00e8, balls, concerts, teatre, m\u00edtings i cinema fins a la Guerra Civil. Posteriorment, el local va ser -fins a la d\u00e8cada dels 70- la seu de la Societat Cultural i Recreativa Bisbalenca. Als anys 80 van comen\u00e7ar les accions per recuperar l\u2019espai per part de l\u2019Ajuntament de la Bisbal del Pened\u00e8s, que va anar adquirint les diferents cases que el conformaven i, el 1991, van comen\u00e7ar les primeres obres de rehabilitaci\u00f3 de l\u2019edifici, que van finalitzar el 2003 amb la inauguraci\u00f3 del Centre Municipal de Cultura, on encara es poden veure algunes restes de l\u2019antic casal, com ara les arcades de l\u2019auditori Salb\u00e0 o alguns finestrals. En l\u2019actualitat, aquest espai acull la biblioteca, el museu, l\u2019auditori, l\u2019escola de m\u00fasica, els despatxos d\u2019algunes entitats i l\u2019espai jove.<\/p>\n\n\n\n<p>La nova retolaci\u00f3 de ferro ha estat encarregada al ferrer local Pere Porta, que ha fabricat i col\u00b7locat a la fa\u00e7ana les lletres de gran format. Les de la fa\u00e7ana -CMC- fan una mida de 4m x 1,20m i les de la placeta del davant de l\u2019edifici -CULTURA- tenen una mida de 70cm x 4,64m. La intervenci\u00f3 ha tingut un cost total de 4.527,37\u20ac (IVA incl\u00f2s).<\/p>\n\n\n\n<figure class=\"wp-block-image size-large\"><img loading=\"lazy\" width=\"803\" height=\"1024\" src=\"https:\/\/bisbalpenedes.com\/web\/wp-content\/uploads\/2024\/03\/LLETRES-CMC-2-803x1024.jpg\" alt=\"\" class=\"wp-image-29482\" srcset=\"https:\/\/bisbalpenedes.com\/web\/wp-content\/uploads\/2024\/03\/LLETRES-CMC-2-803x1024.jpg 803w, https:\/\/bisbalpenedes.com\/web\/wp-content\/uploads\/2024\/03\/LLETRES-CMC-2-235x300.jpg 235w, https:\/\/bisbalpenedes.com\/web\/wp-content\/uploads\/2024\/03\/LLETRES-CMC-2-768x979.jpg 768w, https:\/\/bisbalpenedes.com\/web\/wp-content\/uploads\/2024\/03\/LLETRES-CMC-2-1205x1536.jpg 1205w, https:\/\/bisbalpenedes.com\/web\/wp-content\/uploads\/2024\/03\/LLETRES-CMC-2-1606x2048.jpg 1606w, https:\/\/bisbalpenedes.com\/web\/wp-content\/uploads\/2024\/03\/LLETRES-CMC-2-600x765.jpg 600w, https:\/\/bisbalpenedes.com\/web\/wp-content\/uploads\/2024\/03\/LLETRES-CMC-2-scaled.jpg 2008w\" sizes=\"(max-width: 803px) 100vw, 803px\" \/><\/figure>\n\n\n\n<hr class=\"wp-block-separator has-alpha-channel-opacity\"\/>\n\n\n\n<p><strong>CASTELLANO |&nbsp;<\/strong>El exterior del Centre Municipal de Cultura luce, desde finales de la semana pasada, unos nuevos r\u00f3tulos hechos con hierro. Por una parte, la fachada del edificio exhibe las letras CMC, es decir, las siglas de Centre Municipal de Cultura; y por otra, en el suelo del exterior del edificio (en la placeta exterior) se pueden encontrar otras que forman la palabra CULTURA. La Concejal\u00eda de Cultura ha decidido renovar la carteler\u00eda exterior de este espacio este a\u00f1o porque la anterior estaba muy deteriorada y porque este 2024 se celebrar\u00e1 el 20\u00ba aniversario de la inauguraci\u00f3n de la biblioteca en este edificio.<\/p>\n\n\n\n<p>El Centre Municipal de Cultura es un equipamiento municipal inaugurado en diciembre del a\u00f1o 2022, aunque la mayor\u00eda de los servicios del equipamiento no estuvieron operativos hasta finales del 2004. En aquel momento, se instal\u00f3 un cartel de grandes dimensiones -de metacrilato- que ocupaba buena parte de la fachada del edificio de nueva construcci\u00f3n, en el que constaba el nombre \u201cCentre Municipal de Cultura. Ajuntament de la Bisbal del Pened\u00e8s\u201d. Habiendo pasado veinte a\u00f1os desde la inauguraci\u00f3n del espacio, el estado de conservaci\u00f3n del cartel era muy deficiente, habi\u00e9ndose dejado de leer correctamente el nombre del equipamiento- y, por este motivo, a finales del 2023 fue retirado de la fachada por parte de la brigada municipal. La concejala de Cultura, Judith Vidal, ha explicado que&nbsp;<em>\u201cestamos muy orgullosas de c\u00f3mo han quedado las letras en la fachada y en la placeta exterior del edificio. Creemos que, con este formato de cartel, el edificio gana la solemnidad que le corresponde, teniendo en cuenta su historia. Adem\u00e1s, hemos querido incluir la palabra \u2018cultura\u2019 para reivindicar la cultura como derecho fundamental y dignificar el espacio y toda la actividad que all\u00ed se hace\u201d.<\/em><\/p>\n\n\n\n<p>La construcci\u00f3n que alberga el Centre Municipal de Cultura es, seguramente, el edificio patrimonial de propiedad municipal m\u00e1s significativo de la Bisbal, ya que se trata de un antiguo castillo que se empez\u00f3 a construir en el siglo XI y que, en el siglo XIV fue adquirido por los Salb\u00e0, que llegaron a ser los amos y se\u00f1ores del pueblo. Posteriormente, este edificio cay\u00f3 en decadencia y, despu\u00e9s de varios usos, a finales del XIX se instal\u00f3 la Uni\u00f3 Bisbalenca, que acogi\u00f3 caf\u00e9, bailes, conciertos, teatro, m\u00edtines y cine hasta la Guerra Civil. Posteriormente, el local fue -hasta la d\u00e9cada de los 70- la sede de la Societat Cultural i Recreativa Bisbalenca. En los a\u00f1os 80 se empezaron las acciones para recuperar el espacio por parte del Ajuntament de la Bisbal del Pened\u00e8s, que fue adquiriendo las distintas casas que lo conformaban y, en el 1991, empezaron las primeras obras de rehabilitaci\u00f3n del edificio, que finalizaron en el 2003 con la inauguraci\u00f3n del Centre Municipal de Cultura, donde todav\u00eda se pueden ver algunos restos del antiguo casal, como por ejemplo las arcadas del auditorio Salb\u00e0 o algunos ventanales. En la actualidad, este espacio acoge la biblioteca, el museo, el auditorio, la escuela de m\u00fasica, los despachos de algunas entidades y el espacio joven.<\/p>\n\n\n\n<p>La nueva rotulaci\u00f3n de hierro se le ha encargado al herrero local Pere Porta, que ha fabricado y colocado en la fachada las letras de gran formato. Las de la fachada -CMC- tienen una medida de 4m x 1,20m y las de la placeta de delante del edificio -CULTURA- tienen una medida de 70cm x 4,65m. La intervenci\u00f3n ha tenido un coste total de 4.527,37\u20ac (IVA incluido).<\/p>\n","protected":false},"excerpt":{"rendered":"<p>L\u2019exterior del Centre Municipal de Cultura llueix, des de finals de la setmana passada, uns nous r\u00e8tols fets amb ferro. D\u2019una banda, la fa\u00e7ana de l\u2019edifici exhibeix les lletres CMC, &hellip; <a href=\"https:\/\/bisbalpenedes.com\/web\/2024\/03\/12\/la-regidoria-de-cultura-ha-installat-dos-retols-de-ferro-de-gran-format-a-lexterior-de-ledifici-del-centre-municipal-de-cultura\/\" class=\"more-link\">Read More<\/a><\/p>\n","protected":false},"author":4,"featured_media":29481,"comment_status":"closed","ping_status":"closed","sticky":false,"template":"","format":"standard","meta":[],"categories":[13,8],"tags":[459,6523,1520,2930,226,225,852,393,6522,579,2776,6521],"_links":{"self":[{"href":"https:\/\/bisbalpenedes.com\/web\/wp-json\/wp\/v2\/posts\/29480"}],"collection":[{"href":"https:\/\/bisbalpenedes.com\/web\/wp-json\/wp\/v2\/posts"}],"about":[{"href":"https:\/\/bisbalpenedes.com\/web\/wp-json\/wp\/v2\/types\/post"}],"author":[{"embeddable":true,"href":"https:\/\/bisbalpenedes.com\/web\/wp-json\/wp\/v2\/users\/4"}],"replies":[{"embeddable":true,"href":"https:\/\/bisbalpenedes.com\/web\/wp-json\/wp\/v2\/comments?post=29480"}],"version-history":[{"count":1,"href":"https:\/\/bisbalpenedes.com\/web\/wp-json\/wp\/v2\/posts\/29480\/revisions"}],"predecessor-version":[{"id":29483,"href":"https:\/\/bisbalpenedes.com\/web\/wp-json\/wp\/v2\/posts\/29480\/revisions\/29483"}],"wp:featuredmedia":[{"embeddable":true,"href":"https:\/\/bisbalpenedes.com\/web\/wp-json\/wp\/v2\/media\/29481"}],"wp:attachment":[{"href":"https:\/\/bisbalpenedes.com\/web\/wp-json\/wp\/v2\/media?parent=29480"}],"wp:term":[{"taxonomy":"category","embeddable":true,"href":"https:\/\/bisbalpenedes.com\/web\/wp-json\/wp\/v2\/categories?post=29480"},{"taxonomy":"post_tag","embeddable":true,"href":"https:\/\/bisbalpenedes.com\/web\/wp-json\/wp\/v2\/tags?post=29480"}],"curies":[{"name":"wp","href":"https:\/\/api.w.org\/{rel}","templated":true}]}}