{"id":29472,"date":"2024-03-11T14:03:54","date_gmt":"2024-03-11T12:03:54","guid":{"rendered":"https:\/\/bisbalpenedes.com\/web\/?p=29472"},"modified":"2024-03-22T01:11:17","modified_gmt":"2024-03-21T23:11:17","slug":"el-21-de-marc-celebrarem-el-dia-de-la-poesia-amb-un-recital-hi-vols-participar","status":"publish","type":"post","link":"https:\/\/bisbalpenedes.com\/web\/2024\/03\/11\/el-21-de-marc-celebrarem-el-dia-de-la-poesia-amb-un-recital-hi-vols-participar\/","title":{"rendered":"El 21 de mar\u00e7 celebrarem el dia de la poesia amb un recital. Hi vols participar?"},"content":{"rendered":"\n<p>T\u2019agrada recitar poesia?<\/p>\n\n\n\n<p>Doncs no t\u2019ho pensis i vine al recital de poesia que farem amb motiu del Dia Mundial de la Poesia.<\/p>\n\n\n\n<p>El dijous 21 de mar\u00e7 donarem la benvinguda a la primavera sentint poemes de diversos autors i en diferents idiomes, tot i que bona part de la lectura estar\u00e0 centrada en la figura de Vicent Andr\u00e9s Estell\u00e9s.<\/p>\n\n\n\n<p>Anima\u2019t i vine a llegir poemes!<\/p>\n\n\n\n<p>Inscripcions per a la lectura de poemes: adre\u00e7ant-te a la Biblioteca presencialment o per correu electr\u00f2nic <a href=\"mailto:biblioteca@bisbalpenedes.com\" target=\"_blank\" rel=\"noreferrer noopener\">biblioteca@bisbalpenedes.com<\/a> <\/p>\n\n\n\n<hr class=\"wp-block-separator has-alpha-channel-opacity\"\/>\n\n\n\n<p>\u00bfTe gusta recitar poes\u00eda?<\/p>\n\n\n\n<p>Pues no te lo pienses y ven al recital de poes\u00eda que haremos con motivo del D\u00eda Mundial de la Poes\u00eda.<\/p>\n\n\n\n<p>El jueves 21 de marzo daremos la bienvenida a la primavera escuchando poes\u00edas de varios autores y en distintos idiomas, aunque buena parte de la lectura estar\u00e1 centrada en la figura de Vicent Andr\u00e9s Estell\u00e9s.<\/p>\n\n\n\n<p>\u00a1An\u00edmate y ven a leer poemas!<\/p>\n\n\n\n<p>Inscripciones para la lectura de poes\u00edas: dirigi\u00e9ndote a la Biblioteca presencialmente o por correo electr\u00f3nico <a rel=\"noreferrer noopener\" href=\"mailto:biblioteca@bisbalpenedes.com\" target=\"_blank\">biblioteca@bisbalpenedes.com<\/a> <\/p>\n","protected":false},"excerpt":{"rendered":"<p>T\u2019agrada recitar poesia? Doncs no t\u2019ho pensis i vine al recital de poesia que farem amb motiu del Dia Mundial de la Poesia. El dijous 21 de mar\u00e7 donarem la &hellip; <a href=\"https:\/\/bisbalpenedes.com\/web\/2024\/03\/11\/el-21-de-marc-celebrarem-el-dia-de-la-poesia-amb-un-recital-hi-vols-participar\/\" class=\"more-link\">Read More<\/a><\/p>\n","protected":false},"author":4,"featured_media":29473,"comment_status":"closed","ping_status":"closed","sticky":false,"template":"","format":"standard","meta":[],"categories":[2942,13,8],"tags":[6520,180,3193],"_links":{"self":[{"href":"https:\/\/bisbalpenedes.com\/web\/wp-json\/wp\/v2\/posts\/29472"}],"collection":[{"href":"https:\/\/bisbalpenedes.com\/web\/wp-json\/wp\/v2\/posts"}],"about":[{"href":"https:\/\/bisbalpenedes.com\/web\/wp-json\/wp\/v2\/types\/post"}],"author":[{"embeddable":true,"href":"https:\/\/bisbalpenedes.com\/web\/wp-json\/wp\/v2\/users\/4"}],"replies":[{"embeddable":true,"href":"https:\/\/bisbalpenedes.com\/web\/wp-json\/wp\/v2\/comments?post=29472"}],"version-history":[{"count":2,"href":"https:\/\/bisbalpenedes.com\/web\/wp-json\/wp\/v2\/posts\/29472\/revisions"}],"predecessor-version":[{"id":29560,"href":"https:\/\/bisbalpenedes.com\/web\/wp-json\/wp\/v2\/posts\/29472\/revisions\/29560"}],"wp:featuredmedia":[{"embeddable":true,"href":"https:\/\/bisbalpenedes.com\/web\/wp-json\/wp\/v2\/media\/29473"}],"wp:attachment":[{"href":"https:\/\/bisbalpenedes.com\/web\/wp-json\/wp\/v2\/media?parent=29472"}],"wp:term":[{"taxonomy":"category","embeddable":true,"href":"https:\/\/bisbalpenedes.com\/web\/wp-json\/wp\/v2\/categories?post=29472"},{"taxonomy":"post_tag","embeddable":true,"href":"https:\/\/bisbalpenedes.com\/web\/wp-json\/wp\/v2\/tags?post=29472"}],"curies":[{"name":"wp","href":"https:\/\/api.w.org\/{rel}","templated":true}]}}