{"id":29469,"date":"2024-03-11T13:50:41","date_gmt":"2024-03-11T11:50:41","guid":{"rendered":"https:\/\/bisbalpenedes.com\/web\/?p=29469"},"modified":"2024-03-11T13:50:58","modified_gmt":"2024-03-11T11:50:58","slug":"les-activitats-esportives-del-cmc-shan-traslladat-al-pavello-esportiu-municipal","status":"publish","type":"post","link":"https:\/\/bisbalpenedes.com\/web\/2024\/03\/11\/les-activitats-esportives-del-cmc-shan-traslladat-al-pavello-esportiu-municipal\/","title":{"rendered":"Les activitats esportives del CMC s&#8217;han traslladat al Pavell\u00f3 Esportiu Municipal"},"content":{"rendered":"\n<p>Les activitats esportives que es feien al Centre Municipal de Cultura s\u2019han traslladat al Pavell\u00f3 Esportiu Municipal.<br>Hi podeu fer:<\/p>\n\n\n\n<ul><li>Zumba<\/li><li>Pilates<\/li><li>Tonificaci\u00f3<\/li><li>Estiraments<\/li><\/ul>\n\n\n\n<p>Les classes es fan a les 15:15h i a les 20:15h de dilluns a divendres i el preu mensual s\u00f3n 10\u20ac per anar-hi 2 dies setmanals i 15\u20ac per anar-hi 3 dies a la setmana.<\/p>\n\n\n\n<p>Us hi podeu inscriure adre\u00e7ant-vos a l\u2019Ajuntament de la Bisbal del Pened\u00e8s.<\/p>\n\n\n\n<p>Podeu consultar els horaris a l\u2019enlla\u00e7: <a href=\"https:\/\/bisbalpenedes.com\/web\/2023\/09\/20\/posat-en-forma-el-2-doctubre-tornen-les-activitats-fisiques-i-esportives-al-cmc\/\">https:\/\/bisbalpenedes.com\/web\/2023\/09\/20\/posat-en-forma-el-2-doctubre-tornen-les-activitats-fisiques-i-esportives-al-cmc\/<\/a><\/p>\n\n\n\n<hr class=\"wp-block-separator has-alpha-channel-opacity\"\/>\n\n\n\n<p><strong>CASTELLANO | <\/strong>Las actividades deportivas que se hac\u00edan en el Centre Municipal de Cultura se han trasladado al Pavell\u00f3 Esportiu Municipal.<br>Pod\u00e9is hacer:<\/p>\n\n\n\n<ul><li>Zumba<\/li><li>Pilates<\/li><li>Tonificaci\u00f3n<\/li><li>Estiramientos<\/li><\/ul>\n\n\n\n<p>Las clases se hacen a las 15:15h y a las 20:15h de lunes a viernes y el precio mensual son 10\u20ac por ir 2 d\u00edas semanales y 15\u20ac por ir 3 dias a la semana.<\/p>\n\n\n\n<p>Os pod\u00e9is inscribir dirigi\u00e9ndoos al Ajuntament de la Bisbal del Pened\u00e8s.<\/p>\n\n\n\n<p>Pod\u00e9is consultar los horarios en el enlace: <a href=\"https:\/\/bisbalpenedes.com\/web\/2023\/09\/20\/posat-en-forma-el-2-doctubre-tornen-les-activitats-fisiques-i-esportives-al-cmc\/\">https:\/\/bisbalpenedes.com\/web\/2023\/09\/20\/posat-en-forma-el-2-doctubre-tornen-les-activitats-fisiques-i-esportives-al-cmc\/<\/a><\/p>\n\n\n\n<p><\/p>\n","protected":false},"excerpt":{"rendered":"<p>Les activitats esportives que es feien al Centre Municipal de Cultura s\u2019han traslladat al Pavell\u00f3 Esportiu Municipal.Hi podeu fer: Zumba Pilates Tonificaci\u00f3 Estiraments Les classes es fan a les 15:15h &hellip; <a href=\"https:\/\/bisbalpenedes.com\/web\/2024\/03\/11\/les-activitats-esportives-del-cmc-shan-traslladat-al-pavello-esportiu-municipal\/\" class=\"more-link\">Read More<\/a><\/p>\n","protected":false},"author":4,"featured_media":29471,"comment_status":"closed","ping_status":"closed","sticky":false,"template":"","format":"standard","meta":[],"categories":[19,8],"tags":[306,4927,2442,393,6519,805,802],"_links":{"self":[{"href":"https:\/\/bisbalpenedes.com\/web\/wp-json\/wp\/v2\/posts\/29469"}],"collection":[{"href":"https:\/\/bisbalpenedes.com\/web\/wp-json\/wp\/v2\/posts"}],"about":[{"href":"https:\/\/bisbalpenedes.com\/web\/wp-json\/wp\/v2\/types\/post"}],"author":[{"embeddable":true,"href":"https:\/\/bisbalpenedes.com\/web\/wp-json\/wp\/v2\/users\/4"}],"replies":[{"embeddable":true,"href":"https:\/\/bisbalpenedes.com\/web\/wp-json\/wp\/v2\/comments?post=29469"}],"version-history":[{"count":1,"href":"https:\/\/bisbalpenedes.com\/web\/wp-json\/wp\/v2\/posts\/29469\/revisions"}],"predecessor-version":[{"id":29470,"href":"https:\/\/bisbalpenedes.com\/web\/wp-json\/wp\/v2\/posts\/29469\/revisions\/29470"}],"wp:featuredmedia":[{"embeddable":true,"href":"https:\/\/bisbalpenedes.com\/web\/wp-json\/wp\/v2\/media\/29471"}],"wp:attachment":[{"href":"https:\/\/bisbalpenedes.com\/web\/wp-json\/wp\/v2\/media?parent=29469"}],"wp:term":[{"taxonomy":"category","embeddable":true,"href":"https:\/\/bisbalpenedes.com\/web\/wp-json\/wp\/v2\/categories?post=29469"},{"taxonomy":"post_tag","embeddable":true,"href":"https:\/\/bisbalpenedes.com\/web\/wp-json\/wp\/v2\/tags?post=29469"}],"curies":[{"name":"wp","href":"https:\/\/api.w.org\/{rel}","templated":true}]}}