{"id":29462,"date":"2024-03-11T13:12:58","date_gmt":"2024-03-11T11:12:58","guid":{"rendered":"https:\/\/bisbalpenedes.com\/web\/?p=29462"},"modified":"2024-03-11T13:12:58","modified_gmt":"2024-03-11T11:12:58","slug":"el-13-de-marc-podreu-veure-el-documental-ladhakh-gel-en-petit-tibet-al-cmc-en-el-marc-del-cicle-de-muntanya-de-la-diputacio-de-tarragona","status":"publish","type":"post","link":"https:\/\/bisbalpenedes.com\/web\/2024\/03\/11\/el-13-de-marc-podreu-veure-el-documental-ladhakh-gel-en-petit-tibet-al-cmc-en-el-marc-del-cicle-de-muntanya-de-la-diputacio-de-tarragona\/","title":{"rendered":"El 13 de mar\u00e7 podreu veure el documental &#8220;LADHAKH, gel en Petit Tibet&#8221; al CMC en el marc del Cicle De Muntanya de la Diputaci\u00f3 de Tarragona"},"content":{"rendered":"\n<p>El 22 de febrer va arrencar&nbsp; la 17a edici\u00f3 del Cicle de Muntanya de la Diputaci\u00f3 de Tarragona i, un any m\u00e9s, la Bisbal del Pened\u00e8s s&#8217;ha adherit a les projeccions del cicle per als amants de l&#8217;alpinisme i l&#8217;escalada que, enguany, porta per nom &#8220;la Muntanya es mou&#8221;. A la Bisbal del Pened\u00e8s podrem veure el documental &#8220;LADHAKH, gel en Petit Tibet&#8221; el 13 de mar\u00e7 a les 19h al CMC, amb entrada gratu\u00efta. La durada del film \u00e9s de 55 minuts i comptarem amb la pres\u00e8ncia del director.<\/p>\n\n\n\n<p>LADAKH, gel en el Petit Tibet &#8220;ens proposa la fascinaci\u00f3 i la seducci\u00f3 d&#8217;endinsar-nos en aquest espai situat al nord de l&#8217;\u00cdndia fent frontera amb Pakistan a l&#8217;oest i el Tibet ocupat per la Xina al nord. El documental, dirigit per Rafa Vadillo, mostra l&#8217;expedici\u00f3 a la Vall de Nubra, amb la qual els expedicionaris van aconseguir obrir 5 cascades de gel, una activitat que ha estat reconeguda pel prestigi\u00f3s mitj\u00e0 de comunicaci\u00f3 American Alpine Journal. Les imatges tamb\u00e9 mostren la vida al Ladakh amb el budisme tibet\u00e0, les altes muntanyes, les grans cascades gla\u00e7ades i la vida amb la fam\u00edlia que va allotjar els expedicionaris&#8221;.<\/p>\n\n\n\n<p>Rafa Vadillo \u00e9s un alpinista i explorador, i instructor d&#8217;alpinisme i escalada, que ha estcalat cascades de gel arreu del m\u00f3n, amb primeres ascensions a Sib\u00e8ria, Lap\u00f2nia, el Canad\u00e0, els estats Units, Turquia, Eslov\u00e0quia, Fran\u00e7a, It\u00e0lia i els Pirineus.<\/p>\n\n\n\n<hr class=\"wp-block-separator has-alpha-channel-opacity\"\/>\n\n\n\n<p><strong>CASTELLANO |<\/strong> El 22 de febrero arrancar\u00f3 la 17\u00aa edici\u00f3n del Cicle de Muntanya de la Diputaci\u00f3 de Tarragona y, un a\u00f1o m\u00e1s, la Bisbal del Pened\u00e8s se ha adherido a las proyecciones del ciclo para los amantes del alpinismo y la escalada que, este a\u00f1o, lleva por nombre &#8220;la Mungtanya es mou&#8221;. En la Bisbal del Pened\u00e8s podremos ver el documental &#8220;LADHAKH, gel en Petit Tibet&#8221; el 13 de marzo a las 19h en el CMC, con entrada gratuita. La duraci\u00f3n del film es de 55 minutos y contaremos con la presencia del director.<\/p>\n\n\n\n<p>LADAKH, gel en el Petit Tibet &#8220;nos propone la fascinaci\u00f3n y la seducci\u00f3n de adentrarnos en este espacio situado en el norte de la India haciendo frontera con Pakist\u00e1n al oeste y el T\u00edbet ocupado por la China en el norte. El documental, dirigido por Rafa Vadillo, muestra la expedici\u00f3n en la Vall de Nubra, con la cual los expedicionarios consiguieron cubrir 5 cascadas de hielo, una actividad que ha sido reconocida por el prestigioso medio de comunicaci\u00f3n American Alpine Journal. Las im\u00e1genes tambi\u00e9n muestran la vida en el Ladakh con el budismo tibetano, las altas monta\u00f1as, las grandes cascadas heladas y la vida con la familia que aloj\u00f3 a los expedicionarios&#8221;.<\/p>\n\n\n\n<p>Rafa Vadillo es un alpinista y explorador, e instructor de alpinismo y escalada, que ha escalado cascadas de hielo en todo el mundo, con primeras ascensiones en Siberia, Laponia, Canad\u00e1, Estados Unidos, Turqu\u00eda, Eslovaquia, Francia, Italia y los Pirineos.<\/p>\n","protected":false},"excerpt":{"rendered":"<p>El 22 de febrer va arrencar&nbsp; la 17a edici\u00f3 del Cicle de Muntanya de la Diputaci\u00f3 de Tarragona i, un any m\u00e9s, la Bisbal del Pened\u00e8s s&#8217;ha adherit a les &hellip; <a href=\"https:\/\/bisbalpenedes.com\/web\/2024\/03\/11\/el-13-de-marc-podreu-veure-el-documental-ladhakh-gel-en-petit-tibet-al-cmc-en-el-marc-del-cicle-de-muntanya-de-la-diputacio-de-tarragona\/\" class=\"more-link\">Read More<\/a><\/p>\n","protected":false},"author":4,"featured_media":29464,"comment_status":"closed","ping_status":"closed","sticky":false,"template":"","format":"standard","meta":[],"categories":[19,8],"tags":[2930,3330,673,393,1374],"_links":{"self":[{"href":"https:\/\/bisbalpenedes.com\/web\/wp-json\/wp\/v2\/posts\/29462"}],"collection":[{"href":"https:\/\/bisbalpenedes.com\/web\/wp-json\/wp\/v2\/posts"}],"about":[{"href":"https:\/\/bisbalpenedes.com\/web\/wp-json\/wp\/v2\/types\/post"}],"author":[{"embeddable":true,"href":"https:\/\/bisbalpenedes.com\/web\/wp-json\/wp\/v2\/users\/4"}],"replies":[{"embeddable":true,"href":"https:\/\/bisbalpenedes.com\/web\/wp-json\/wp\/v2\/comments?post=29462"}],"version-history":[{"count":1,"href":"https:\/\/bisbalpenedes.com\/web\/wp-json\/wp\/v2\/posts\/29462\/revisions"}],"predecessor-version":[{"id":29465,"href":"https:\/\/bisbalpenedes.com\/web\/wp-json\/wp\/v2\/posts\/29462\/revisions\/29465"}],"wp:featuredmedia":[{"embeddable":true,"href":"https:\/\/bisbalpenedes.com\/web\/wp-json\/wp\/v2\/media\/29464"}],"wp:attachment":[{"href":"https:\/\/bisbalpenedes.com\/web\/wp-json\/wp\/v2\/media?parent=29462"}],"wp:term":[{"taxonomy":"category","embeddable":true,"href":"https:\/\/bisbalpenedes.com\/web\/wp-json\/wp\/v2\/categories?post=29462"},{"taxonomy":"post_tag","embeddable":true,"href":"https:\/\/bisbalpenedes.com\/web\/wp-json\/wp\/v2\/tags?post=29462"}],"curies":[{"name":"wp","href":"https:\/\/api.w.org\/{rel}","templated":true}]}}