{"id":29447,"date":"2024-03-08T15:36:08","date_gmt":"2024-03-08T13:36:08","guid":{"rendered":"https:\/\/bisbalpenedes.com\/web\/?p=29447"},"modified":"2024-03-08T15:38:39","modified_gmt":"2024-03-08T13:38:39","slug":"la-bisbal-ultima-els-preparatius-per-celebrar-els-tres-tombs-el-diumenge-10-de-marc","status":"publish","type":"post","link":"https:\/\/bisbalpenedes.com\/web\/2024\/03\/08\/la-bisbal-ultima-els-preparatius-per-celebrar-els-tres-tombs-el-diumenge-10-de-marc\/","title":{"rendered":"La Bisbal ultima els preparatius per celebrar els Tres Tombs aquest diumenge 10 de mar\u00e7"},"content":{"rendered":"\n<p>La Bisbal del Pened\u00e8s tornar\u00e0 a omplir-se de carros, cavalls i genets el proper diumenge 10 de mar\u00e7 amb motiu de la celebraci\u00f3 dels Tres Tombs. La cita comen\u00e7ar\u00e0 a les 8:30h amb un esmorzar popular per 8\u20ac a l\u2019Era de Batre, organitzat des del Ball de Diables de la Bisbal del Pened\u00e8s. Tamb\u00e9 hi haur\u00e0 venda de tortells a c\u00e0rrec de l\u2019Associaci\u00f3 de Dones La Roca Foradada. A partir de les 11:15h, a l\u2019Era de Batre, comen\u00e7aran els Tres Tombs, enguany amb <a href=\"https:\/\/bisbalpenedes.com\/web\/wp-content\/uploads\/2024\/03\/2-1.png\">un recorregut diferent<\/a>, tenint en compte que al barri de la Riba s\u2019hi estan fent obres i, per tant, no s\u2019hi podr\u00e0 accedir.<\/p>\n\n\n\n<p>La Bisbal del Pened\u00e8s celebra la festivitat dels Tres Tombs al voltant del segon diumenge de mar\u00e7 des de l\u2019any 1992. La celebraci\u00f3, a la vila, es va iniciar despr\u00e9s que el bisbalenc Rafel Vidal hagu\u00e9s recorregut les festes de molts altres municipis amb el seu carro i els seus cavalls acompanyat d\u2019altres companys de la Bisbal, que l\u2019ajudaven a carregar i descarregar el cami\u00f3, enganxar i desenganxar els cavalls i a fer que el carro tir\u00e9s. El 1992, un grup de bisbalencs va engegar la festa i, en aquella mateixa edici\u00f3, va crear l\u2019Associaci\u00f3 dels Tres Tombs de la Bisbal, que organitzava l\u2019esdeveniment amb la col\u00b7laboraci\u00f3 de l\u2019Ajuntament. No obstant aix\u00f2, el 2009 la festa fou suspesa i, posteriorment, el 2017, la Regidoria de Cultura va decidir recuperar-la i organitzar-la amb els recursos de l\u2019Ajuntament de la Bisbal del Pened\u00e8s i l\u2019assessorament de l\u2019antiga junta organitzadora.<\/p>\n\n\n\n<p>L\u2019alcaldessa de la Bisbal del Pened\u00e8s, Agn\u00e8s Ferr\u00e9, ha explicat que <em>\u201cla nostra \u00e9s una de les festes d\u2019aquesta categoria amb m\u00e9s renom de la comarca, una celebraci\u00f3 que est\u00e0 dedicada al record de la tradici\u00f3 pagesa i dels traginers que fins fa poques d\u00e8cades era l\u2019ocupaci\u00f3 majorit\u00e0ria del municipi\u201d.<\/em> De fet, quan el Rafel carregava i descarregava el carro i els cavalls ho feia a l\u2019Era de Batre, el lloc on en l\u2019actualitat se celebra l\u2019esmorzar, on comencen els Tres Tombs i on, des de fa un temps, hi ha un mural que il\u00b7lustra aquesta tradici\u00f3 <em>\u201ces tracta d\u2019una pintura que est\u00e0 basada en fotografies i personatges reals del municipi que representa el passat d\u2019aquest indret, l\u2019Era de Batre. All\u00e0, els pagesos hi deixaven el blat i el batien per separar el gra de la palla. Tamb\u00e9 s\u2019hi representen els cavalls i les mules, que s\u00f3n les protagonistes dels Tres Tombs\u201d.<\/em><\/p>\n\n\n\n<p>Tenint en compte que, actualment, la celebraci\u00f3 dels Tres Tombs requereix unes necessitats i coneixements molt espec\u00edfics, l\u2019Ajuntament de la Bisbal del Pened\u00e8s contracta la Coordinadora Tres Tombs Prov\u00edncia Tarragona perqu\u00e8 garanteixi la implementaci\u00f3 del protocol de benestar i qualitat i controli que tota la documentaci\u00f3 aportada pels participants sigui correcta, que faci la gesti\u00f3 i el control dels esmorzars, dels participants i el suport organitzatiu del dia de la celebraci\u00f3, s\u2019encarregui de les acreditacions, faci l\u2019acompanyament veterinari i el control dels participants. A m\u00e9s, la Coordinadora ofereix una tria art\u00edstica de participants que garanteix els est\u00e0ndards de qualitat i la preservaci\u00f3 del patrimoni immaterial, amb carros, guarniments i banderes com a elements per recuperar, i mostrar els antics oficis de traginer, carreter, pag\u00e8s, tractant, guarnicioner i ag\u00e8ncies de transport. El preu d\u2019aquesta contractaci\u00f3 ascendeix a 9.900\u20ac i va ser aprovada per Decret d\u2019alcaldia el 7 de mar\u00e7.<\/p>\n\n\n\n<hr class=\"wp-block-separator has-alpha-channel-opacity\"\/>\n\n\n\n<p><strong>CASTELLANO |<\/strong> La Bisbal del Pened\u00e8s volver\u00e1 a llenarse de carros, caballos y jinetes el pr\u00f3ximo domingo 10 de marzo con motivo de la celebraci\u00f3n de los Tres Tombs. La cita empezar\u00e1 a las 8.30h con un desayuno popular por 8\u20ac en la Era de Batre, organizado desde el Ball de Diables de la Bisbal del Pened\u00e8s. Tambi\u00e9n habr\u00e1 venta de torteles a cargo de la Associaci\u00f3 de Dones La Roca Foradada. A partir de las 11.15h, en la Era de Batre, empezar\u00e1n los Tres Tombs. Este a\u00f1o con un <a href=\"https:\/\/bisbalpenedes.com\/web\/wp-content\/uploads\/2024\/03\/2-1.png\">recorrido distinto<\/a>, teniendo en cuenta que en el barrio de la Riba se est\u00e1n haciendo obras y, por tanto, no se podr\u00e1 acceder a estas calles.<\/p>\n\n\n\n<p>La Bisbal del Pened\u00e8s celebra la festividad de los Tres Tombs alrededor del segundo domingo de marzo desde el a\u00f1o 1992. La celebraci\u00f3n, en la villa, se inci\u00f3 despu\u00e9s de que el bisbalenc Rafel Vidal hubiese recorrido las fiestas de muchos otros municipios con su carro y sus caballos acompa\u00f1ado de otros compa\u00f1eros de la Bisbal, que lo ayudaban a cargar y descargar el cami\u00f3n, enganchar y desenganchar los caballos y hacer que el carro tirase. En el 1992, un grupo de bisbalencs inici\u00f3 la fiesta y, en aquella misma edici\u00f3n, cre\u00f3 la Associaci\u00f3 dels Tres Tombs de la Bisbal, que organizaba el evento con la colaboraci\u00f3n del Ajuntament. No obstante, en el 2009 la fiesta se suspendi\u00f3 y, posteriormente, en el 2017, la Concejal\u00eda de Cultura decidi\u00f3 recuperarla y organizarla con los recursos del Ajuntament de la Bisbal del Pened\u00e8s y el asesoramiento de la antigua junta organizadora.<\/p>\n\n\n\n<p>La alcaldesa de la Bisbal del Pened\u00e8s, Agn\u00e8s Ferr\u00e9, ha explicado que \u201cla nuestra es una de las fiestas de esta categor\u00eda con m\u00e1s renombre en la comarca, una celebraci\u00f3n que est\u00e1 dedicada al recuerdo de la tradici\u00f3n payesa y de los arrieros que hasta hace pocas d\u00e9cadas era la ocupaci\u00f3n mayoritaria del municipio\u201d. De hecho, cuando Rafel cargaba y descargaba el carro y los caballos lo hac\u00eda en la Era de Batre, el lugar en el que en la actualidad se celebra el desayuno, donde empiezan los Tres Tombs y donde, desde hace fa un tiempo, hay un mural que ilustra la tradici\u00f3n \u201cse trata de una pintura que est\u00e1 basada en fotograf\u00edas y personajes reales del municipio que representa el pasado de este lugar, la Era de Batre. All\u00ed los payeses dejaban el trigo y lo bat\u00edan para separar el grano de la paja. Tambi\u00e9n se representan los caballos y las mulas, que son las protagonistas de los Tres Tombs\u201d.<\/p>\n\n\n\n<p>Teniendo en cuenta que, actualmente, la celebraci\u00f3n de los Tres Tombs requiere unas necesidades y conocimientos muy espec\u00edficos, el Ajuntament de la Bisbal del Pened\u00e8s contrata a la Coordinadora Tres Tombs Prov\u00edncia Tarragona para que garantice la implementaci\u00f3n del protocolo de bienestar y calidad y controle que toda la documentaci\u00f3n aportada por los participantes sea correcta, que haga la gesti\u00f3n y el control de los desayunos, de los participantes y el apoyo organizativo del d\u00eda de la celebraci\u00f3n, se encargue de las acreditaciones, haga el acompa\u00f1amiento veterinario y el control de los participantes. Adem\u00e1s, la Coordinadora ofrece una selecci\u00f3n art\u00edstica de participantes que garantiza los est\u00e1ndares de calidad y la preservaci\u00f3n del patrimonio inmaterial, con carros, decoraciones y banderas como elementos a recuperar, y mostrar los antiguos oficios de arriero, carretero, pay\u00e9s, tratante, guarnicionero y agencias de transporte. El precio de esta contrataci\u00f3n asciende a 9.900\u20ac y fue aprobada por Decreto de alcald\u00eda el 7 de marzo.<\/p>\n","protected":false},"excerpt":{"rendered":"<p>La Bisbal del Pened\u00e8s tornar\u00e0 a omplir-se de carros, cavalls i genets el proper diumenge 10 de mar\u00e7 amb motiu de la celebraci\u00f3 dels Tres Tombs. La cita comen\u00e7ar\u00e0 a &hellip; <a href=\"https:\/\/bisbalpenedes.com\/web\/2024\/03\/08\/la-bisbal-ultima-els-preparatius-per-celebrar-els-tres-tombs-el-diumenge-10-de-marc\/\" class=\"more-link\">Read More<\/a><\/p>\n","protected":false},"author":4,"featured_media":29216,"comment_status":"closed","ping_status":"closed","sticky":false,"template":"","format":"standard","meta":[],"categories":[8],"tags":[],"_links":{"self":[{"href":"https:\/\/bisbalpenedes.com\/web\/wp-json\/wp\/v2\/posts\/29447"}],"collection":[{"href":"https:\/\/bisbalpenedes.com\/web\/wp-json\/wp\/v2\/posts"}],"about":[{"href":"https:\/\/bisbalpenedes.com\/web\/wp-json\/wp\/v2\/types\/post"}],"author":[{"embeddable":true,"href":"https:\/\/bisbalpenedes.com\/web\/wp-json\/wp\/v2\/users\/4"}],"replies":[{"embeddable":true,"href":"https:\/\/bisbalpenedes.com\/web\/wp-json\/wp\/v2\/comments?post=29447"}],"version-history":[{"count":2,"href":"https:\/\/bisbalpenedes.com\/web\/wp-json\/wp\/v2\/posts\/29447\/revisions"}],"predecessor-version":[{"id":29449,"href":"https:\/\/bisbalpenedes.com\/web\/wp-json\/wp\/v2\/posts\/29447\/revisions\/29449"}],"wp:featuredmedia":[{"embeddable":true,"href":"https:\/\/bisbalpenedes.com\/web\/wp-json\/wp\/v2\/media\/29216"}],"wp:attachment":[{"href":"https:\/\/bisbalpenedes.com\/web\/wp-json\/wp\/v2\/media?parent=29447"}],"wp:term":[{"taxonomy":"category","embeddable":true,"href":"https:\/\/bisbalpenedes.com\/web\/wp-json\/wp\/v2\/categories?post=29447"},{"taxonomy":"post_tag","embeddable":true,"href":"https:\/\/bisbalpenedes.com\/web\/wp-json\/wp\/v2\/tags?post=29447"}],"curies":[{"name":"wp","href":"https:\/\/api.w.org\/{rel}","templated":true}]}}