{"id":29434,"date":"2024-03-08T12:53:32","date_gmt":"2024-03-08T10:53:32","guid":{"rendered":"https:\/\/bisbalpenedes.com\/web\/?p=29434"},"modified":"2024-03-08T12:53:32","modified_gmt":"2024-03-08T10:53:32","slug":"8-de-marc-tres-alcaldesses-de-la-comarca-entre-elles-la-de-la-bisbal-del-penedes-han-llegit-el-manifest-de-commemoracio-del-dia-internacional-de-la-dona-al-baix-penedes","status":"publish","type":"post","link":"https:\/\/bisbalpenedes.com\/web\/2024\/03\/08\/8-de-marc-tres-alcaldesses-de-la-comarca-entre-elles-la-de-la-bisbal-del-penedes-han-llegit-el-manifest-de-commemoracio-del-dia-internacional-de-la-dona-al-baix-penedes\/","title":{"rendered":"8 DE MAR\u00c7 | Tres alcaldesses de la comarca, entre elles la de la Bisbal del Pened\u00e8s, han llegit el manifest de commemoraci\u00f3 del Dia internacional de la Dona al Baix Pened\u00e8s"},"content":{"rendered":"\n<p>Aquest mat\u00ed, la pla\u00e7a \u00c0ngel Guimer\u00e0 del Vendrell ha acollit l\u2019acte institucional de lectura del manifest de commemoraci\u00f3 del Dia Internacional de la Dona al Baix Pened\u00e8s.<\/p>\n\n\n\n<p>La lectura del manifest ha anat a c\u00e0rrec de tres alcaldesses de la comarca, entre elles la de la Bisbal del Pened\u00e8s: Dolors Carreras, alcaldessa de Cunit; Montserrat Ventosa, alcaldessa de Lloren\u00e7 del Pened\u00e8s; i Agn\u00e8s Ferr\u00e9, alcaldessa de la Bisbal del Pened\u00e8s. L\u2019acte ha comptat amb la pres\u00e8ncia dels representants i treballadors del Consell Comarcal del Baix Pened\u00e8s. Tamb\u00e9 hi han assistit a l\u2019acte la primera tinenta d\u2019alcaldia, Judith Vidal; i la regidora de Feminismes i Igualtat, Paqui Cepas.<\/p>\n\n\n\n<hr class=\"wp-block-separator has-alpha-channel-opacity\"\/>\n\n\n\n<p><strong>CASTELLANO | <\/strong>Esta ma\u00f1ana, la plaza \u00c0ngel Guimer\u00e0 del Vendrell ha acogido el acto institucional de lectura del manifiesto de conmemoraci\u00f3n del D\u00eda Internacional de la Mujer en el Baix Pened\u00e8s.<\/p>\n\n\n\n<p>La lectura del manifiesto ha ido a cargo de tres alcaldesas de la comarca, entre ellas la de la Bisbal del Pened\u00e8s: Dolors Carreras, alcaldesa de Cunit; Montserrat Ventosa, alcaldesa de Lloren\u00e7 del Pened\u00e8s; y Agn\u00e8s Ferr\u00e9, alcaldesa de la Bisbal del Pened\u00e8s. El acto ha contado con la presencia de los representantes y trabajadores del Consell Comarcal del Baix Pened\u00e8s. Tambi\u00e9n han asistido al cacto la primera tenienta de alclad\u00eda, Judith Vidal; y la concejala de Feminismos e Igualdad, Paqui Cepas.<\/p>\n\n\n\n<figure class=\"wp-block-image size-large\"><img loading=\"lazy\" width=\"1024\" height=\"576\" src=\"https:\/\/bisbalpenedes.com\/web\/wp-content\/uploads\/2024\/03\/WhatsApp-Image-2024-03-08-at-11.26.00-1024x576.jpeg\" alt=\"\" class=\"wp-image-29437\" srcset=\"https:\/\/bisbalpenedes.com\/web\/wp-content\/uploads\/2024\/03\/WhatsApp-Image-2024-03-08-at-11.26.00-1024x576.jpeg 1024w, https:\/\/bisbalpenedes.com\/web\/wp-content\/uploads\/2024\/03\/WhatsApp-Image-2024-03-08-at-11.26.00-300x169.jpeg 300w, https:\/\/bisbalpenedes.com\/web\/wp-content\/uploads\/2024\/03\/WhatsApp-Image-2024-03-08-at-11.26.00-768x432.jpeg 768w, https:\/\/bisbalpenedes.com\/web\/wp-content\/uploads\/2024\/03\/WhatsApp-Image-2024-03-08-at-11.26.00-1536x864.jpeg 1536w, https:\/\/bisbalpenedes.com\/web\/wp-content\/uploads\/2024\/03\/WhatsApp-Image-2024-03-08-at-11.26.00-600x338.jpeg 600w, https:\/\/bisbalpenedes.com\/web\/wp-content\/uploads\/2024\/03\/WhatsApp-Image-2024-03-08-at-11.26.00.jpeg 1600w\" sizes=\"(max-width: 1024px) 100vw, 1024px\" \/><\/figure>\n\n\n\n<figure class=\"wp-block-image size-large\"><img loading=\"lazy\" width=\"768\" height=\"1024\" src=\"https:\/\/bisbalpenedes.com\/web\/wp-content\/uploads\/2024\/03\/WhatsApp-Image-2024-03-08-at-11.26.33-768x1024.jpeg\" alt=\"\" class=\"wp-image-29438\" srcset=\"https:\/\/bisbalpenedes.com\/web\/wp-content\/uploads\/2024\/03\/WhatsApp-Image-2024-03-08-at-11.26.33-768x1024.jpeg 768w, https:\/\/bisbalpenedes.com\/web\/wp-content\/uploads\/2024\/03\/WhatsApp-Image-2024-03-08-at-11.26.33-225x300.jpeg 225w, https:\/\/bisbalpenedes.com\/web\/wp-content\/uploads\/2024\/03\/WhatsApp-Image-2024-03-08-at-11.26.33-1152x1536.jpeg 1152w, https:\/\/bisbalpenedes.com\/web\/wp-content\/uploads\/2024\/03\/WhatsApp-Image-2024-03-08-at-11.26.33-600x800.jpeg 600w, https:\/\/bisbalpenedes.com\/web\/wp-content\/uploads\/2024\/03\/WhatsApp-Image-2024-03-08-at-11.26.33.jpeg 1200w\" sizes=\"(max-width: 768px) 100vw, 768px\" \/><\/figure>\n\n\n\n<figure class=\"wp-block-image size-large\"><img loading=\"lazy\" width=\"1024\" height=\"577\" src=\"https:\/\/bisbalpenedes.com\/web\/wp-content\/uploads\/2024\/03\/WhatsApp-Image-2024-03-08-at-11.25.47-1024x577.jpeg\" alt=\"\" class=\"wp-image-29439\" srcset=\"https:\/\/bisbalpenedes.com\/web\/wp-content\/uploads\/2024\/03\/WhatsApp-Image-2024-03-08-at-11.25.47-1024x577.jpeg 1024w, https:\/\/bisbalpenedes.com\/web\/wp-content\/uploads\/2024\/03\/WhatsApp-Image-2024-03-08-at-11.25.47-300x169.jpeg 300w, https:\/\/bisbalpenedes.com\/web\/wp-content\/uploads\/2024\/03\/WhatsApp-Image-2024-03-08-at-11.25.47-768x433.jpeg 768w, https:\/\/bisbalpenedes.com\/web\/wp-content\/uploads\/2024\/03\/WhatsApp-Image-2024-03-08-at-11.25.47-600x338.jpeg 600w, https:\/\/bisbalpenedes.com\/web\/wp-content\/uploads\/2024\/03\/WhatsApp-Image-2024-03-08-at-11.25.47.jpeg 1440w\" sizes=\"(max-width: 1024px) 100vw, 1024px\" \/><\/figure>\n","protected":false},"excerpt":{"rendered":"<p>Aquest mat\u00ed, la pla\u00e7a \u00c0ngel Guimer\u00e0 del Vendrell ha acollit l\u2019acte institucional de lectura del manifest de commemoraci\u00f3 del Dia Internacional de la Dona al Baix Pened\u00e8s. La lectura del &hellip; <a href=\"https:\/\/bisbalpenedes.com\/web\/2024\/03\/08\/8-de-marc-tres-alcaldesses-de-la-comarca-entre-elles-la-de-la-bisbal-del-penedes-han-llegit-el-manifest-de-commemoracio-del-dia-internacional-de-la-dona-al-baix-penedes\/\" class=\"more-link\">Read More<\/a><\/p>\n","protected":false},"author":4,"featured_media":29436,"comment_status":"closed","ping_status":"closed","sticky":false,"template":"","format":"standard","meta":[],"categories":[2057,6120,8],"tags":[3542,459,5090,393,1374],"_links":{"self":[{"href":"https:\/\/bisbalpenedes.com\/web\/wp-json\/wp\/v2\/posts\/29434"}],"collection":[{"href":"https:\/\/bisbalpenedes.com\/web\/wp-json\/wp\/v2\/posts"}],"about":[{"href":"https:\/\/bisbalpenedes.com\/web\/wp-json\/wp\/v2\/types\/post"}],"author":[{"embeddable":true,"href":"https:\/\/bisbalpenedes.com\/web\/wp-json\/wp\/v2\/users\/4"}],"replies":[{"embeddable":true,"href":"https:\/\/bisbalpenedes.com\/web\/wp-json\/wp\/v2\/comments?post=29434"}],"version-history":[{"count":1,"href":"https:\/\/bisbalpenedes.com\/web\/wp-json\/wp\/v2\/posts\/29434\/revisions"}],"predecessor-version":[{"id":29440,"href":"https:\/\/bisbalpenedes.com\/web\/wp-json\/wp\/v2\/posts\/29434\/revisions\/29440"}],"wp:featuredmedia":[{"embeddable":true,"href":"https:\/\/bisbalpenedes.com\/web\/wp-json\/wp\/v2\/media\/29436"}],"wp:attachment":[{"href":"https:\/\/bisbalpenedes.com\/web\/wp-json\/wp\/v2\/media?parent=29434"}],"wp:term":[{"taxonomy":"category","embeddable":true,"href":"https:\/\/bisbalpenedes.com\/web\/wp-json\/wp\/v2\/categories?post=29434"},{"taxonomy":"post_tag","embeddable":true,"href":"https:\/\/bisbalpenedes.com\/web\/wp-json\/wp\/v2\/tags?post=29434"}],"curies":[{"name":"wp","href":"https:\/\/api.w.org\/{rel}","templated":true}]}}