{"id":2943,"date":"2017-08-01T17:48:57","date_gmt":"2017-08-01T11:48:57","guid":{"rendered":"http:\/\/bisbalpenedes.com\/web\/?p=2943"},"modified":"2017-08-01T17:48:57","modified_gmt":"2017-08-01T11:48:57","slug":"lajuntament-de-la-bisbal-comptara-amb-el-servei-citypaq-de-correus-a-la-tardor","status":"publish","type":"post","link":"https:\/\/bisbalpenedes.com\/web\/2017\/08\/01\/lajuntament-de-la-bisbal-comptara-amb-el-servei-citypaq-de-correus-a-la-tardor\/","title":{"rendered":"L\u2019Ajuntament de La Bisbal comptar\u00e0 amb el servei CityPaq de Correus a la tardor"},"content":{"rendered":"<p><a href=\"http:\/\/bisbalpenedes.com\/web\/wp-content\/uploads\/2017\/07\/box-city.png\"><img loading=\"lazy\" class=\"aligncenter size-medium wp-image-2944\" title=\"box-citypaq\" src=\"http:\/\/bisbalpenedes.com\/web\/wp-content\/uploads\/2017\/07\/box-city-300x243.png\" alt=\"\" width=\"300\" height=\"243\" srcset=\"https:\/\/bisbalpenedes.com\/web\/wp-content\/uploads\/2017\/07\/box-city-300x243.png 300w, https:\/\/bisbalpenedes.com\/web\/wp-content\/uploads\/2017\/07\/box-city.png 400w\" sizes=\"(max-width: 300px) 100vw, 300px\" \/><\/a><\/p>\n<p>La Junta de Govern Local del dijous 20 de juliol va aprovar un acord de col\u00b7laboraci\u00f3 entre l\u2019Ajuntament i Correus mitjan\u00e7ant el qual s\u2019instal\u00b7lar\u00e0 un dispositiu <em>CityPaq<\/em> per a l\u2019entrega i recollida de paqueteria.<\/p>\n<p>Aquest dispositiu s\u2019ubicar\u00e0 a l\u2019entrada de l\u2019Ajuntament, a la part de sota de les arcades, entre la reixa i la porta d\u2019entrada.<\/p>\n<p>Tot i que l\u2019Ajuntament ha signat ara l\u2019acord, aquest dispositiu entrar\u00e0 en funcionament a la tardor. Abans que entri en funcionament, l\u2019Ajuntament informar\u00e0 sobre l\u2019horari en qu\u00e8 podran fer \u00fas d\u2019aquest servei a trav\u00e9s del qual els bisbalencs i les bisbalenques podran rebre els seus paquets de les compres <em>online<\/em>.<\/p>\n<p>Cal afegir que per accedir al servei caldr\u00e0 que us registreu a <em><a href=\"https:\/\/www.correospaq.es\/citypaq\/index.html\">CorreosPaq<\/a><\/em> i indiqueu en quin dispositiu voleu rebre el paquet (en el vostre cas haureu d\u2019indicar que el voleu rebre a l\u2019Ajuntament de La Bisbal). Quan el vostre paquet estigui disponible rebreu un sms\/email al vostre dispositiu m\u00f2bil indicant-vos que el vostre paquet ja est\u00e0 disponible i llest perqu\u00e8 el pugueu anar a buscar.<\/p>\n","protected":false},"excerpt":{"rendered":"<p>La Junta de Govern Local del dijous 20 de juliol va aprovar un acord de col\u00b7laboraci\u00f3 entre l\u2019Ajuntament i Correus mitjan\u00e7ant el qual s\u2019instal\u00b7lar\u00e0 un dispositiu CityPaq per a l\u2019entrega &hellip; <a href=\"https:\/\/bisbalpenedes.com\/web\/2017\/08\/01\/lajuntament-de-la-bisbal-comptara-amb-el-servei-citypaq-de-correus-a-la-tardor\/\" class=\"more-link\">Read More<\/a><\/p>\n","protected":false},"author":4,"featured_media":2944,"comment_status":"closed","ping_status":"closed","sticky":false,"template":"","format":"standard","meta":[],"categories":[4],"tags":[677,682,683,678,679,681,680,684],"_links":{"self":[{"href":"https:\/\/bisbalpenedes.com\/web\/wp-json\/wp\/v2\/posts\/2943"}],"collection":[{"href":"https:\/\/bisbalpenedes.com\/web\/wp-json\/wp\/v2\/posts"}],"about":[{"href":"https:\/\/bisbalpenedes.com\/web\/wp-json\/wp\/v2\/types\/post"}],"author":[{"embeddable":true,"href":"https:\/\/bisbalpenedes.com\/web\/wp-json\/wp\/v2\/users\/4"}],"replies":[{"embeddable":true,"href":"https:\/\/bisbalpenedes.com\/web\/wp-json\/wp\/v2\/comments?post=2943"}],"version-history":[{"count":2,"href":"https:\/\/bisbalpenedes.com\/web\/wp-json\/wp\/v2\/posts\/2943\/revisions"}],"predecessor-version":[{"id":2996,"href":"https:\/\/bisbalpenedes.com\/web\/wp-json\/wp\/v2\/posts\/2943\/revisions\/2996"}],"wp:featuredmedia":[{"embeddable":true,"href":"https:\/\/bisbalpenedes.com\/web\/wp-json\/wp\/v2\/media\/2944"}],"wp:attachment":[{"href":"https:\/\/bisbalpenedes.com\/web\/wp-json\/wp\/v2\/media?parent=2943"}],"wp:term":[{"taxonomy":"category","embeddable":true,"href":"https:\/\/bisbalpenedes.com\/web\/wp-json\/wp\/v2\/categories?post=2943"},{"taxonomy":"post_tag","embeddable":true,"href":"https:\/\/bisbalpenedes.com\/web\/wp-json\/wp\/v2\/tags?post=2943"}],"curies":[{"name":"wp","href":"https:\/\/api.w.org\/{rel}","templated":true}]}}