{"id":29428,"date":"2024-03-08T10:54:27","date_gmt":"2024-03-08T08:54:27","guid":{"rendered":"https:\/\/bisbalpenedes.com\/web\/?p=29428"},"modified":"2024-03-08T10:54:27","modified_gmt":"2024-03-08T08:54:27","slug":"activitats-amb-motiu-del-dia-internacional-de-les-dones","status":"publish","type":"post","link":"https:\/\/bisbalpenedes.com\/web\/2024\/03\/08\/activitats-amb-motiu-del-dia-internacional-de-les-dones\/","title":{"rendered":"Activitats amb motiu del Dia internacional de les dones"},"content":{"rendered":"\n<p>Amb motiu del Dia internacional de les dones, avui divendres 8 de mar\u00e7 hem preparat dues activitats:<\/p>\n\n\n\n<p>\u25aa\ufe0fA les 18h, a la Biblioteca p\u00fablica de la Bisbal del Pened\u00e8s, conte familiar \u201cEncara que sigui una nena\u201d de Susagna Nav\u00f3.<\/p>\n\n\n\n<p>\u25aa\ufe0fA les 18h, classe magistral de boxa al Club de Boxa (avda. Diputaci\u00f3) amb la campiona M\u00edriam Guti\u00e9rrez (La Reina). Activitat exclusiva per a dones de totes les edats, amb entrada gratu\u00efta. M\u00e9s informaci\u00f3 al 616860660.<\/p>\n\n\n\n<p>\ud83d\udd17Us enllacem tamb\u00e9 el manifest de la Federaci\u00f3 de Municipis de Catalunya &#8211; FMC i l&#8217;Associaci\u00f3 Catalana de Municipis | ACM, al que un any m\u00e9s hem adherit: <strong><a href=\"https:\/\/bisbalpenedes.com\/web\/wp-content\/uploads\/2024\/03\/MANIFEST-DIA-INTERNACIONAL-DE-LES-DONES-2024.pdf\">https:\/\/bisbalpenedes.com\/web\/wp-content\/uploads\/2024\/03\/MANIFEST-DIA-INTERNACIONAL-DE-LES-DONES-2024.pdf<\/a><\/strong><\/p>\n\n\n\n<hr class=\"wp-block-separator has-alpha-channel-opacity\"\/>\n\n\n\n<p><strong>CASTELLANO |<\/strong> Con motivo del D\u00eda de las Mujeres,hoy viernes 8 de marzo hemos preparado dos actividades:<\/p>\n\n\n\n<p>\u25aa\ufe0fA las 18h, en la Biblioteca p\u00fablica de la Bisbal el Pened\u00e8s, cuento familiar \u201cEncara que sigui una nena\u201d de Susagna Nav\u00f3.<\/p>\n\n\n\n<p>\u25aa\ufe0fA las 18h, clase magistral de boxeo en el Club de Boxa (avda. Diputaci\u00f3) con la campeona M\u00edriam Guti\u00e9rrez (La Reina). Actividad exclusiva para mujeres de todas las edades, con entrada gratuita. M\u00e1s informaci\u00f3n en el 616860660.<\/p>\n\n\n\n<p>Os enlazamos tambi\u00e9n el manifiesto de la Federaci\u00f3 de Municipis de Catalunya &#8211; FMC y de la Associaci\u00f3 Catalana de Municipis | ACM, al que un a\u00f1o m\u00e1s nos hemos adherido: <strong><a href=\"https:\/\/bisbalpenedes.com\/web\/wp-content\/uploads\/2024\/03\/MANIFEST-DIA-INTERNACIONAL-DE-LES-DONES-2024.pdf\">https:\/\/bisbalpenedes.com\/web\/wp-content\/uploads\/2024\/03\/MANIFEST-DIA-INTERNACIONAL-DE-LES-DONES-2024.pdf<\/a><\/strong><\/p>\n","protected":false},"excerpt":{"rendered":"<p>Amb motiu del Dia internacional de les dones, avui divendres 8 de mar\u00e7 hem preparat dues activitats: \u25aa\ufe0fA les 18h, a la Biblioteca p\u00fablica de la Bisbal del Pened\u00e8s, conte &hellip; <a href=\"https:\/\/bisbalpenedes.com\/web\/2024\/03\/08\/activitats-amb-motiu-del-dia-internacional-de-les-dones\/\" class=\"more-link\">Read More<\/a><\/p>\n","protected":false},"author":4,"featured_media":29429,"comment_status":"closed","ping_status":"closed","sticky":false,"template":"","format":"standard","meta":[],"categories":[2942,2402,6120,8],"tags":[3542,4387,6517,6516,3543,232,393],"_links":{"self":[{"href":"https:\/\/bisbalpenedes.com\/web\/wp-json\/wp\/v2\/posts\/29428"}],"collection":[{"href":"https:\/\/bisbalpenedes.com\/web\/wp-json\/wp\/v2\/posts"}],"about":[{"href":"https:\/\/bisbalpenedes.com\/web\/wp-json\/wp\/v2\/types\/post"}],"author":[{"embeddable":true,"href":"https:\/\/bisbalpenedes.com\/web\/wp-json\/wp\/v2\/users\/4"}],"replies":[{"embeddable":true,"href":"https:\/\/bisbalpenedes.com\/web\/wp-json\/wp\/v2\/comments?post=29428"}],"version-history":[{"count":1,"href":"https:\/\/bisbalpenedes.com\/web\/wp-json\/wp\/v2\/posts\/29428\/revisions"}],"predecessor-version":[{"id":29430,"href":"https:\/\/bisbalpenedes.com\/web\/wp-json\/wp\/v2\/posts\/29428\/revisions\/29430"}],"wp:featuredmedia":[{"embeddable":true,"href":"https:\/\/bisbalpenedes.com\/web\/wp-json\/wp\/v2\/media\/29429"}],"wp:attachment":[{"href":"https:\/\/bisbalpenedes.com\/web\/wp-json\/wp\/v2\/media?parent=29428"}],"wp:term":[{"taxonomy":"category","embeddable":true,"href":"https:\/\/bisbalpenedes.com\/web\/wp-json\/wp\/v2\/categories?post=29428"},{"taxonomy":"post_tag","embeddable":true,"href":"https:\/\/bisbalpenedes.com\/web\/wp-json\/wp\/v2\/tags?post=29428"}],"curies":[{"name":"wp","href":"https:\/\/api.w.org\/{rel}","templated":true}]}}