{"id":29418,"date":"2024-03-07T09:34:34","date_gmt":"2024-03-07T07:34:34","guid":{"rendered":"https:\/\/bisbalpenedes.com\/web\/?p=29418"},"modified":"2024-03-07T09:34:34","modified_gmt":"2024-03-07T07:34:34","slug":"saproven-la-quarta-i-tercera-certificacio-de-les-obres-de-renovacio-parcial-de-les-xarxes-daigua-del-priorat-i-can-gordei","status":"publish","type":"post","link":"https:\/\/bisbalpenedes.com\/web\/2024\/03\/07\/saproven-la-quarta-i-tercera-certificacio-de-les-obres-de-renovacio-parcial-de-les-xarxes-daigua-del-priorat-i-can-gordei\/","title":{"rendered":"S\u2019aproven la quarta i tercera certificaci\u00f3 de les obres de renovaci\u00f3 parcial de les xarxes d\u2019aigua del Priorat i Can Gordei"},"content":{"rendered":"\n<p>La Junta de Govern de 4 de mar\u00e7 va aprovar, a petici\u00f3 de les regidories de Barris i del Servei d\u2019abastament d\u2019aigua potable, la tercera certificaci\u00f3 de les obres de renovaci\u00f3 parcial de la xarxa d\u2019aigua del Priorat per un import de 49.154,45\u20ac (IVA incl\u00f2s) i la tercera certificaci\u00f3 de les obres de renovaci\u00f3 parcial de la xarxa d\u2019aigua de Can Gordei per un import de 20.051,28\u20ac (IVA incl\u00f2s).<\/p>\n\n\n\n<p>L\u2019alcaldessa de la Bisbal del Pened\u00e8s, Agn\u00e8s Ferr\u00e9, ha explicat que \u201cles obres de la xarxa d\u2019aigua del Priorat estan a punt d\u2019acabar-se i a Can Gordei avancen per acabar-les al m\u00e9s aviat possible\u201d.<\/p>\n\n\n\n<hr class=\"wp-block-separator has-alpha-channel-opacity\"\/>\n\n\n\n<p><strong>CASTELLANO |<\/strong>&nbsp;La Junta de Gobierno del 4 de marzo aprob\u00f3, a petici\u00f3n de las concejal\u00edas de Barrios y del Servicio de abastecimiento de agua potable, la tercera certificaci\u00f3n de las obres de renovaci\u00f3n parcial de la red de agua del Priorat por un importe de 49.154,45\u20ac (IVA incluido) y la tercera certificaci\u00f3n de las obres de renovaci\u00f3n parcial de la red de agua de Can Gordei por un importe de 20.051,28\u20ac (IVA incluido).<\/p>\n\n\n\n<p>La alcaldesa de la Bisbal del Pened\u00e8s, Agn\u00e8s Ferr\u00e9, ha explicado que \u201clas obres de la red de agua del Priorat est\u00e1n a punto de terminarse y en Can Gordei avanzan para terminarlas lo antes posible\u201d.<\/p>\n","protected":false},"excerpt":{"rendered":"<p>La Junta de Govern de 4 de mar\u00e7 va aprovar, a petici\u00f3 de les regidories de Barris i del Servei d\u2019abastament d\u2019aigua potable, la tercera certificaci\u00f3 de les obres de &hellip; <a href=\"https:\/\/bisbalpenedes.com\/web\/2024\/03\/07\/saproven-la-quarta-i-tercera-certificacio-de-les-obres-de-renovacio-parcial-de-les-xarxes-daigua-del-priorat-i-can-gordei\/\" class=\"more-link\">Read More<\/a><\/p>\n","protected":false},"author":4,"featured_media":28041,"comment_status":"closed","ping_status":"closed","sticky":false,"template":"","format":"standard","meta":[],"categories":[8,3352,15],"tags":[459,198,393,6513,1374,520],"_links":{"self":[{"href":"https:\/\/bisbalpenedes.com\/web\/wp-json\/wp\/v2\/posts\/29418"}],"collection":[{"href":"https:\/\/bisbalpenedes.com\/web\/wp-json\/wp\/v2\/posts"}],"about":[{"href":"https:\/\/bisbalpenedes.com\/web\/wp-json\/wp\/v2\/types\/post"}],"author":[{"embeddable":true,"href":"https:\/\/bisbalpenedes.com\/web\/wp-json\/wp\/v2\/users\/4"}],"replies":[{"embeddable":true,"href":"https:\/\/bisbalpenedes.com\/web\/wp-json\/wp\/v2\/comments?post=29418"}],"version-history":[{"count":1,"href":"https:\/\/bisbalpenedes.com\/web\/wp-json\/wp\/v2\/posts\/29418\/revisions"}],"predecessor-version":[{"id":29419,"href":"https:\/\/bisbalpenedes.com\/web\/wp-json\/wp\/v2\/posts\/29418\/revisions\/29419"}],"wp:featuredmedia":[{"embeddable":true,"href":"https:\/\/bisbalpenedes.com\/web\/wp-json\/wp\/v2\/media\/28041"}],"wp:attachment":[{"href":"https:\/\/bisbalpenedes.com\/web\/wp-json\/wp\/v2\/media?parent=29418"}],"wp:term":[{"taxonomy":"category","embeddable":true,"href":"https:\/\/bisbalpenedes.com\/web\/wp-json\/wp\/v2\/categories?post=29418"},{"taxonomy":"post_tag","embeddable":true,"href":"https:\/\/bisbalpenedes.com\/web\/wp-json\/wp\/v2\/tags?post=29418"}],"curies":[{"name":"wp","href":"https:\/\/api.w.org\/{rel}","templated":true}]}}