{"id":2941,"date":"2017-07-31T15:32:02","date_gmt":"2017-07-31T09:32:02","guid":{"rendered":"http:\/\/bisbalpenedes.com\/web\/?p=2941"},"modified":"2017-07-31T15:32:02","modified_gmt":"2017-07-31T09:32:02","slug":"sadjudica-la-redaccio-del-projecte-de-rehabilitacio-del-poliesportiu-municipal","status":"publish","type":"post","link":"https:\/\/bisbalpenedes.com\/web\/2017\/07\/31\/sadjudica-la-redaccio-del-projecte-de-rehabilitacio-del-poliesportiu-municipal\/","title":{"rendered":"S&#8217;adjudica la redacci\u00f3 del projecte de rehabilitaci\u00f3 del Poliesportiu Municipal"},"content":{"rendered":"<h6 style=\"text-align: center;\"><a href=\"http:\/\/bisbalpenedes.com\/web\/wp-content\/uploads\/2017\/06\/IMG_7575.jpg\"><img loading=\"lazy\" class=\"aligncenter size-medium wp-image-2704\" title=\"Mesa Contractaci\u00f3 redacci\u00f3 obres poliesportiu\" src=\"http:\/\/bisbalpenedes.com\/web\/wp-content\/uploads\/2017\/06\/IMG_7575-300x225.jpg\" alt=\"\" width=\"300\" height=\"225\" srcset=\"https:\/\/bisbalpenedes.com\/web\/wp-content\/uploads\/2017\/06\/IMG_7575-300x225.jpg 300w, https:\/\/bisbalpenedes.com\/web\/wp-content\/uploads\/2017\/06\/IMG_7575-600x450.jpg 600w, https:\/\/bisbalpenedes.com\/web\/wp-content\/uploads\/2017\/06\/IMG_7575-1024x768.jpg 1024w, https:\/\/bisbalpenedes.com\/web\/wp-content\/uploads\/2017\/06\/IMG_7575.jpg 1600w\" sizes=\"(max-width: 300px) 100vw, 300px\" \/><\/a>Mesa de contractaci\u00f3 del Poliesportiu. Foto del 28 de juliol de 2017<\/h6>\n<p>La Junta de Govern del divendres 28 de juliol va aprovar l\u2019adjudicaci\u00f3 de la contractaci\u00f3 del servei de redacci\u00f3 del projecte de rehabilitaci\u00f3 del Poliesportiu Municipal, mitjan\u00e7ant procediment obert. La Mesa de contractaci\u00f3 es va reunir el 8 i el 28 de juny i va decidir, d\u2019acord amb les puntuacions obtingudes, adjudicar la contractaci\u00f3 del servei de redacci\u00f3 del projecte a l\u2019equip redactor Anton P\u00e0mies\/Josep Angl\u00e8s i Albert P\u00e0mies (UTE) per un import total de 79.255\u20ac (IVA incl\u00f2s). Ara hauran de presentar la documentaci\u00f3 abans de 15 dies i ja podr\u00e1n iniciar la redacci\u00f3 del projecte.<\/p>\n<p>Recordem que el 2017 es va organitzar un concurs d\u2019idees per rehabilitar el poliesportiu municipal. En aquell concurs d\u2019idees s\u2019hi van presentar dues propostes i es va fer una votaci\u00f3 popular perqu\u00e8 els bisbalencs i les bisbalenques triessin la idea que preferien. La Junta de Govern del 20 d\u2019abril de 2017, d\u2019acord amb aquesta idea guanyadora, va aprovar el Plec de Cl\u00e0usules per a la redacci\u00f3 del projecte. Es van presentar vuit propostes i la Mesa de contractaci\u00f3 va puntuar les diferents propostes. Finalment la guanyadora ha estat la de l\u2019equip redactor que s\u2019ha esmentat anteriorment.<\/p>\n<p>\u00c9s una informaci\u00f3 de les Regidories d\u2019Esports i Urbanisme.<\/p>\n","protected":false},"excerpt":{"rendered":"<p>Mesa de contractaci\u00f3 del Poliesportiu. Foto del 28 de juliol de 2017 La Junta de Govern del divendres 28 de juliol va aprovar l\u2019adjudicaci\u00f3 de la contractaci\u00f3 del servei de &hellip; <a href=\"https:\/\/bisbalpenedes.com\/web\/2017\/07\/31\/sadjudica-la-redaccio-del-projecte-de-rehabilitacio-del-poliesportiu-municipal\/\" class=\"more-link\">Read More<\/a><\/p>\n","protected":false},"author":4,"featured_media":2704,"comment_status":"closed","ping_status":"closed","sticky":false,"template":"","format":"standard","meta":[],"categories":[19,15],"tags":[675,486,204,484,674,394,676],"_links":{"self":[{"href":"https:\/\/bisbalpenedes.com\/web\/wp-json\/wp\/v2\/posts\/2941"}],"collection":[{"href":"https:\/\/bisbalpenedes.com\/web\/wp-json\/wp\/v2\/posts"}],"about":[{"href":"https:\/\/bisbalpenedes.com\/web\/wp-json\/wp\/v2\/types\/post"}],"author":[{"embeddable":true,"href":"https:\/\/bisbalpenedes.com\/web\/wp-json\/wp\/v2\/users\/4"}],"replies":[{"embeddable":true,"href":"https:\/\/bisbalpenedes.com\/web\/wp-json\/wp\/v2\/comments?post=2941"}],"version-history":[{"count":3,"href":"https:\/\/bisbalpenedes.com\/web\/wp-json\/wp\/v2\/posts\/2941\/revisions"}],"predecessor-version":[{"id":2982,"href":"https:\/\/bisbalpenedes.com\/web\/wp-json\/wp\/v2\/posts\/2941\/revisions\/2982"}],"wp:featuredmedia":[{"embeddable":true,"href":"https:\/\/bisbalpenedes.com\/web\/wp-json\/wp\/v2\/media\/2704"}],"wp:attachment":[{"href":"https:\/\/bisbalpenedes.com\/web\/wp-json\/wp\/v2\/media?parent=2941"}],"wp:term":[{"taxonomy":"category","embeddable":true,"href":"https:\/\/bisbalpenedes.com\/web\/wp-json\/wp\/v2\/categories?post=2941"},{"taxonomy":"post_tag","embeddable":true,"href":"https:\/\/bisbalpenedes.com\/web\/wp-json\/wp\/v2\/tags?post=2941"}],"curies":[{"name":"wp","href":"https:\/\/api.w.org\/{rel}","templated":true}]}}