{"id":29396,"date":"2024-03-05T21:16:55","date_gmt":"2024-03-05T19:16:55","guid":{"rendered":"https:\/\/bisbalpenedes.com\/web\/?p=29396"},"modified":"2024-03-05T21:16:55","modified_gmt":"2024-03-05T19:16:55","slug":"saprova-inicialment-el-projecte-del-nou-cami-de-vianants-del-nucli-al-priorat-de-la-bisbal","status":"publish","type":"post","link":"https:\/\/bisbalpenedes.com\/web\/2024\/03\/05\/saprova-inicialment-el-projecte-del-nou-cami-de-vianants-del-nucli-al-priorat-de-la-bisbal\/","title":{"rendered":"S\u2019aprova inicialment el projecte del nou cam\u00ed de vianants del nucli al Priorat de la Bisbal"},"content":{"rendered":"\n<p>La Junta de Govern del 4 de mar\u00e7 ha aprovat, inicialment, el projecte b\u00e0sic i d\u2019execuci\u00f3 i l\u2019estudi b\u00e0sic de seguretat i salut de les obres d\u2019urbanitzaci\u00f3 del cam\u00ed de vianants al Priorat. Aquest cam\u00ed s\u2019executar\u00e0 aquest 2024 i t\u00e9 per objectiu unir el barri de la Riba (al nucli) amb la urbanitzaci\u00f3 del Priorat de la Bisbal a trav\u00e9s d\u2019un cam\u00ed segur per a vianants i bicicletes. El recorregut tindr\u00e0 un total de 1,144 metres i comptar\u00e0 amb 31 nous punts de llum. El cost total de les obres ser\u00e0 de 262.378,13\u20ac (IVA incl\u00f2s) i la Diputaci\u00f3 de Tarragona en subvencionar\u00e0 64.000\u20ac.<\/p>\n\n\n\n<p>El cam\u00ed anir\u00e0 des del nou aparcament de la Riba fins passat el pont de l\u2019autopista, amb un recorregut total de 1.144m de longitud i una amplada de 2m. El vial ser\u00e0 per a vianants i tamb\u00e9 apte per a bicicletes i disposar\u00e0 d\u2019enllumenat p\u00fablic, ja que a banda de l\u2019existent en els trams paral\u00b7lels a la carretera, es col\u00b7locaran 31 nous fanals en l\u2019\u00faltim tram (el que passa a prop de l\u2019autopista). El terra ser\u00e0 de saul\u00f3, a excepci\u00f3 del cam\u00ed de terra que voreja l\u2019autopista, que es far\u00e0 amb formig\u00f3 per evitar que les pluges i les escorrenties facin malb\u00e9 el nou cam\u00ed. El projecte del cam\u00ed ha estat redactat per Pau Jans\u00e0 i Oliv\u00e9 i inclou el projecte a executar i les finques a expropiar, que s\u2019han valorat en un total de 2.079,50m2 i un valor de 6\u20ac m2, donant un total de 12.477\u20ac. Per tant, el cost de les obres ascendeix a 262.378,13\u20ac (IVA incl\u00f2s), i inclou l\u2019execuci\u00f3 amb 249.901,13\u20ac (IVA incl\u00f2s) i la valoraci\u00f3 de les finques a expropiar (12.477\u20ac).<\/p>\n\n\n\n<p>Des de les Regidories de Barris i Urbanisme han explicat que \u201c<em>\u00e9s un projecte respectu\u00f3s amb l\u2019entorn: s\u2019arreglen murs de ma\u00e7oneria existents, s\u2019incorporen murs de gabions de pedra i baranes fetes amb pals de fusta de pi. En els trams on hi ha la tanca met\u00e0l\u00b7lica, es folrar\u00e0 de fusta per la part interior del cam\u00ed per millorar la integraci\u00f3 en l\u2019ambient rural. A m\u00e9s, el projecte incorpora un estudi lum\u00ednic fet amb m\u00f2duls i llumin\u00e0ries que compleix amb els requisits que estableix la normativa d\u2019efici\u00e8ncia energ\u00e8tica\u201d.<\/em> L\u2019equip de govern est\u00e0 preparant tamb\u00e9 una nova extensi\u00f3 d\u2019aquest projecte que anir\u00e0 a la coneguda com a \u201cextra\u201d del Priorat de la Bisbal o \u201cPriorat de Baix\u201d.<\/p>\n\n\n\n<p>Les obres comen\u00e7aran aquest 2024, una vegada s\u2019hagi fet la licitaci\u00f3 i s\u2019hagi adjudicat l\u2019obra. La durada prevista de les actuacions \u00e9s de dos mesos. Ara, el projecte estar\u00e0 exposat durant 30 dies h\u00e0bils des de la seva publicaci\u00f3 al BOPT i, passat aquest termini, en cas que no hi hagi hagut al\u00b7legacions, ja es podran licitar les obres.<\/p>\n\n\n\n<figure class=\"wp-block-image size-full\"><img loading=\"lazy\" width=\"920\" height=\"818\" src=\"https:\/\/bisbalpenedes.com\/web\/wp-content\/uploads\/2024\/03\/CAMI\u0301-DEL-PRIORAT.png\" alt=\"\" class=\"wp-image-29398\" srcset=\"https:\/\/bisbalpenedes.com\/web\/wp-content\/uploads\/2024\/03\/CAMI\u0301-DEL-PRIORAT.png 920w, https:\/\/bisbalpenedes.com\/web\/wp-content\/uploads\/2024\/03\/CAMI\u0301-DEL-PRIORAT-300x267.png 300w, https:\/\/bisbalpenedes.com\/web\/wp-content\/uploads\/2024\/03\/CAMI\u0301-DEL-PRIORAT-768x683.png 768w, https:\/\/bisbalpenedes.com\/web\/wp-content\/uploads\/2024\/03\/CAMI\u0301-DEL-PRIORAT-600x533.png 600w\" sizes=\"(max-width: 920px) 100vw, 920px\" \/><\/figure>\n\n\n\n<hr class=\"wp-block-separator has-alpha-channel-opacity\"\/>\n\n\n\n<p><strong>CASTELLANO |<\/strong> La Junta de Gobierno del 4 de marzo ha aprobado, inicialmente, el proyecto b\u00e1sico y de ejecuci\u00f3n y el estudio b\u00e1sico de seguridad y salud de las obras de urbanizaci\u00f3n del camino de peatones en el Priorat. Este camino se ejecutar\u00e1 este 2024 y tiene como objetivo unir el barrio de la Riba (en el n\u00facleo) con la urbanizaci\u00f3n del Priorat de la Bisbal a trav\u00e9s de un camino seguro para peatones y bicicletas. El recorrido tendr\u00e1 un total de 1,144 metros y contar\u00e1 con 31 nuevos puntos de luz. El coste total de las obras ser\u00e1 de 262.378,13\u20ac (IVA incluido) y la Diputaci\u00f3 de Tarragona subvencionar\u00e1 las obras con 64.000\u20ac.<\/p>\n\n\n\n<p>El camino ir\u00e1 desde el nuevo aparcamiento de la Riba hasta pasado el puente de la autopista, con un recorrido total de 1.144m de longitud y 2m de ancho. El vial ser\u00e1 para peatones y tambi\u00e9n apto para bicicletas y dispondr\u00e1 de alumbrado p\u00fablico, ya que, aparte del existente en los tramos paralelos a la carretera, se colocar\u00e1n 31 nuevas farolas en el \u00faltimo tramo (el que pasa cerca de la autopista). El suelo ser\u00e1 de sabl\u00f3n, a excepci\u00f3n del camino de tierra que bordea la autopista, que se har\u00e1 con hormig\u00f3n para evitar que las lluvias y las escorrent\u00edas estropeen el nuevo camino. El proyecto del camino ha sido redactado por Pau Jans\u00e0 Oliv\u00e9 e incluye el proyecto a ejecutar y las fincas a expropiar, que se han valorado en un total de 2.079,50m2 y un valor de 6\u20ac m2, dando un total de 12.477\u20ac. Por tanto, el coste de las obras asciende a 262.378,13\u20ac (IVA incluido), e incluye la ejecuci\u00f3n con 249.901,13\u20ac (IVA incluido) y la valoraci\u00f3n de las fincas a expropiar (12.477\u20ac).<\/p>\n\n\n\n<p>Desde las Concejal\u00edas de Barrios y Urbanismo han explicado que \u201ces un proyecto respetuoso con el entorno: se arreglan los muros de mamposter\u00eda existentes, se incorporan muros de gaviones de piedra y barandas hechas con palos de madera de pino. En los tramos en los que hay bionda met\u00e1lica, se forrar\u00e1 de fusta por la parte interior del camino para mejorar la integraci\u00f3n en el ambiente rural. Adem\u00e1s, el proyecto incorpora un estudio lum\u00ednico hecho con m\u00f3dulos y luminarias que cumple con los requisitos que establece la normativa de eficiencia energ\u00e9tica\u201d. El equipo de gobierno est\u00e1 preparando tambi\u00e9n una nueva extensi\u00f3n de este proyecto que ir\u00e1 en la conocida como \u201cextra\u201d del Priorat de la Bisbal o \u201cPriorat de Baix\u201d.<\/p>\n\n\n\n<p>Las obras empezar\u00e1n este 2024, una vez se haya hecho la licitaci\u00f3n y se haya adjudicado la obra. La duraci\u00f3n prevista de las actuaciones es de dos meses. Ahora, el proyecto estar\u00e1 expuesto durante 30 d\u00edas h\u00e1biles desde su publicaci\u00f3n en el BOPT y, pasado este plazo, en caso de que no haya habido alegaciones, ya se podr\u00e1n licitar las obras.<\/p>\n","protected":false},"excerpt":{"rendered":"<p>La Junta de Govern del 4 de mar\u00e7 ha aprovat, inicialment, el projecte b\u00e0sic i d\u2019execuci\u00f3 i l\u2019estudi b\u00e0sic de seguretat i salut de les obres d\u2019urbanitzaci\u00f3 del cam\u00ed de &hellip; <a href=\"https:\/\/bisbalpenedes.com\/web\/2024\/03\/05\/saprova-inicialment-el-projecte-del-nou-cami-de-vianants-del-nucli-al-priorat-de-la-bisbal\/\" class=\"more-link\">Read More<\/a><\/p>\n","protected":false},"author":4,"featured_media":29397,"comment_status":"closed","ping_status":"closed","sticky":false,"template":"","format":"standard","meta":[],"categories":[4287,8,15],"tags":[459,4661,364,362,393,1374,520,199,4068],"_links":{"self":[{"href":"https:\/\/bisbalpenedes.com\/web\/wp-json\/wp\/v2\/posts\/29396"}],"collection":[{"href":"https:\/\/bisbalpenedes.com\/web\/wp-json\/wp\/v2\/posts"}],"about":[{"href":"https:\/\/bisbalpenedes.com\/web\/wp-json\/wp\/v2\/types\/post"}],"author":[{"embeddable":true,"href":"https:\/\/bisbalpenedes.com\/web\/wp-json\/wp\/v2\/users\/4"}],"replies":[{"embeddable":true,"href":"https:\/\/bisbalpenedes.com\/web\/wp-json\/wp\/v2\/comments?post=29396"}],"version-history":[{"count":1,"href":"https:\/\/bisbalpenedes.com\/web\/wp-json\/wp\/v2\/posts\/29396\/revisions"}],"predecessor-version":[{"id":29399,"href":"https:\/\/bisbalpenedes.com\/web\/wp-json\/wp\/v2\/posts\/29396\/revisions\/29399"}],"wp:featuredmedia":[{"embeddable":true,"href":"https:\/\/bisbalpenedes.com\/web\/wp-json\/wp\/v2\/media\/29397"}],"wp:attachment":[{"href":"https:\/\/bisbalpenedes.com\/web\/wp-json\/wp\/v2\/media?parent=29396"}],"wp:term":[{"taxonomy":"category","embeddable":true,"href":"https:\/\/bisbalpenedes.com\/web\/wp-json\/wp\/v2\/categories?post=29396"},{"taxonomy":"post_tag","embeddable":true,"href":"https:\/\/bisbalpenedes.com\/web\/wp-json\/wp\/v2\/tags?post=29396"}],"curies":[{"name":"wp","href":"https:\/\/api.w.org\/{rel}","templated":true}]}}