{"id":29392,"date":"2024-03-05T15:38:40","date_gmt":"2024-03-05T13:38:40","guid":{"rendered":"https:\/\/bisbalpenedes.com\/web\/?p=29392"},"modified":"2024-03-05T15:38:40","modified_gmt":"2024-03-05T13:38:40","slug":"subvencions-per-al-pagament-del-lloguer-per-a-persones-grans-de-la-generalitat-de-catalunya","status":"publish","type":"post","link":"https:\/\/bisbalpenedes.com\/web\/2024\/03\/05\/subvencions-per-al-pagament-del-lloguer-per-a-persones-grans-de-la-generalitat-de-catalunya\/","title":{"rendered":"Subvencions per al pagament del lloguer per a persones grans de la Generalitat de Catalunya"},"content":{"rendered":"\n<p>La Generalitat de Catalunya ha obert el termini de subvencions per al pagament del lloguer per a persones grans.<\/p>\n\n\n\n<p>L\u2019ajut es pot demanar fins al 27 de mar\u00e7 a les 15h i est\u00e0 adre\u00e7at a persones f\u00edsiques que tinguin 65 anys o m\u00e9s (a data 26\/02\/2024) i que siguin titulars d\u2019un contracte de lloguer o de cessi\u00f3 de l\u2019habitatge o habitaci\u00f3 que constitueixi el seu domicili habitual i permanent a Catalunya.<\/p>\n\n\n\n<p>Per a m\u00e9s informaci\u00f3, accediu a l\u2019enlla\u00e7: <a href=\"https:\/\/habitatge.gencat.cat\/ca\/ajuts\/ajuts-pagament-habitatge\/subvencions-lloguer-gent-gran\/\"><strong>https:\/\/habitatge.gencat.cat\/ca\/ajuts\/ajuts-pagament-habitatge\/subvencions-lloguer-gent-gran\/<\/strong><\/a><\/p>\n\n\n\n<p>Recordeu que al Consell Comarcal Baix Pened\u00e8s us poden ajudar a fer el tr\u00e0mit, sempre que demaneu cita amb antelaci\u00f3.<\/p>\n\n\n\n<hr class=\"wp-block-separator has-alpha-channel-opacity\"\/>\n\n\n\n<p><strong>CASTELLANO | <\/strong>La Generalitat de Catalunya ha abierto el plazo de subvenciones para el pago del alquiler para personas mayores.<\/p>\n\n\n\n<p>La ayuda se puede solicitar hasta el 27 de marzo a las 15h y est\u00e1 dirigida a personas f\u00edsicas que tengan 65 a\u00f1os o m\u00e1s (a fecha 26\/02\/2024) y que sean titulares de un contrato de alquiler o de cesi\u00f3n de la vivienda o habitaci\u00f3n que constituya su domicilio habitual y permanente en Catalunya.<\/p>\n\n\n\n<p>Para m\u00e1s informaci\u00f3n acceder al enlace: <a href=\"https:\/\/habitatge.gencat.cat\/ca\/ajuts\/ajuts-pagament-habitatge\/subvencions-lloguer-gent-gran\/\"><strong>https:\/\/habitatge.gencat.cat\/ca\/ajuts\/ajuts-pagament-habitatge\/subvencions-lloguer-gent-gran\/<\/strong><\/a><\/p>\n\n\n\n<p>Recordad que en el Consell Comarcal del Baix Pened\u00e8s os pueden ayudar a hacer el tr\u00e1mite, siempre que solicit\u00e9is cita con antelaci\u00f3n.<\/p>\n","protected":false},"excerpt":{"rendered":"<p>La Generalitat de Catalunya ha obert el termini de subvencions per al pagament del lloguer per a persones grans. L\u2019ajut es pot demanar fins al 27 de mar\u00e7 a les &hellip; <a href=\"https:\/\/bisbalpenedes.com\/web\/2024\/03\/05\/subvencions-per-al-pagament-del-lloguer-per-a-persones-grans-de-la-generalitat-de-catalunya\/\" class=\"more-link\">Read More<\/a><\/p>\n","protected":false},"author":4,"featured_media":29393,"comment_status":"closed","ping_status":"closed","sticky":false,"template":"","format":"standard","meta":[],"categories":[3851,3137,464,8],"tags":[459,1056,865,305,1180,393,3852,102],"_links":{"self":[{"href":"https:\/\/bisbalpenedes.com\/web\/wp-json\/wp\/v2\/posts\/29392"}],"collection":[{"href":"https:\/\/bisbalpenedes.com\/web\/wp-json\/wp\/v2\/posts"}],"about":[{"href":"https:\/\/bisbalpenedes.com\/web\/wp-json\/wp\/v2\/types\/post"}],"author":[{"embeddable":true,"href":"https:\/\/bisbalpenedes.com\/web\/wp-json\/wp\/v2\/users\/4"}],"replies":[{"embeddable":true,"href":"https:\/\/bisbalpenedes.com\/web\/wp-json\/wp\/v2\/comments?post=29392"}],"version-history":[{"count":1,"href":"https:\/\/bisbalpenedes.com\/web\/wp-json\/wp\/v2\/posts\/29392\/revisions"}],"predecessor-version":[{"id":29394,"href":"https:\/\/bisbalpenedes.com\/web\/wp-json\/wp\/v2\/posts\/29392\/revisions\/29394"}],"wp:featuredmedia":[{"embeddable":true,"href":"https:\/\/bisbalpenedes.com\/web\/wp-json\/wp\/v2\/media\/29393"}],"wp:attachment":[{"href":"https:\/\/bisbalpenedes.com\/web\/wp-json\/wp\/v2\/media?parent=29392"}],"wp:term":[{"taxonomy":"category","embeddable":true,"href":"https:\/\/bisbalpenedes.com\/web\/wp-json\/wp\/v2\/categories?post=29392"},{"taxonomy":"post_tag","embeddable":true,"href":"https:\/\/bisbalpenedes.com\/web\/wp-json\/wp\/v2\/tags?post=29392"}],"curies":[{"name":"wp","href":"https:\/\/api.w.org\/{rel}","templated":true}]}}