{"id":29385,"date":"2024-03-05T13:11:43","date_gmt":"2024-03-05T11:11:43","guid":{"rendered":"https:\/\/bisbalpenedes.com\/web\/?p=29385"},"modified":"2024-03-05T13:15:19","modified_gmt":"2024-03-05T11:15:19","slug":"lajuntament-fa-la-primera-intervencio-per-a-la-recuperacio-de-les-pintures-murals-de-la-facana-de-ledifici-de-les-escoles-de-la-bisbal-del-penedes","status":"publish","type":"post","link":"https:\/\/bisbalpenedes.com\/web\/2024\/03\/05\/lajuntament-fa-la-primera-intervencio-per-a-la-recuperacio-de-les-pintures-murals-de-la-facana-de-ledifici-de-les-escoles-de-la-bisbal-del-penedes\/","title":{"rendered":"L&#8217;Ajuntament fa la primera intervenci\u00f3 per a la recuperaci\u00f3 de les pintures murals de la fa\u00e7ana de l&#8217;edifici centenari de les escoles de la Bisbal del Pened\u00e8s"},"content":{"rendered":"\n<p>El passat dimarts 20 de mar\u00e7 va tenir lloc, a petici\u00f3 de les regidories d&#8217;Ensenyament i Cultura, una intervenci\u00f3 a l&#8217;edifici centenari de l&#8217;escola bisbalenca, al carrer Balmes, que tenia per objectiu estudiar la viabilitat de la recuperaci\u00f3 de les pintures murals originals de la fa\u00e7ana. Aquesta intervenci\u00f3 va anar a c\u00e0rrec de l&#8217;empresa vendrellenca Lesena Patrimoni Cultural, especialitzada en protecci\u00f3, conservaci\u00f3 i restauraci\u00f3 del patrimoni cultural, amb una gran experi\u00e8ncia en la intervenci\u00f3 i restauraci\u00f3 d&#8217;elements murals a l&#8217;aire lliure.<\/p>\n\n\n\n<p>Actualment, a la fa\u00e7ana de l&#8217;escola no s&#8217;observa cap mena de decoraci\u00f3 pict\u00f2rica, ja que la fa\u00e7ana es presenta totalment recoberta per una capa de pintura de color blanc. Tanmateix, origin\u00e0riament la fa\u00e7ana de l&#8217;escola estava decorada amb tres jocs de pintures murals: un a cada torre i un tercer en el medall\u00f3 central de l&#8217;edifici.<\/p>\n\n\n\n<p>L&#8217;empresa vendrellenca va fer una dotzena de cales prospectives en diversos punts dels m\u00f2duls d&#8217;acc\u00e9s oest i est i al cos central a la recerca de possibles restes de les pintures murals que decoraven la fa\u00e7ana principal de les escoles p\u00fabliques del municipi, a partir de la documentaci\u00f3 fotogr\u00e0fica que es conserva del dia de la seva inauguraci\u00f3 (1923). Havent fet aquestes cales, sota la capa de mig mil\u00b7l\u00edmetre de gruix, aproximadament, executada amb la t\u00e8cnica del &#8220;gotel\u00e9&#8221;, es va poder apreciar l&#8217;exist\u00e8ncia del revestiment de morter original de l&#8217;edifici, sobre el qual hi havia una capa de pintura de color ocre.<\/p>\n\n\n\n<p>Tot i que la recerca ha estat infructuosa, ja que no s&#8217;han trobat vestigis suficients de les ornamentacions pict\u00f2riques, gr\u00e0cies a la intervenci\u00f3 i a l&#8217;estudi t\u00e8cnic realitzat per l&#8217;empresa, s&#8217;ha pogut determinar l&#8217;evoluci\u00f3 constructiva de l&#8217;edifici. Aquest, originalment, va ser arrebossat amb un morter de color marron\u00f3s, probablement de cal\u00e7, amb uns \u00e0rids procedents de riera. Al damunt d&#8217;aquesta capa s&#8217;han observat les restes d&#8217;una capa de pintura de color ocre, que caldria relacionar amb el moment de la construcci\u00f3 de l&#8217;edifici. Finalment, les capes m\u00e9s modernes de pintura es van fer en color blanc.<\/p>\n\n\n\n<p>Aix\u00f2 no obstant, la voluntat de l&#8217;Ajuntament de la Bisbal del Pened\u00e8s \u00e9s continuar treballant en un estudi per con\u00e8ixer la viabilitat i el cost de la reproducci\u00f3 i restituci\u00f3 de la decoraci\u00f3 pict\u00f2rica original de l&#8217;edifici, a partir de les mostres fotogr\u00e0fiques trobades en diferents arxius. Aquest estudi se li encarregaria a la mateixa empresa especialitzada, que ja ha restaurat obres de tant valor com els estucats del Portal del Pardo del Vendrell.<\/p>\n\n\n\n<figure class=\"wp-block-image size-large\"><img loading=\"lazy\" width=\"1024\" height=\"742\" src=\"https:\/\/bisbalpenedes.com\/web\/wp-content\/uploads\/2024\/03\/03_Escola-01-1024x742.jpg\" alt=\"\" class=\"wp-image-29387\" srcset=\"https:\/\/bisbalpenedes.com\/web\/wp-content\/uploads\/2024\/03\/03_Escola-01-1024x742.jpg 1024w, https:\/\/bisbalpenedes.com\/web\/wp-content\/uploads\/2024\/03\/03_Escola-01-300x217.jpg 300w, https:\/\/bisbalpenedes.com\/web\/wp-content\/uploads\/2024\/03\/03_Escola-01-768x557.jpg 768w, https:\/\/bisbalpenedes.com\/web\/wp-content\/uploads\/2024\/03\/03_Escola-01-1536x1114.jpg 1536w, https:\/\/bisbalpenedes.com\/web\/wp-content\/uploads\/2024\/03\/03_Escola-01-2048x1485.jpg 2048w, https:\/\/bisbalpenedes.com\/web\/wp-content\/uploads\/2024\/03\/03_Escola-01-600x435.jpg 600w\" sizes=\"(max-width: 1024px) 100vw, 1024px\" \/><figcaption><em><sub>Pintures murals de la f\u00e7ana en el dia de la seva inauguraci\u00f3 el 8 de juliol de 1923<\/sub><\/em><\/figcaption><\/figure>\n\n\n\n<figure class=\"wp-block-image size-large\"><img loading=\"lazy\" width=\"1024\" height=\"631\" src=\"https:\/\/bisbalpenedes.com\/web\/wp-content\/uploads\/2024\/03\/Captura-de-pantalla-2024-03-05-a-les-12.10.43-1024x631.png\" alt=\"\" class=\"wp-image-29388\" srcset=\"https:\/\/bisbalpenedes.com\/web\/wp-content\/uploads\/2024\/03\/Captura-de-pantalla-2024-03-05-a-les-12.10.43-1024x631.png 1024w, https:\/\/bisbalpenedes.com\/web\/wp-content\/uploads\/2024\/03\/Captura-de-pantalla-2024-03-05-a-les-12.10.43-300x185.png 300w, https:\/\/bisbalpenedes.com\/web\/wp-content\/uploads\/2024\/03\/Captura-de-pantalla-2024-03-05-a-les-12.10.43-768x473.png 768w, https:\/\/bisbalpenedes.com\/web\/wp-content\/uploads\/2024\/03\/Captura-de-pantalla-2024-03-05-a-les-12.10.43-1536x946.png 1536w, https:\/\/bisbalpenedes.com\/web\/wp-content\/uploads\/2024\/03\/Captura-de-pantalla-2024-03-05-a-les-12.10.43-2048x1261.png 2048w, https:\/\/bisbalpenedes.com\/web\/wp-content\/uploads\/2024\/03\/Captura-de-pantalla-2024-03-05-a-les-12.10.43-600x370.png 600w\" sizes=\"(max-width: 1024px) 100vw, 1024px\" \/><\/figure>\n\n\n\n<hr class=\"wp-block-separator has-alpha-channel-opacity\"\/>\n\n\n\n<p><strong>CASTELLANO |<\/strong> El pasado martes 20 de marzo tuvo lugar, a petici\u00f3n de las concejal\u00edas de Educaci\u00f3n y Cultura, una intervenci\u00f3n en el edificio centenario de la escuela bisbalenca, en la calle Balmes, que ten\u00eda como objetivo estudiar la viabilidad de la recuperaci\u00f3n de las pinturas murales originales en la fachada. Esta intervenci\u00f3n fue a cargo de la empresa vendrellenca Lesena Patrimoni Cultural, especializada en protecci\u00f3n, conservaci\u00f3n y restauraci\u00f3n del patrimonio cultural, con una gran experiencia en la intervenci\u00f3n y restauraci\u00f3n de elementos murales al aire libre.<\/p>\n\n\n\n<p>Actualmente, en la fachada de la escuela no se observa ning\u00fan tipo de decoraci\u00f3n pict\u00f3rica, ya que la fachada se presenta totalmente recubierta por una capa de pintura de color blanco. No obstante, originalmente la fachada de la escuela estaba decorada con tres juegos de pinturas murales: uno en cada torre y un tercero en el medall\u00f3n central del edificio.<\/p>\n\n\n\n<p>La empresa vendrellenca hizo una docena de calas prospectivas en varios puntos de los m\u00f3dulos de acceso oeste y este y en el cuerpo central para encontrar posibles restos de las pinturas murales que decoraban la fachada principal de las escuelas p\u00fablicas del municipio, a partir de la documentaci\u00f3n fotogr\u00e1fica que se conserva del d\u00eda de su inauguraci\u00f3n (1923). Habiendo hecho estas calas, bajo la capa de medio mil\u00edmetro de grosor, aproximadamente, ejecutada con la t\u00e9cnica del &#8220;gotel\u00e9&#8221;, se pudo apreciar la existencia del revestimiento de mortero original del edificio, sobre el cual hab\u00eda una capa de pintura de color ocre.<\/p>\n\n\n\n<p>Aunque la b\u00fasqueda ha sido infructuosa, ya que no se han encontrado vestigios suficientes de las ornamentaciones pict\u00f3ricas, gracias a la intervenci\u00f3n y al estudio t\u00e9cnico realizado por la empresa, se ha podido determinar la evoluci\u00f3n constructiva del edificio. Este, originalmente, fue rebozado con mortero de un color marr\u00f3n, probablemente de cal, con unos \u00e1ridos procedentes de riera. Encima de esta capa se han observado los restos de una capa de pintura de color ocre, que habr\u00eda que relacionar con el momento de la construcci\u00f3n del edificio. Finalmente, las capas m\u00e1s modernas de pintura se hicieron de color blanco.<\/p>\n\n\n\n<p>No obstante, la voluntad del Ajuntament de la Bisbal del Pened\u00e8s es continuar trabajando en un estudio para conocer la viabilidad y el coste de la reproducci\u00f3n y restituci\u00f3n de la decoraci\u00f3n pict\u00f3rica original del edificio, a partir de las muestras fotogr\u00e1ficas encontradas en distintos archivos. Este estudio se le encargar\u00eda a la misma empresa especializada, que ya ha restaurado obras de tanto valor como los estucados del Portal del Pardo del Vendrell.<\/p>\n","protected":false},"excerpt":{"rendered":"<p>El passat dimarts 20 de mar\u00e7 va tenir lloc, a petici\u00f3 de les regidories d&#8217;Ensenyament i Cultura, una intervenci\u00f3 a l&#8217;edifici centenari de l&#8217;escola bisbalenca, al carrer Balmes, que tenia &hellip; <a href=\"https:\/\/bisbalpenedes.com\/web\/2024\/03\/05\/lajuntament-fa-la-primera-intervencio-per-a-la-recuperacio-de-les-pintures-murals-de-la-facana-de-ledifici-de-les-escoles-de-la-bisbal-del-penedes\/\" class=\"more-link\">Read More<\/a><\/p>\n","protected":false},"author":4,"featured_media":29386,"comment_status":"closed","ping_status":"closed","sticky":false,"template":"","format":"standard","meta":[],"categories":[13,3456,8],"tags":[459,6511,2503,393,6512,586],"_links":{"self":[{"href":"https:\/\/bisbalpenedes.com\/web\/wp-json\/wp\/v2\/posts\/29385"}],"collection":[{"href":"https:\/\/bisbalpenedes.com\/web\/wp-json\/wp\/v2\/posts"}],"about":[{"href":"https:\/\/bisbalpenedes.com\/web\/wp-json\/wp\/v2\/types\/post"}],"author":[{"embeddable":true,"href":"https:\/\/bisbalpenedes.com\/web\/wp-json\/wp\/v2\/users\/4"}],"replies":[{"embeddable":true,"href":"https:\/\/bisbalpenedes.com\/web\/wp-json\/wp\/v2\/comments?post=29385"}],"version-history":[{"count":2,"href":"https:\/\/bisbalpenedes.com\/web\/wp-json\/wp\/v2\/posts\/29385\/revisions"}],"predecessor-version":[{"id":29390,"href":"https:\/\/bisbalpenedes.com\/web\/wp-json\/wp\/v2\/posts\/29385\/revisions\/29390"}],"wp:featuredmedia":[{"embeddable":true,"href":"https:\/\/bisbalpenedes.com\/web\/wp-json\/wp\/v2\/media\/29386"}],"wp:attachment":[{"href":"https:\/\/bisbalpenedes.com\/web\/wp-json\/wp\/v2\/media?parent=29385"}],"wp:term":[{"taxonomy":"category","embeddable":true,"href":"https:\/\/bisbalpenedes.com\/web\/wp-json\/wp\/v2\/categories?post=29385"},{"taxonomy":"post_tag","embeddable":true,"href":"https:\/\/bisbalpenedes.com\/web\/wp-json\/wp\/v2\/tags?post=29385"}],"curies":[{"name":"wp","href":"https:\/\/api.w.org\/{rel}","templated":true}]}}