{"id":29362,"date":"2024-03-04T15:14:16","date_gmt":"2024-03-04T13:14:16","guid":{"rendered":"https:\/\/bisbalpenedes.com\/web\/?p=29362"},"modified":"2024-03-04T15:16:45","modified_gmt":"2024-03-04T13:16:45","slug":"la-bisbal-del-penedes-es-present-a-la-presentacio-de-la-segona-edicio-del-projecte-comarcal-docupacio-treball-a-les-comarques","status":"publish","type":"post","link":"https:\/\/bisbalpenedes.com\/web\/2024\/03\/04\/la-bisbal-del-penedes-es-present-a-la-presentacio-de-la-segona-edicio-del-projecte-comarcal-docupacio-treball-a-les-comarques\/","title":{"rendered":"La Bisbal del Pened\u00e8s ha estat present en la presentaci\u00f3 de la segona edici\u00f3 del projecte comarcal d\u2019ocupaci\u00f3 Treball a les Comarques"},"content":{"rendered":"\n<p>L&#8217;alcaldessa i responsable de l&#8217;\u00e0rea d&#8217;Ocupaci\u00f3, Agn\u00e8s Ferr\u00e9, i la t\u00e8cnica d&#8217;Ocupaci\u00f3 Municipal, Arantzazu Longares, van assistir a la presentaci\u00f3 i posada en marxa de la segona convocat\u00f2ria del projecte comarcal per fomentar la creaci\u00f3 d&#8217;activitat econ\u00f2mica que generi ocupaci\u00f3 a la comarca &#8220;Treball a Comarques&#8221; el passat 23 de febrer.<\/p>\n\n\n\n<p>Aquesta iniciativa es va dur a terme per primera vegada, l&#8217;any passat, i est\u00e0 liderada pels ajuntaments de Calafell i el Vendrell i pel Consell Comarcal del Baix Pened\u00e8s, en nom de la resta de municipis de la comarca. L&#8217;edici\u00f3 d&#8217;enguany compta amb una subvenci\u00f3 de 367.119,50\u20ac, un 41,35% m\u00e9s que l&#8217;edici\u00f3 anterior, aportada pel Servei d&#8217;Ocupaci\u00f3 de Catalunya (SOC) en el marc del programa &#8220;Treball a les Comarques&#8221;.<\/p>\n\n\n\n<p>En la primera edici\u00f3 es van atendre 135 persones, aconseguint una inserci\u00f3 laboral de 32, \u00e9s a dir, un 23,7% de les persones participants van ser inserides en el m\u00f3n laboral. Ara, la segona edici\u00f3 s&#8217;activa amb un programa espec\u00edfic, experimental i innovador, amb l&#8217;objectiu d&#8217;afavorir la inserci\u00f3 sociolaboral de col\u00b7lectius amb dificultats d&#8217;inserci\u00f3. Hi haur\u00e0 nous serveis a les empreses, que volen ser un salt qualitatiu de l&#8217;actual projecte i no nom\u00e9s s&#8217;oferiran serveis d&#8217;orientaci\u00f3 a les persones, les empreses tamb\u00e9 seran font de manteniment i generaci\u00f3 d&#8217;ocupaci\u00f3.<\/p>\n\n\n\n<p>L&#8217;alcaldessa de la Bisbal del Pened\u00e8s, Agn\u00e8s Ferr\u00e9, ha explicat que <em>&#8220;en l&#8217;edici\u00f3 de l&#8217;any 2023 es van fer tres accions formatives a la Bisbal del Pened\u00e8s i quatre de les persones que hi van participar, van trobar feina. Aix\u00f2 \u00e9s tot un \u00e8xit&#8221;.<\/em><\/p>\n\n\n\n<figure class=\"wp-block-image size-large\"><img loading=\"lazy\" width=\"768\" height=\"1024\" src=\"https:\/\/bisbalpenedes.com\/web\/wp-content\/uploads\/2024\/03\/2024-02-23-09.58.59-768x1024.jpg\" alt=\"\" class=\"wp-image-29364\" srcset=\"https:\/\/bisbalpenedes.com\/web\/wp-content\/uploads\/2024\/03\/2024-02-23-09.58.59-768x1024.jpg 768w, https:\/\/bisbalpenedes.com\/web\/wp-content\/uploads\/2024\/03\/2024-02-23-09.58.59-225x300.jpg 225w, https:\/\/bisbalpenedes.com\/web\/wp-content\/uploads\/2024\/03\/2024-02-23-09.58.59-1152x1536.jpg 1152w, https:\/\/bisbalpenedes.com\/web\/wp-content\/uploads\/2024\/03\/2024-02-23-09.58.59-1536x2048.jpg 1536w, https:\/\/bisbalpenedes.com\/web\/wp-content\/uploads\/2024\/03\/2024-02-23-09.58.59-600x800.jpg 600w, https:\/\/bisbalpenedes.com\/web\/wp-content\/uploads\/2024\/03\/2024-02-23-09.58.59-scaled.jpg 1920w\" sizes=\"(max-width: 768px) 100vw, 768px\" \/><\/figure>\n\n\n\n<p>La alcaldesa y responsable del \u00e1rea de Ocupaci\u00f3n, Agn\u00e8s Ferr\u00e9, y la t\u00e9cnica de Ocupaci\u00f3n Municipal, Arantzazu Longares, asistieron a la presentaci\u00f3n y puesta en marcha de la segunda convocatoria del proyecto comarcal para fomentar la creaci\u00f3n de actividad econ\u00f3mica que genere ocupaci\u00f3n en la comarca &#8220;Treball a Comarques&#8221; el 23 de febrero pasado.<\/p>\n\n\n\n<p>Esta iniciativa se llev\u00f3 a cabo, por primera vez, el a\u00f1o pasado y est\u00e1 liderado por los ayuntamientos de Calafell y el Vendrell y por el Consell Comarcal del Baix Pened\u00e8s, en nombre del resto de municipios de la comarca. La edici\u00f3n de este a\u00f1o cuenta con una subvenci\u00f3n de 367.119,50\u20ac, un 41,35% m\u00e1s que la edici\u00f3n anterior, aportada por el Servicio de Ocupaci\u00f3n de Catalunya (SOC) en el marco del programa &#8220;Treball a les Comarques&#8221;.<\/p>\n\n\n\n<p>En la primera edici\u00f3n se atendieron 135 personas, consiguiendo una inserci\u00f3n laboral de 32, es decir, un 23,7% de las personas participantes fueron insertadas en el mundo laboral. Ahora, la segunda edici\u00f3n se activa con un programa espec\u00edfico, experimental e innovador, con el objetivo de favorecer la inserci\u00f3n sociolaboral de colectivos con dificultades de inserci\u00f3n. Habr\u00e1 nuevos servicios a las empresas, que quieren ser un salto cualitativo del actual proyecto y no solamente se ofrecer\u00e1n servicios de orientaci\u00f3n a las personas, las empresas tambi\u00e9n ser\u00e1n fuente de mantenimiento y generaci\u00f3n de ocupaci\u00f3n.<\/p>\n\n\n\n<p>La alcaldesa de la Bisbal del Pened\u00e8s, Agn\u00e8s Ferr\u00e9, ha explicado que <em>&#8220;en la edici\u00f3n del a\u00f1o 203 se hicieron tres acciones formativas en la Bisbal del Pened\u00e8s y cuatro de las personas que participaron encontraron trabajo. Esto es todo un \u00e9xito&#8221;.<\/em><\/p>\n","protected":false},"excerpt":{"rendered":"<p>L&#8217;alcaldessa i responsable de l&#8217;\u00e0rea d&#8217;Ocupaci\u00f3, Agn\u00e8s Ferr\u00e9, i la t\u00e8cnica d&#8217;Ocupaci\u00f3 Municipal, Arantzazu Longares, van assistir a la presentaci\u00f3 i posada en marxa de la segona convocat\u00f2ria del projecte &hellip; <a href=\"https:\/\/bisbalpenedes.com\/web\/2024\/03\/04\/la-bisbal-del-penedes-es-present-a-la-presentacio-de-la-segona-edicio-del-projecte-comarcal-docupacio-treball-a-les-comarques\/\" class=\"more-link\">Read More<\/a><\/p>\n","protected":false},"author":4,"featured_media":29363,"comment_status":"closed","ping_status":"closed","sticky":false,"template":"","format":"standard","meta":[],"categories":[8,9],"tags":[393],"_links":{"self":[{"href":"https:\/\/bisbalpenedes.com\/web\/wp-json\/wp\/v2\/posts\/29362"}],"collection":[{"href":"https:\/\/bisbalpenedes.com\/web\/wp-json\/wp\/v2\/posts"}],"about":[{"href":"https:\/\/bisbalpenedes.com\/web\/wp-json\/wp\/v2\/types\/post"}],"author":[{"embeddable":true,"href":"https:\/\/bisbalpenedes.com\/web\/wp-json\/wp\/v2\/users\/4"}],"replies":[{"embeddable":true,"href":"https:\/\/bisbalpenedes.com\/web\/wp-json\/wp\/v2\/comments?post=29362"}],"version-history":[{"count":4,"href":"https:\/\/bisbalpenedes.com\/web\/wp-json\/wp\/v2\/posts\/29362\/revisions"}],"predecessor-version":[{"id":29368,"href":"https:\/\/bisbalpenedes.com\/web\/wp-json\/wp\/v2\/posts\/29362\/revisions\/29368"}],"wp:featuredmedia":[{"embeddable":true,"href":"https:\/\/bisbalpenedes.com\/web\/wp-json\/wp\/v2\/media\/29363"}],"wp:attachment":[{"href":"https:\/\/bisbalpenedes.com\/web\/wp-json\/wp\/v2\/media?parent=29362"}],"wp:term":[{"taxonomy":"category","embeddable":true,"href":"https:\/\/bisbalpenedes.com\/web\/wp-json\/wp\/v2\/categories?post=29362"},{"taxonomy":"post_tag","embeddable":true,"href":"https:\/\/bisbalpenedes.com\/web\/wp-json\/wp\/v2\/tags?post=29362"}],"curies":[{"name":"wp","href":"https:\/\/api.w.org\/{rel}","templated":true}]}}