{"id":29355,"date":"2024-03-04T14:19:18","date_gmt":"2024-03-04T12:19:18","guid":{"rendered":"https:\/\/bisbalpenedes.com\/web\/?p=29355"},"modified":"2024-03-28T08:03:36","modified_gmt":"2024-03-28T06:03:36","slug":"el-dissabte-23-de-marc-a-les-18h-podreu-veure-la-pellicula-el-mestre-que-va-prometre-el-mar-al-cmc","status":"publish","type":"post","link":"https:\/\/bisbalpenedes.com\/web\/2024\/03\/04\/el-dissabte-23-de-marc-a-les-18h-podreu-veure-la-pellicula-el-mestre-que-va-prometre-el-mar-al-cmc\/","title":{"rendered":"<strong>El dissabte 23 de mar\u00e7 a les 18h podreu veure la pel\u00b7l\u00edcula &#8220;El mestre que va prometre el mar&#8221; al CMC<\/strong>"},"content":{"rendered":"\n<p>El dissabte 23 de mar\u00e7, a les 18h, l&#8217;auditori Salb\u00e0 del Centre Municipal de Cultura (CMC) acollir\u00e0 la projecci\u00f3 de la pel\u00b7l\u00edcula &#8220;El mestre que va prometre el mar&#8221;.<\/p>\n\n\n\n<p><strong>FITXA T\u00c8CNICA<\/strong><\/p>\n\n\n\n<p>Direcci\u00f3: Patr\u00edcia Font<\/p>\n\n\n\n<p>Gui\u00f3: Albert Val<\/p>\n\n\n\n<p>Productora: Lastor Media, Minoria Absoluta, Filmax, Mestres Films AIE<\/p>\n\n\n\n<p>Estrena: 10 de novembre de 2023<\/p>\n\n\n\n<p>Durada: 105 min.<\/p>\n\n\n\n<p>G\u00e8nere: Drama<\/p>\n\n\n\n<p>Versi\u00f3: Original en catal\u00e0 i castell\u00e0<\/p>\n\n\n\n<p>Int\u00e8rprets: Enric Auquer, Gael Aparicio, Laia Costa, Luisa Gavasa, Ram\u00f3n Aguirre.<\/p>\n\n\n\n<p><strong>SINOPSI<\/strong><\/p>\n\n\n\n<p>Ariadna (Laia Costa) descobreix que el seu avi busca des de fa temps les restes del seu pare, desaparegut a la guerra Civil. Decidida a ajudar-lo, viatja a Burgos, on estan exhumant una fossa comuna on podria estar enterrat.<\/p>\n\n\n\n<p>Durant la seva estada, coneixer\u00e0 la hist\u00f2ria d&#8217;Antoni Benaiges (Enric Auquer), un jove mestre de Tarragona que abans de la guerra va ser professor del seu avi. Mitjan\u00e7ant un innovador m\u00e8tode pedag\u00f2gic Antoni va inspirar els seus alumnes i els va fer una promesa: portar-los a veure el mar.<\/p>\n\n\n\n<p>Com \u00e9s habitual, el preu de l\u2019entrada ser\u00e0 de 4,5\u20ac (general) i 3\u20ac per als espectadors que presentin el carnet de la Biblioteca p\u00fablica de la Bisbal del Pened\u00e8s. Els beneficis es destinaran a l\u2019entitat que gestioni la taquilla abans de la projecci\u00f3, en aquest cas l\u2019Associaci\u00f3 de Cors Antistiana.<\/p>\n\n\n\n<figure class=\"wp-block-embed is-type-video is-provider-youtube wp-block-embed-youtube wp-embed-aspect-16-9 wp-has-aspect-ratio\"><div class=\"wp-block-embed__wrapper\">\n<iframe loading=\"lazy\" title=\"Cicle Gaud\u00ed: &quot;El mestre que va prometre el amr&quot;\" width=\"1170\" height=\"658\" src=\"https:\/\/www.youtube.com\/embed\/eMMXBUlp1eI?feature=oembed\" frameborder=\"0\" allow=\"accelerometer; autoplay; clipboard-write; encrypted-media; gyroscope; picture-in-picture; web-share\" allowfullscreen><\/iframe>\n<\/div><\/figure>\n\n\n\n<p><strong>CASTELLANO |<\/strong> El s\u00e1bado 23 de marzo, a las 18h, el auditori Salb\u00e0 del Centre Municipal de Cultura (CMC) acoger\u00e1 la proyecci\u00f3n de la pel\u00edcula &#8220;El maestro que prometi\u00f3 el mar&#8221;.<\/p>\n\n\n\n<p><strong>FICHA T\u00c9CNICA<\/strong><\/p>\n\n\n\n<p>Direcci\u00f3n: Patr\u00edcia Font<\/p>\n\n\n\n<p>Gui\u00f3n: Albert Val<\/p>\n\n\n\n<p>Productora: Lastor Media, Minoria Absoluta, Filmax, Mestres Films AIE<\/p>\n\n\n\n<p>Estreno: 10 de noviembre de 2023<\/p>\n\n\n\n<p>Duraci\u00f3n: 105 min.<\/p>\n\n\n\n<p>G\u00e9nero: Drama<\/p>\n\n\n\n<p>Versi\u00f3n: Original en catal\u00e1n y castellano<\/p>\n\n\n\n<p>Int\u00e9rpretes: Enric Auquer, Gael Aparicio, Laia Costa, Luisa Gavasa, Ram\u00f3n Aguirre<\/p>\n\n\n\n<p><strong>SINOPSIS<\/strong><\/p>\n\n\n\n<p>Ariadna (Laia Costa) descubre que su abuelo busca desde hace tiempo los restos de su padre, desaparecido en la Guerra Civil. Decidida a ayudarlo, viaja a Burgos, donde est\u00e1n exhumando una fosa com\u00fan en la que podr\u00eda estar enterrado.<\/p>\n\n\n\n<p>Durante su estancia, conocer\u00e1 la historia de Antoni Benaiges (Enric Auquer), un joven maestro de Tarragona que antes de la guerra fue profesor de su abuelo. Mediante un innovador m\u00e9todo pedag\u00f3gico Antonio inspir\u00f3 a sus alumnos y les hizo una promesa: llevarlos a ver el mar.<\/p>\n\n\n\n<p>Como es habitual, el precio de la entrada ser\u00e1 de 4,5\u20ac (general) y 3\u20ac para los espectadores que presenten el carn\u00e9 de la Biblioteca p\u00fablica de la Bisbal del Pened\u00e8s. Los beneficios se destinar\u00e1n a la entidad que gestione la taquilla antes de la proyecci\u00f3n, en este caso la Associaci\u00f3 de Cors Antistiana.<\/p>\n","protected":false},"excerpt":{"rendered":"<p>El dissabte 23 de mar\u00e7, a les 18h, l&#8217;auditori Salb\u00e0 del Centre Municipal de Cultura (CMC) acollir\u00e0 la projecci\u00f3 de la pel\u00b7l\u00edcula &#8220;El mestre que va prometre el mar&#8221;. FITXA &hellip; <a href=\"https:\/\/bisbalpenedes.com\/web\/2024\/03\/04\/el-dissabte-23-de-marc-a-les-18h-podreu-veure-la-pellicula-el-mestre-que-va-prometre-el-mar-al-cmc\/\" class=\"more-link\">Read More<\/a><\/p>\n","protected":false},"author":4,"featured_media":29356,"comment_status":"closed","ping_status":"closed","sticky":false,"template":"","format":"standard","meta":[],"categories":[13,8],"tags":[459,308,307,225,393,1374],"_links":{"self":[{"href":"https:\/\/bisbalpenedes.com\/web\/wp-json\/wp\/v2\/posts\/29355"}],"collection":[{"href":"https:\/\/bisbalpenedes.com\/web\/wp-json\/wp\/v2\/posts"}],"about":[{"href":"https:\/\/bisbalpenedes.com\/web\/wp-json\/wp\/v2\/types\/post"}],"author":[{"embeddable":true,"href":"https:\/\/bisbalpenedes.com\/web\/wp-json\/wp\/v2\/users\/4"}],"replies":[{"embeddable":true,"href":"https:\/\/bisbalpenedes.com\/web\/wp-json\/wp\/v2\/comments?post=29355"}],"version-history":[{"count":1,"href":"https:\/\/bisbalpenedes.com\/web\/wp-json\/wp\/v2\/posts\/29355\/revisions"}],"predecessor-version":[{"id":29357,"href":"https:\/\/bisbalpenedes.com\/web\/wp-json\/wp\/v2\/posts\/29355\/revisions\/29357"}],"wp:featuredmedia":[{"embeddable":true,"href":"https:\/\/bisbalpenedes.com\/web\/wp-json\/wp\/v2\/media\/29356"}],"wp:attachment":[{"href":"https:\/\/bisbalpenedes.com\/web\/wp-json\/wp\/v2\/media?parent=29355"}],"wp:term":[{"taxonomy":"category","embeddable":true,"href":"https:\/\/bisbalpenedes.com\/web\/wp-json\/wp\/v2\/categories?post=29355"},{"taxonomy":"post_tag","embeddable":true,"href":"https:\/\/bisbalpenedes.com\/web\/wp-json\/wp\/v2\/tags?post=29355"}],"curies":[{"name":"wp","href":"https:\/\/api.w.org\/{rel}","templated":true}]}}