{"id":29351,"date":"2024-03-04T13:40:25","date_gmt":"2024-03-04T11:40:25","guid":{"rendered":"https:\/\/bisbalpenedes.com\/web\/?p=29351"},"modified":"2024-03-04T13:40:25","modified_gmt":"2024-03-04T11:40:25","slug":"lajuntament-i-la-creu-roja-preparen-el-nou-conveni-de-projectes-socials-i-serveis-de-prevencio-a-esdeveniments","status":"publish","type":"post","link":"https:\/\/bisbalpenedes.com\/web\/2024\/03\/04\/lajuntament-i-la-creu-roja-preparen-el-nou-conveni-de-projectes-socials-i-serveis-de-prevencio-a-esdeveniments\/","title":{"rendered":"L&#8217;Ajuntament i la Creu Roja preparen el nou conveni de projectes socials i serveis de prevenci\u00f3 a esdeveniments"},"content":{"rendered":"\n<p>L&#8217;alcaldessa Agn\u00e8s Ferr\u00e9; el regidor de Sanitat, Feliu Gil; i el regidor de Serveis Socials, Joan Gimeno; es van reunir el passat divendres 1 de mar\u00e7 amb la presidenta de la Creu Roja del Baix Pened\u00e8s, Ros Ense\u00f1at; i el coordinador de Creu Roja al Baix Pened\u00e8s, David Pulles.<\/p>\n\n\n\n<p>La reuni\u00f3 va servir per fer un rep\u00e0s dels serveis que presten des de la Creu Roja i de les novetats en serveis en l&#8217;\u00e0mbit de serveis socials que s&#8217;ofereixen, amb l&#8217;objectiu de preparar un nou conveni m\u00e9s ampli i amb una col\u00b7laboraci\u00f3 m\u00e9s estreta. La Creu Roja al Baix Pened\u00e8s ha ampliat i vol seguir ampliant els serveis que ofereix, especialment a la gent gran i a les persones en situaci\u00f3 de vulnerabilitat.<\/p>\n\n\n\n<hr class=\"wp-block-separator has-alpha-channel-opacity\"\/>\n\n\n\n<p><strong>CASTELLANO |<\/strong> La alcaldesa Agn\u00e8s Ferr\u00e9; el concejal de Sanidad, Feliu Gil; y el concejal de Servicios Sociales, Joan Gimeno; se reunieron el pasado viernes 1 de marzo con la presidenta de la Creu Roja del Baix Pened\u00e8s, Ros Ense\u00f1at; y el coordinador de Creu Roja en el Baix Pened\u00e8s, David Pulles.<\/p>\n\n\n\n<p>La reuni\u00f3n sirvi\u00f3 para hacer un repaso de los servicios que se prestan desde la Creu Roja y de las novedades en servicios en el \u00e1mbito de servicios sociales que se ofrecen, con el objetivo de preparar un nuevo convenio m\u00e1s amplio y con una colaboraci\u00f3n m\u00e1s estrecha. La Creu Roja en el Baix Pened\u00e8s ha ampliado y quiere seguir ampliando los servicios que ofrece, especialmente a la gente mayor y a las personas en situaci\u00f3n de vulnerabilidad.<\/p>\n","protected":false},"excerpt":{"rendered":"<p>L&#8217;alcaldessa Agn\u00e8s Ferr\u00e9; el regidor de Sanitat, Feliu Gil; i el regidor de Serveis Socials, Joan Gimeno; es van reunir el passat divendres 1 de mar\u00e7 amb la presidenta de &hellip; <a href=\"https:\/\/bisbalpenedes.com\/web\/2024\/03\/04\/lajuntament-i-la-creu-roja-preparen-el-nou-conveni-de-projectes-socials-i-serveis-de-prevencio-a-esdeveniments\/\" class=\"more-link\">Read More<\/a><\/p>\n","protected":false},"author":4,"featured_media":29352,"comment_status":"closed","ping_status":"closed","sticky":false,"template":"","format":"standard","meta":[],"categories":[2057,8,14,17],"tags":[1252,459,860,2633,393,28,268],"_links":{"self":[{"href":"https:\/\/bisbalpenedes.com\/web\/wp-json\/wp\/v2\/posts\/29351"}],"collection":[{"href":"https:\/\/bisbalpenedes.com\/web\/wp-json\/wp\/v2\/posts"}],"about":[{"href":"https:\/\/bisbalpenedes.com\/web\/wp-json\/wp\/v2\/types\/post"}],"author":[{"embeddable":true,"href":"https:\/\/bisbalpenedes.com\/web\/wp-json\/wp\/v2\/users\/4"}],"replies":[{"embeddable":true,"href":"https:\/\/bisbalpenedes.com\/web\/wp-json\/wp\/v2\/comments?post=29351"}],"version-history":[{"count":1,"href":"https:\/\/bisbalpenedes.com\/web\/wp-json\/wp\/v2\/posts\/29351\/revisions"}],"predecessor-version":[{"id":29353,"href":"https:\/\/bisbalpenedes.com\/web\/wp-json\/wp\/v2\/posts\/29351\/revisions\/29353"}],"wp:featuredmedia":[{"embeddable":true,"href":"https:\/\/bisbalpenedes.com\/web\/wp-json\/wp\/v2\/media\/29352"}],"wp:attachment":[{"href":"https:\/\/bisbalpenedes.com\/web\/wp-json\/wp\/v2\/media?parent=29351"}],"wp:term":[{"taxonomy":"category","embeddable":true,"href":"https:\/\/bisbalpenedes.com\/web\/wp-json\/wp\/v2\/categories?post=29351"},{"taxonomy":"post_tag","embeddable":true,"href":"https:\/\/bisbalpenedes.com\/web\/wp-json\/wp\/v2\/tags?post=29351"}],"curies":[{"name":"wp","href":"https:\/\/api.w.org\/{rel}","templated":true}]}}