{"id":2935,"date":"2017-07-31T00:52:03","date_gmt":"2017-07-30T18:52:03","guid":{"rendered":"http:\/\/bisbalpenedes.com\/web\/?p=2935"},"modified":"2017-07-31T00:52:03","modified_gmt":"2017-07-30T18:52:03","slug":"lajuntament-de-la-bisbal-del-penedes-subvenciona-amb-3-000e-la-colla-castellera-els-bous-de-la-bisbal","status":"publish","type":"post","link":"https:\/\/bisbalpenedes.com\/web\/2017\/07\/31\/lajuntament-de-la-bisbal-del-penedes-subvenciona-amb-3-000e-la-colla-castellera-els-bous-de-la-bisbal\/","title":{"rendered":"L&#8217;Ajuntament de La Bisbal del Pened\u00e8s subvenciona amb 3.000\u20ac la Colla Castellera Els Bous de La Bisbal"},"content":{"rendered":"<p><a href=\"http:\/\/bisbalpenedes.com\/web\/wp-content\/uploads\/2017\/07\/20264588_1872903406260850_2190194597965009700_n.jpg\"><img loading=\"lazy\" class=\"aligncenter size-medium wp-image-2936\" title=\"Conveni Bous\" src=\"http:\/\/bisbalpenedes.com\/web\/wp-content\/uploads\/2017\/07\/20264588_1872903406260850_2190194597965009700_n-225x300.jpg\" alt=\"\" width=\"225\" height=\"300\" srcset=\"https:\/\/bisbalpenedes.com\/web\/wp-content\/uploads\/2017\/07\/20264588_1872903406260850_2190194597965009700_n-225x300.jpg 225w, https:\/\/bisbalpenedes.com\/web\/wp-content\/uploads\/2017\/07\/20264588_1872903406260850_2190194597965009700_n-600x800.jpg 600w, https:\/\/bisbalpenedes.com\/web\/wp-content\/uploads\/2017\/07\/20264588_1872903406260850_2190194597965009700_n.jpg 720w\" sizes=\"(max-width: 225px) 100vw, 225px\" \/><\/a><\/p>\n<p>La Junta de Govern Local celebrada el passat divendres 28 de juliol va aprovar un conveni amb la Colla Castellera Els Bous de la Bisbal.<\/p>\n<p>Aquest conveni\/subvenci\u00f3, d\u2019un import de 3.000\u20ac, es destina a les activitats que organitza la colla aix\u00ed com a les despeses de funcionament, d\u2019acord amb la normativa vigent de subvencions. El proper mes de gener (2018) la colla castellera local haur\u00e0 de justificar les despeses en qu\u00e8 ha invertit la dotaci\u00f3 econ\u00f2mica de l\u2019esmentat conveni.<\/p>\n<p>Val a dir que en el mateix document la Regidoria de Cultura ha ofert als Bous de La Bisbal els espais de qu\u00e8 disposa l\u2019Ajuntament perqu\u00e8 puguin assajar.<\/p>\n","protected":false},"excerpt":{"rendered":"<p>La Junta de Govern Local celebrada el passat divendres 28 de juliol va aprovar un conveni amb la Colla Castellera Els Bous de la Bisbal. Aquest conveni\/subvenci\u00f3, d\u2019un import de &hellip; <a href=\"https:\/\/bisbalpenedes.com\/web\/2017\/07\/31\/lajuntament-de-la-bisbal-del-penedes-subvenciona-amb-3-000e-la-colla-castellera-els-bous-de-la-bisbal\/\" class=\"more-link\">Read More<\/a><\/p>\n","protected":false},"author":4,"featured_media":2936,"comment_status":"closed","ping_status":"closed","sticky":false,"template":"","format":"standard","meta":[],"categories":[13],"tags":[230,378,667,668,440,225,669,318,102],"_links":{"self":[{"href":"https:\/\/bisbalpenedes.com\/web\/wp-json\/wp\/v2\/posts\/2935"}],"collection":[{"href":"https:\/\/bisbalpenedes.com\/web\/wp-json\/wp\/v2\/posts"}],"about":[{"href":"https:\/\/bisbalpenedes.com\/web\/wp-json\/wp\/v2\/types\/post"}],"author":[{"embeddable":true,"href":"https:\/\/bisbalpenedes.com\/web\/wp-json\/wp\/v2\/users\/4"}],"replies":[{"embeddable":true,"href":"https:\/\/bisbalpenedes.com\/web\/wp-json\/wp\/v2\/comments?post=2935"}],"version-history":[{"count":1,"href":"https:\/\/bisbalpenedes.com\/web\/wp-json\/wp\/v2\/posts\/2935\/revisions"}],"predecessor-version":[{"id":2937,"href":"https:\/\/bisbalpenedes.com\/web\/wp-json\/wp\/v2\/posts\/2935\/revisions\/2937"}],"wp:featuredmedia":[{"embeddable":true,"href":"https:\/\/bisbalpenedes.com\/web\/wp-json\/wp\/v2\/media\/2936"}],"wp:attachment":[{"href":"https:\/\/bisbalpenedes.com\/web\/wp-json\/wp\/v2\/media?parent=2935"}],"wp:term":[{"taxonomy":"category","embeddable":true,"href":"https:\/\/bisbalpenedes.com\/web\/wp-json\/wp\/v2\/categories?post=2935"},{"taxonomy":"post_tag","embeddable":true,"href":"https:\/\/bisbalpenedes.com\/web\/wp-json\/wp\/v2\/tags?post=2935"}],"curies":[{"name":"wp","href":"https:\/\/api.w.org\/{rel}","templated":true}]}}