{"id":29336,"date":"2024-03-01T15:44:22","date_gmt":"2024-03-01T13:44:22","guid":{"rendered":"https:\/\/bisbalpenedes.com\/web\/?p=29336"},"modified":"2024-03-01T15:44:22","modified_gmt":"2024-03-01T13:44:22","slug":"lajuntament-de-la-bisbal-del-penedes-ha-estat-present-en-lacte-dobertura-de-lany-guimera-celebrat-al-tag-del-vendrell","status":"publish","type":"post","link":"https:\/\/bisbalpenedes.com\/web\/2024\/03\/01\/lajuntament-de-la-bisbal-del-penedes-ha-estat-present-en-lacte-dobertura-de-lany-guimera-celebrat-al-tag-del-vendrell\/","title":{"rendered":"<strong>L&#8217;Ajuntament de la Bisbal del Pened\u00e8s ha estat present en l&#8217;acte d&#8217;obertura de l&#8217;Any Guimer\u00e0 celebrat al T\u00c0G del Vendrell<\/strong>"},"content":{"rendered":"\n<p>L&#8217;alcaldessa de la Bisbal del Pened\u00e8s, Agn\u00e8s Ferr\u00e9; i la regidora de Cultura, Judith Vidal; van assistir a la inauguraci\u00f3 institucional de l&#8217;Any Guimer\u00e0, amb motiu de la commemoraci\u00f3 de la mort del dramaturg vendrellenc \u00c0ngel Guimer\u00e0.<\/p>\n\n\n\n<p>L&#8217;acte va ser presentat per la periodista i escriptora vendrellenca Gemma Ventura va comptar amb les intervencions institucionals de la consellera de Cultura, Nat\u00e0lia Garriga, i de l&#8217;alcalde del Vendrell, Kenneth Mart\u00ednez; l&#8217;explicaci\u00f3 sobre la programaci\u00f3 de l&#8217;Any Guimer\u00e0 a c\u00e0rrec de la directora de la Instituci\u00f3 de les Lletres Catalanes, Izaskun Arretxe; un rep\u00e0s a les tres facetes de la figura d&#8217;\u00c0ngel Guimer\u00e0, a c\u00e0rrec de Ramon Bacardit, comissari de l&#8217;any; un recital de poemes de l&#8217;autor a c\u00e0rrec de Blanca Llum Vidal; una lectura dramatitzada de fragments per Merc\u00e8 Pons i Xavier Ripoll i la interpretaci\u00f3 de la Santa Espina a c\u00e0rrec de Marina Rossell (veu) i Xavi Lloses (piano).<\/p>\n\n\n\n<figure class=\"wp-block-image size-large\"><img loading=\"lazy\" width=\"1024\" height=\"768\" src=\"https:\/\/bisbalpenedes.com\/web\/wp-content\/uploads\/2024\/03\/2024-02-23-19.09.46-1024x768.jpg\" alt=\"\" class=\"wp-image-29338\" srcset=\"https:\/\/bisbalpenedes.com\/web\/wp-content\/uploads\/2024\/03\/2024-02-23-19.09.46-1024x768.jpg 1024w, https:\/\/bisbalpenedes.com\/web\/wp-content\/uploads\/2024\/03\/2024-02-23-19.09.46-300x225.jpg 300w, https:\/\/bisbalpenedes.com\/web\/wp-content\/uploads\/2024\/03\/2024-02-23-19.09.46-768x576.jpg 768w, https:\/\/bisbalpenedes.com\/web\/wp-content\/uploads\/2024\/03\/2024-02-23-19.09.46-1536x1152.jpg 1536w, https:\/\/bisbalpenedes.com\/web\/wp-content\/uploads\/2024\/03\/2024-02-23-19.09.46-2048x1536.jpg 2048w, https:\/\/bisbalpenedes.com\/web\/wp-content\/uploads\/2024\/03\/2024-02-23-19.09.46-600x450.jpg 600w\" sizes=\"(max-width: 1024px) 100vw, 1024px\" \/><\/figure>\n\n\n\n<figure class=\"wp-block-image size-large\"><img loading=\"lazy\" width=\"1024\" height=\"768\" src=\"https:\/\/bisbalpenedes.com\/web\/wp-content\/uploads\/2024\/03\/2024-02-23-19.13.01-1024x768.jpg\" alt=\"\" class=\"wp-image-29339\" srcset=\"https:\/\/bisbalpenedes.com\/web\/wp-content\/uploads\/2024\/03\/2024-02-23-19.13.01-1024x768.jpg 1024w, https:\/\/bisbalpenedes.com\/web\/wp-content\/uploads\/2024\/03\/2024-02-23-19.13.01-300x225.jpg 300w, https:\/\/bisbalpenedes.com\/web\/wp-content\/uploads\/2024\/03\/2024-02-23-19.13.01-768x576.jpg 768w, https:\/\/bisbalpenedes.com\/web\/wp-content\/uploads\/2024\/03\/2024-02-23-19.13.01-1536x1152.jpg 1536w, https:\/\/bisbalpenedes.com\/web\/wp-content\/uploads\/2024\/03\/2024-02-23-19.13.01-2048x1536.jpg 2048w, https:\/\/bisbalpenedes.com\/web\/wp-content\/uploads\/2024\/03\/2024-02-23-19.13.01-600x450.jpg 600w\" sizes=\"(max-width: 1024px) 100vw, 1024px\" \/><\/figure>\n\n\n\n<figure class=\"wp-block-image size-large\"><img loading=\"lazy\" width=\"768\" height=\"1024\" src=\"https:\/\/bisbalpenedes.com\/web\/wp-content\/uploads\/2024\/03\/2024-02-23-19.51.43-768x1024.jpg\" alt=\"\" class=\"wp-image-29340\" srcset=\"https:\/\/bisbalpenedes.com\/web\/wp-content\/uploads\/2024\/03\/2024-02-23-19.51.43-768x1024.jpg 768w, https:\/\/bisbalpenedes.com\/web\/wp-content\/uploads\/2024\/03\/2024-02-23-19.51.43-225x300.jpg 225w, https:\/\/bisbalpenedes.com\/web\/wp-content\/uploads\/2024\/03\/2024-02-23-19.51.43-1152x1536.jpg 1152w, https:\/\/bisbalpenedes.com\/web\/wp-content\/uploads\/2024\/03\/2024-02-23-19.51.43-1536x2048.jpg 1536w, https:\/\/bisbalpenedes.com\/web\/wp-content\/uploads\/2024\/03\/2024-02-23-19.51.43-600x800.jpg 600w, https:\/\/bisbalpenedes.com\/web\/wp-content\/uploads\/2024\/03\/2024-02-23-19.51.43-scaled.jpg 1920w\" sizes=\"(max-width: 768px) 100vw, 768px\" \/><\/figure>\n\n\n\n<figure class=\"wp-block-image size-large\"><img loading=\"lazy\" width=\"1024\" height=\"768\" src=\"https:\/\/bisbalpenedes.com\/web\/wp-content\/uploads\/2024\/03\/2024-02-23-20.04.27-1024x768.jpg\" alt=\"\" class=\"wp-image-29341\" srcset=\"https:\/\/bisbalpenedes.com\/web\/wp-content\/uploads\/2024\/03\/2024-02-23-20.04.27-1024x768.jpg 1024w, https:\/\/bisbalpenedes.com\/web\/wp-content\/uploads\/2024\/03\/2024-02-23-20.04.27-300x225.jpg 300w, https:\/\/bisbalpenedes.com\/web\/wp-content\/uploads\/2024\/03\/2024-02-23-20.04.27-768x576.jpg 768w, https:\/\/bisbalpenedes.com\/web\/wp-content\/uploads\/2024\/03\/2024-02-23-20.04.27-1536x1152.jpg 1536w, https:\/\/bisbalpenedes.com\/web\/wp-content\/uploads\/2024\/03\/2024-02-23-20.04.27-2048x1536.jpg 2048w, https:\/\/bisbalpenedes.com\/web\/wp-content\/uploads\/2024\/03\/2024-02-23-20.04.27-600x450.jpg 600w\" sizes=\"(max-width: 1024px) 100vw, 1024px\" \/><\/figure>\n\n\n\n<figure class=\"wp-block-image\"><img alt=\"\"\/><\/figure>\n\n\n\n<hr class=\"wp-block-separator has-alpha-channel-opacity\"\/>\n\n\n\n<p>La alcaldesa de la Bisbal del Pened\u00e8s, Agn\u00e8s Ferr\u00e9; y la concejala de Cultura, Judith Vidal; asistieron a la inauguraci\u00f3n institucional del Any Guimer\u00e0, con motivo de la conmemoraci\u00f3n de la muerte del dramaturgo vendrellenc \u00c0ngel Guimer\u00e0.<\/p>\n\n\n\n<p>El acto fue presentado por la periodista y escritora del Vendrell Gemma Ventura cont\u00f3 con las intervenciones institucionales de la consellera de Cultura, Nat\u00e0lia Garrigua; y del alcalde del Vendrell, Kenneth Mart\u00ednez; la explicaci\u00f3n sobre la programaci\u00f3n del Any Guimer\u00e0 a cargo de la directora de la Instituci\u00f3 de les Lletres Catalanes, Izaskun Arretxe; un repaso a las tres facetas de la figura de \u00c0ngel Guimer\u00e0, a cargo de Ramon Bacardit, comisario del a\u00f1o; un recital de poemas del autor a cargo de Blanca Llum Vidal; una lectura dramatizada de fragmentos para Merc\u00e8 Pons y Xavier Ripoll y la interpretaci\u00f3n de la Santa Espina a cargo de Marina Rossell (voz) y Xavi Lloses (piano).<\/p>\n","protected":false},"excerpt":{"rendered":"<p>L&#8217;alcaldessa de la Bisbal del Pened\u00e8s, Agn\u00e8s Ferr\u00e9; i la regidora de Cultura, Judith Vidal; van assistir a la inauguraci\u00f3 institucional de l&#8217;Any Guimer\u00e0, amb motiu de la commemoraci\u00f3 de &hellip; <a href=\"https:\/\/bisbalpenedes.com\/web\/2024\/03\/01\/lajuntament-de-la-bisbal-del-penedes-ha-estat-present-en-lacte-dobertura-de-lany-guimera-celebrat-al-tag-del-vendrell\/\" class=\"more-link\">Read More<\/a><\/p>\n","protected":false},"author":4,"featured_media":29337,"comment_status":"closed","ping_status":"closed","sticky":false,"template":"","format":"standard","meta":[],"categories":[2057,13,8],"tags":[6502,459,225,393,1374,6503],"_links":{"self":[{"href":"https:\/\/bisbalpenedes.com\/web\/wp-json\/wp\/v2\/posts\/29336"}],"collection":[{"href":"https:\/\/bisbalpenedes.com\/web\/wp-json\/wp\/v2\/posts"}],"about":[{"href":"https:\/\/bisbalpenedes.com\/web\/wp-json\/wp\/v2\/types\/post"}],"author":[{"embeddable":true,"href":"https:\/\/bisbalpenedes.com\/web\/wp-json\/wp\/v2\/users\/4"}],"replies":[{"embeddable":true,"href":"https:\/\/bisbalpenedes.com\/web\/wp-json\/wp\/v2\/comments?post=29336"}],"version-history":[{"count":1,"href":"https:\/\/bisbalpenedes.com\/web\/wp-json\/wp\/v2\/posts\/29336\/revisions"}],"predecessor-version":[{"id":29342,"href":"https:\/\/bisbalpenedes.com\/web\/wp-json\/wp\/v2\/posts\/29336\/revisions\/29342"}],"wp:featuredmedia":[{"embeddable":true,"href":"https:\/\/bisbalpenedes.com\/web\/wp-json\/wp\/v2\/media\/29337"}],"wp:attachment":[{"href":"https:\/\/bisbalpenedes.com\/web\/wp-json\/wp\/v2\/media?parent=29336"}],"wp:term":[{"taxonomy":"category","embeddable":true,"href":"https:\/\/bisbalpenedes.com\/web\/wp-json\/wp\/v2\/categories?post=29336"},{"taxonomy":"post_tag","embeddable":true,"href":"https:\/\/bisbalpenedes.com\/web\/wp-json\/wp\/v2\/tags?post=29336"}],"curies":[{"name":"wp","href":"https:\/\/api.w.org\/{rel}","templated":true}]}}