{"id":2931,"date":"2017-08-01T00:34:14","date_gmt":"2017-07-31T18:34:14","guid":{"rendered":"http:\/\/bisbalpenedes.com\/web\/?p=2931"},"modified":"2017-08-01T00:40:26","modified_gmt":"2017-07-31T18:40:26","slug":"el-dijous-11-dagost-comenca-el-3r-concurs-de-fotografies-dinstagram-de-la-festa-major","status":"publish","type":"post","link":"https:\/\/bisbalpenedes.com\/web\/2017\/08\/01\/el-dijous-11-dagost-comenca-el-3r-concurs-de-fotografies-dinstagram-de-la-festa-major\/","title":{"rendered":"El dijous 11 d&#8217;agost comen\u00e7a el 3r Concurs de fotografies d&#8217;Instagram de la Festa Major"},"content":{"rendered":"<p><a href=\"http:\/\/bisbalpenedes.com\/web\/wp-content\/uploads\/2017\/07\/CONCURS-INSTAGRAM.jpg\"><img loading=\"lazy\" class=\"aligncenter size-large wp-image-2933\" title=\"CONCURS INSTAGRAM\" src=\"http:\/\/bisbalpenedes.com\/web\/wp-content\/uploads\/2017\/07\/CONCURS-INSTAGRAM-1024x677.jpg\" alt=\"\" width=\"630\" height=\"416\" srcset=\"https:\/\/bisbalpenedes.com\/web\/wp-content\/uploads\/2017\/07\/CONCURS-INSTAGRAM-1024x677.jpg 1024w, https:\/\/bisbalpenedes.com\/web\/wp-content\/uploads\/2017\/07\/CONCURS-INSTAGRAM-600x397.jpg 600w, https:\/\/bisbalpenedes.com\/web\/wp-content\/uploads\/2017\/07\/CONCURS-INSTAGRAM-300x198.jpg 300w, https:\/\/bisbalpenedes.com\/web\/wp-content\/uploads\/2017\/07\/CONCURS-INSTAGRAM.jpg 1180w\" sizes=\"(max-width: 630px) 100vw, 630px\" \/><\/a><\/p>\n<p>La regidoria de Festes de l\u2019Ajuntament de La Bisbal del Pened\u00e8s convoca el III Concurs Fotogr\u00e0fic a la xarxa Instagram per s la Festa Major de 2017.<\/p>\n<p><strong>Qui hi pot participar?<\/strong><\/p>\n<p>Qualsevol persona que faci una fotografia de la Festa Major a trav\u00e9s d\u2019Instagram.<\/p>\n<p><strong>Tem\u00e0tica de les fotografies que participaran al concurs<\/strong><\/p>\n<p>Les fotografies han de ser de la Festa Major La Bisbal del Pened\u00e8s 2017, \u00e9s a dir, de les activitats que figuren al programa de Festa Major.<\/p>\n<p><strong>Com es participa?<\/strong><\/p>\n<p>1. Primer t\u2019has de fer seguidor del perfil d\u2019instagram de l\u2019Ajuntament de La Bisbal del Pened\u00e8s creat pel concurs @festamajorbisbal<\/p>\n<p>2. La fotografia ha d\u2019estar degudament etiquetada amb el Hashtag #FestaMajorBisbal, sense perjudici d\u2019altres etiquetes que s\u2019hi vulguin afegir.<\/p>\n<p>3. Cal publicar la foto a la xarxa Instagram mitjan\u00e7ant un usuari propi.\u00a0Aquest fet implica el reconeixement per part de l\u2019autor o autora, que es tracta d\u2019una obra original i pr\u00f2pia.<\/p>\n<p>4. No hi ha limitaci\u00f3 quant a la quantitat de fotografies publicades per participant.<\/p>\n<p>5. Les imatges no podran contenir cap contingut ni material obsc\u00e8, sexualment expl\u00edcit, violent, ofensiu o difamatori.<\/p>\n<p>6. Les imatges hauran obtingut pr\u00e8viament les autoritzacions necess\u00e0ries de les persones que hi figurin, sobretot si es tracta de menors.<\/p>\n<p>7. La Regidoria de Festes t\u00e9 la facultat de rebutjar les imatges que no compleixin els requisits d\u2019aquestes bases.<\/p>\n<p><strong>Com funciona?<\/strong><\/p>\n<p>Cada dia de la Festa Major, des del dijous 11 d\u2019agost fins al dimecres 16 d\u2019agost, una part del jurat escollir\u00e0 les millors fotografies del dia anterior etiquetades amb el #FestaMajorBisbal, i les publicar\u00e0 al perfil d\u2019Instagram i al Facebook de l\u2019Ajuntament, on podran ser votades.<\/p>\n<p>El dia 17 d\u2019agost el jurat premiar\u00e0 les dues millors fotografies d\u2019entre les seleccionades de cada dia de la Festa Major<\/p>\n<p>La tercera fotografia premiada ser\u00e0 la fotografia amb m\u00e9s vots aconseguits sumant els vots de la foto al Facebook de l\u2019Ajuntament m\u00e9s els vots de la foto al perfil d\u2019Instagram @festamajorbisbal (premi del p\u00fablic).<\/p>\n<p><strong>El jurat<\/strong><\/p>\n<p>El jurat estar\u00e0 format per:<\/p>\n<p>Presidenta: l\u2019Alcaldessa, Agn\u00e8s Ferr\u00e9<\/p>\n<p>Vocals: regidor de Festes i els fot\u00f2grafs Sergi Flores i Vanesa Heredia<\/p>\n<p>Secretari: Salvador Catal\u00e0<\/p>\n<p><strong>Entrega de premis<\/strong><\/p>\n<p>El dijous 17 d\u2019agost a les 19:00h a l\u2019auditori del CMC es far\u00e0 p\u00fablic el veredicte del jurat i es lliuraran els premis<\/p>\n<p><strong>Premis<\/strong><\/p>\n<p>Es premiaran 3 fotografies<\/p>\n<p>1r premi del Jurat: Un sopar per a 2 persones en un establiment del municipi<\/p>\n<p>2n premi del Jurat: Un sopar per a 2 persones en un establiment del municipi<\/p>\n<p>3r premi del P\u00fablic: Un sopar per a 2 persones en un establiment del municipi<\/p>\n<p><strong>Drets d\u2019imatge<\/strong><\/p>\n<p>Els drets de les imatges seran propietat de l\u2019autor o autora de la fotografia, compartides amb el r\u00e8gim de copropietat que ja marca la normativa d\u2019Instagram.<\/p>\n<p>Tanmateix l\u2019Ajuntament de La Bisbal del Pened\u00e8s podr\u00e0 fer \u00fas de les fotografies guanyadores al web municipal, Instagram, Facebook, Twitter, revista municipal o al programa de Festa Major de l\u2019any seg\u00fcent, mencionant sempre el nom de l\u2019autor o autora.<\/p>\n","protected":false},"excerpt":{"rendered":"<p>La regidoria de Festes de l\u2019Ajuntament de La Bisbal del Pened\u00e8s convoca el III Concurs Fotogr\u00e0fic a la xarxa Instagram per s la Festa Major de 2017. Qui hi pot &hellip; <a href=\"https:\/\/bisbalpenedes.com\/web\/2017\/08\/01\/el-dijous-11-dagost-comenca-el-3r-concurs-de-fotografies-dinstagram-de-la-festa-major\/\" class=\"more-link\">Read More<\/a><\/p>\n","protected":false},"author":4,"featured_media":2933,"comment_status":"closed","ping_status":"closed","sticky":false,"template":"","format":"standard","meta":[],"categories":[398],"tags":[665,154,280,663,666,664,193,141,662,178],"_links":{"self":[{"href":"https:\/\/bisbalpenedes.com\/web\/wp-json\/wp\/v2\/posts\/2931"}],"collection":[{"href":"https:\/\/bisbalpenedes.com\/web\/wp-json\/wp\/v2\/posts"}],"about":[{"href":"https:\/\/bisbalpenedes.com\/web\/wp-json\/wp\/v2\/types\/post"}],"author":[{"embeddable":true,"href":"https:\/\/bisbalpenedes.com\/web\/wp-json\/wp\/v2\/users\/4"}],"replies":[{"embeddable":true,"href":"https:\/\/bisbalpenedes.com\/web\/wp-json\/wp\/v2\/comments?post=2931"}],"version-history":[{"count":4,"href":"https:\/\/bisbalpenedes.com\/web\/wp-json\/wp\/v2\/posts\/2931\/revisions"}],"predecessor-version":[{"id":2994,"href":"https:\/\/bisbalpenedes.com\/web\/wp-json\/wp\/v2\/posts\/2931\/revisions\/2994"}],"wp:featuredmedia":[{"embeddable":true,"href":"https:\/\/bisbalpenedes.com\/web\/wp-json\/wp\/v2\/media\/2933"}],"wp:attachment":[{"href":"https:\/\/bisbalpenedes.com\/web\/wp-json\/wp\/v2\/media?parent=2931"}],"wp:term":[{"taxonomy":"category","embeddable":true,"href":"https:\/\/bisbalpenedes.com\/web\/wp-json\/wp\/v2\/categories?post=2931"},{"taxonomy":"post_tag","embeddable":true,"href":"https:\/\/bisbalpenedes.com\/web\/wp-json\/wp\/v2\/tags?post=2931"}],"curies":[{"name":"wp","href":"https:\/\/api.w.org\/{rel}","templated":true}]}}