{"id":29282,"date":"2024-02-27T21:56:29","date_gmt":"2024-02-27T19:56:29","guid":{"rendered":"https:\/\/bisbalpenedes.com\/web\/?p=29282"},"modified":"2024-02-27T21:56:29","modified_gmt":"2024-02-27T19:56:29","slug":"els-bisbalencs-alfredo-juan-i-josep-martinez-van-quedar-tercers-en-la-classificacio-al-campionat-de-catalunya-de-tennis-taula-celebrat-el-passat-cap-de-setmana-a-vilafranca","status":"publish","type":"post","link":"https:\/\/bisbalpenedes.com\/web\/2024\/02\/27\/els-bisbalencs-alfredo-juan-i-josep-martinez-van-quedar-tercers-en-la-classificacio-al-campionat-de-catalunya-de-tennis-taula-celebrat-el-passat-cap-de-setmana-a-vilafranca\/","title":{"rendered":"Els bisbalencs Alfredo Juan i Josep Mart\u00ednez van quedar tercers en la classificaci\u00f3 al Campionat de Catalunya de Tennis Taula celebrat el passat cap de setmana a Vilafranca"},"content":{"rendered":"\n<p>El passat cap de setmana es va celebrar el Campionat de Catalunya de Tennis Taula a Vilafranca del Pened\u00e8s i els bisbalencs Alfredo Juan i Josep Mart\u00ednez, del CTT Vilafranca, van quedar tercers en la classificaci\u00f3 en la categoria +65.<\/p>\n\n\n\n<p>L\u2019Alfredo i el Josep (Pepitu) jugaran al pr\u00f2xim campionat estatal, que se celebrar\u00e0 a Tarragona aquest cap de setmana, ja que es van classificar en el torneig anterior a B\u00e0scara (Girona). Els bisbalencs tamb\u00e9 tenen previst participar en el Campionat d\u2019Espanya, que es disputar\u00e0 a Guadalajara del 15 de juny al 3 de juliol i, posteriorment, del 6 al 14 de juliol, tamb\u00e9 participaran en el campionat mundial, que es jugar\u00e0 a Roma.<\/p>\n\n\n\n<p>Alfredo Juan ha explicat que \u201cva anar tot molt justet, vaig fallar en l\u2019eliminat\u00f2ria amb el Calella i per aix\u00f2 vam quedar tercers, si jo no hagu\u00e9s fallat, haur\u00edem jugat la final. Tot i aix\u00f2, aquestes coses passen&#8230; i igualment estem molt satisfets amb el resultat i amb moltes ganes d\u2019anar a les properes competicions\u201d.<\/p>\n\n\n\n<p>Des de l\u2019Ajuntament de la Bisbal del Pened\u00e8s volem donar l\u2019enhorabona a aquests campions que sempre es mostren humils, tot i ser esportistes d\u2019un gran nivell. Tenim l\u2019orgull de poder presumir de campions bisbalencs!<\/p>\n\n\n\n<figure class=\"wp-block-image size-large\"><img loading=\"lazy\" width=\"1024\" height=\"768\" src=\"https:\/\/bisbalpenedes.com\/web\/wp-content\/uploads\/2024\/02\/WhatsApp-Image-2024-02-25-at-19.40.49-1-1024x768.jpeg\" alt=\"\" class=\"wp-image-29284\" srcset=\"https:\/\/bisbalpenedes.com\/web\/wp-content\/uploads\/2024\/02\/WhatsApp-Image-2024-02-25-at-19.40.49-1-1024x768.jpeg 1024w, https:\/\/bisbalpenedes.com\/web\/wp-content\/uploads\/2024\/02\/WhatsApp-Image-2024-02-25-at-19.40.49-1-300x225.jpeg 300w, https:\/\/bisbalpenedes.com\/web\/wp-content\/uploads\/2024\/02\/WhatsApp-Image-2024-02-25-at-19.40.49-1-768x576.jpeg 768w, https:\/\/bisbalpenedes.com\/web\/wp-content\/uploads\/2024\/02\/WhatsApp-Image-2024-02-25-at-19.40.49-1-1536x1152.jpeg 1536w, https:\/\/bisbalpenedes.com\/web\/wp-content\/uploads\/2024\/02\/WhatsApp-Image-2024-02-25-at-19.40.49-1-600x450.jpeg 600w, https:\/\/bisbalpenedes.com\/web\/wp-content\/uploads\/2024\/02\/WhatsApp-Image-2024-02-25-at-19.40.49-1.jpeg 1600w\" sizes=\"(max-width: 1024px) 100vw, 1024px\" \/><\/figure>\n\n\n\n<hr class=\"wp-block-separator has-alpha-channel-opacity\"\/>\n\n\n\n<p><strong>CASTELLANO |<\/strong>&nbsp;El pasado fin de semana se celebr\u00f3 el Campeonato de Catalu\u00f1a de Tennis Taula en Vilafranca del Pened\u00e8s y los bisbalencs Alfredo Juan y Josep Mart\u00ednez, del CTT Vilafranca, quedaron terceros en la clasificaci\u00f3n en la categor\u00eda +65.<\/p>\n\n\n\n<p>Alfredo y Josep (Pepitu) jugar\u00e1n en el pr\u00f3ximo campeonato estatal, que se celebrar\u00e1 en Tarragona este fin de semana, ya que se clasificaron en el torneo anterior en B\u00e0scara (Girona). Los bisbalencs tambi\u00e9n tienen previsto participar en el Campeonato de Espa\u00f1a, que se disputar\u00e1 en Guadalajara del 15 de junio al 3 de julio y, posteriormente, del 6 al 14 de julio, tambi\u00e9n participar\u00e1n en el campeonato mundial, que se jugar\u00e1 en Roma.<\/p>\n\n\n\n<p>Alfredo Juan ha explicado que \u201cfue todo muy justito, fall\u00e9 en con la en la eliminatoria con el Calella y por eso quedamos terceros, si yo no hubiese fallado, habr\u00edamos jugado la final. Aun as\u00ed, estas cosas pasan\u2026 e igualmente estamos muy satisfechos con el resultado y con muchas ganas de ir a las pr\u00f3ximas competiciones\u201d.<\/p>\n\n\n\n<p>Desde el Ajuntament de la Bisbal del Pened\u00e8s le queremos dar la enhorabuena a estos campeones que siempre se muestran humildes, pese a ser deportistas de un gran nivel. \u00a1Tenemos el orgullo de poder presumir de campeones bisbalencs!<\/p>\n","protected":false},"excerpt":{"rendered":"<p>El passat cap de setmana es va celebrar el Campionat de Catalunya de Tennis Taula a Vilafranca del Pened\u00e8s i els bisbalencs Alfredo Juan i Josep Mart\u00ednez, del CTT Vilafranca, &hellip; <a href=\"https:\/\/bisbalpenedes.com\/web\/2024\/02\/27\/els-bisbalencs-alfredo-juan-i-josep-martinez-van-quedar-tercers-en-la-classificacio-al-campionat-de-catalunya-de-tennis-taula-celebrat-el-passat-cap-de-setmana-a-vilafranca\/\" class=\"more-link\">Read More<\/a><\/p>\n","protected":false},"author":4,"featured_media":29283,"comment_status":"closed","ping_status":"closed","sticky":false,"template":"","format":"standard","meta":[],"categories":[2370,19,8],"tags":[1433,393,1374,1962],"_links":{"self":[{"href":"https:\/\/bisbalpenedes.com\/web\/wp-json\/wp\/v2\/posts\/29282"}],"collection":[{"href":"https:\/\/bisbalpenedes.com\/web\/wp-json\/wp\/v2\/posts"}],"about":[{"href":"https:\/\/bisbalpenedes.com\/web\/wp-json\/wp\/v2\/types\/post"}],"author":[{"embeddable":true,"href":"https:\/\/bisbalpenedes.com\/web\/wp-json\/wp\/v2\/users\/4"}],"replies":[{"embeddable":true,"href":"https:\/\/bisbalpenedes.com\/web\/wp-json\/wp\/v2\/comments?post=29282"}],"version-history":[{"count":1,"href":"https:\/\/bisbalpenedes.com\/web\/wp-json\/wp\/v2\/posts\/29282\/revisions"}],"predecessor-version":[{"id":29285,"href":"https:\/\/bisbalpenedes.com\/web\/wp-json\/wp\/v2\/posts\/29282\/revisions\/29285"}],"wp:featuredmedia":[{"embeddable":true,"href":"https:\/\/bisbalpenedes.com\/web\/wp-json\/wp\/v2\/media\/29283"}],"wp:attachment":[{"href":"https:\/\/bisbalpenedes.com\/web\/wp-json\/wp\/v2\/media?parent=29282"}],"wp:term":[{"taxonomy":"category","embeddable":true,"href":"https:\/\/bisbalpenedes.com\/web\/wp-json\/wp\/v2\/categories?post=29282"},{"taxonomy":"post_tag","embeddable":true,"href":"https:\/\/bisbalpenedes.com\/web\/wp-json\/wp\/v2\/tags?post=29282"}],"curies":[{"name":"wp","href":"https:\/\/api.w.org\/{rel}","templated":true}]}}