{"id":29276,"date":"2024-03-01T07:00:00","date_gmt":"2024-03-01T05:00:00","guid":{"rendered":"https:\/\/bisbalpenedes.com\/web\/?p=29276"},"modified":"2024-02-27T14:52:54","modified_gmt":"2024-02-27T12:52:54","slug":"aquest-dissabte-es-poden-donar-afectacions-de-transit-en-diverses-carreteres","status":"publish","type":"post","link":"https:\/\/bisbalpenedes.com\/web\/2024\/03\/01\/aquest-dissabte-es-poden-donar-afectacions-de-transit-en-diverses-carreteres\/","title":{"rendered":"Aquest dissabte es poden donar afectacions de tr\u00e0nsit en diverses carreteres"},"content":{"rendered":"\n<p>Dem\u00e0 dissabte 2 de mar\u00e7, al mat\u00ed, se celebrar\u00e0 la MAXXIS GRAVEL series de ciclisme i passar\u00e0 per la Bisbal del Pened\u00e8s. Segons ens han informat, les seg\u00fcents carreteres de titularitat del Servei de Carreteres de la Generalitat a Tarragona i Barcelona i de la Diputaci\u00f3 de Tarragona poden patir afectacions de tr\u00e0nsit:<\/p>\n\n\n\n<ul><li>TP-2124<\/li><li>BV-2117<\/li><li>BV-2121<\/li><li>TP-2442<\/li><li>TV-2122<\/li><li>TP-22402<\/li><li>TV-2043<\/li><\/ul>\n\n\n\n<p>M\u00e9s informaci\u00f3 sobre l&#8217;esdeveniment: https:\/\/clubbtt-opennatura.com\/maxxis-gravel-el-vendrell<\/p>\n\n\n\n<hr class=\"wp-block-separator has-alpha-channel-opacity\"\/>\n\n\n\n<p><strong>CASTELLANO |<\/strong> Ma\u00f1ana s\u00e1bado 2 de marzo, por la ma\u00f1ana, se celebrar\u00e1 la MAXXIS GRAVEL series de ciclismo y pasar\u00e1 por la Bisbal del Pened\u00e8s. Seg\u00fan nos han informado, las siguientes carreteras de titularidad del Servei de Carreteres de la Generalitat en Tarragona y Barcelona y de la Diputaci\u00f3 de Tarragona pueden sufrir afectaciones de tr\u00e1fico:<\/p>\n\n\n\n<ul><li>TP-2124<\/li><li>BV-2117<\/li><li>BV-2121<\/li><li>TP-2442<\/li><li>TV-2122<\/li><li>TP-22402<\/li><li>TV-2043<\/li><\/ul>\n\n\n\n<p>M\u00e1s informaci\u00f3n sobre el evento: https:\/\/clubbtt-opennatura.com\/maxxis-gravel-el-vendrell<\/p>\n\n\n\n<p><\/p>\n","protected":false},"excerpt":{"rendered":"<p>Dem\u00e0 dissabte 2 de mar\u00e7, al mat\u00ed, se celebrar\u00e0 la MAXXIS GRAVEL series de ciclisme i passar\u00e0 per la Bisbal del Pened\u00e8s. Segons ens han informat, les seg\u00fcents carreteres de &hellip; <a href=\"https:\/\/bisbalpenedes.com\/web\/2024\/03\/01\/aquest-dissabte-es-poden-donar-afectacions-de-transit-en-diverses-carreteres\/\" class=\"more-link\">Read More<\/a><\/p>\n","protected":false},"author":4,"featured_media":29277,"comment_status":"closed","ping_status":"closed","sticky":false,"template":"","format":"standard","meta":[],"categories":[1628,19,8],"tags":[459,3841,2835,6492,393,6493,1374,1381],"_links":{"self":[{"href":"https:\/\/bisbalpenedes.com\/web\/wp-json\/wp\/v2\/posts\/29276"}],"collection":[{"href":"https:\/\/bisbalpenedes.com\/web\/wp-json\/wp\/v2\/posts"}],"about":[{"href":"https:\/\/bisbalpenedes.com\/web\/wp-json\/wp\/v2\/types\/post"}],"author":[{"embeddable":true,"href":"https:\/\/bisbalpenedes.com\/web\/wp-json\/wp\/v2\/users\/4"}],"replies":[{"embeddable":true,"href":"https:\/\/bisbalpenedes.com\/web\/wp-json\/wp\/v2\/comments?post=29276"}],"version-history":[{"count":2,"href":"https:\/\/bisbalpenedes.com\/web\/wp-json\/wp\/v2\/posts\/29276\/revisions"}],"predecessor-version":[{"id":29279,"href":"https:\/\/bisbalpenedes.com\/web\/wp-json\/wp\/v2\/posts\/29276\/revisions\/29279"}],"wp:featuredmedia":[{"embeddable":true,"href":"https:\/\/bisbalpenedes.com\/web\/wp-json\/wp\/v2\/media\/29277"}],"wp:attachment":[{"href":"https:\/\/bisbalpenedes.com\/web\/wp-json\/wp\/v2\/media?parent=29276"}],"wp:term":[{"taxonomy":"category","embeddable":true,"href":"https:\/\/bisbalpenedes.com\/web\/wp-json\/wp\/v2\/categories?post=29276"},{"taxonomy":"post_tag","embeddable":true,"href":"https:\/\/bisbalpenedes.com\/web\/wp-json\/wp\/v2\/tags?post=29276"}],"curies":[{"name":"wp","href":"https:\/\/api.w.org\/{rel}","templated":true}]}}