{"id":2927,"date":"2017-07-28T23:29:49","date_gmt":"2017-07-28T17:29:49","guid":{"rendered":"http:\/\/bisbalpenedes.com\/web\/?p=2927"},"modified":"2017-07-30T23:32:16","modified_gmt":"2017-07-30T17:32:16","slug":"la-bisbal-del-penedes-acollira-les-24h-de-futbol-sala-el-proper-cap-de-setmana","status":"publish","type":"post","link":"https:\/\/bisbalpenedes.com\/web\/2017\/07\/28\/la-bisbal-del-penedes-acollira-les-24h-de-futbol-sala-el-proper-cap-de-setmana\/","title":{"rendered":"La Bisbal del Pened\u00e8s acollir\u00e0 les 24h de Futbol Sala el proper cap de setmana"},"content":{"rendered":"<p><a href=\"http:\/\/bisbalpenedes.com\/web\/wp-content\/uploads\/2017\/07\/20292934_1873436542874203_5138097221300263199_n.jpg\"><br \/>\n<\/a><a href=\"http:\/\/bisbalpenedes.com\/web\/wp-content\/uploads\/2017\/07\/20292934_1873436542874203_5138097221300263199_n.jpg\"><img loading=\"lazy\" class=\"aligncenter size-medium wp-image-2928\" title=\"24h futbol sala\" src=\"http:\/\/bisbalpenedes.com\/web\/wp-content\/uploads\/2017\/07\/20292934_1873436542874203_5138097221300263199_n-213x300.jpg\" alt=\"\" width=\"213\" height=\"300\" srcset=\"https:\/\/bisbalpenedes.com\/web\/wp-content\/uploads\/2017\/07\/20292934_1873436542874203_5138097221300263199_n-213x300.jpg 213w, https:\/\/bisbalpenedes.com\/web\/wp-content\/uploads\/2017\/07\/20292934_1873436542874203_5138097221300263199_n-600x842.jpg 600w, https:\/\/bisbalpenedes.com\/web\/wp-content\/uploads\/2017\/07\/20292934_1873436542874203_5138097221300263199_n.jpg 684w\" sizes=\"(max-width: 213px) 100vw, 213px\" \/><\/a><\/p>\n<p>L\u2019Escola Ull de Vent acollir\u00e0 les 24h de Futbol Sala els dies 4 i 5 d\u2019agost. Els partits comen\u00e7aran a les 21h.<\/p>\n<p>Els equips es poden inscriure a la botiga d\u2019Esports L\u00edmit 360(Ctra. De la Bisbal, 20 local A. Lloren\u00e7 del Pened\u00e8s) o per tel\u00e8fon trucant al 658 590 266 (Ferran). <strong>La data l\u00edmit per inscriure\u2019s \u00e9s el 31 de juliol<\/strong> i l\u2019edat m\u00ednima s\u00f3n 16 anys. Els equips poden tenir un m\u00ednim de 5 jugadors i un m\u00e0xim de 12.<\/p>\n<p>El primer premi consistir\u00e0 en 410\u20ac i un trofeu. El segon premi ser\u00e0 de 210\u20ac i un trofeu.<\/p>\n<p>Per fer les inscripcions cal que aporteu:<\/p>\n<p>-Fotoc\u00f2pia del DNI<\/p>\n<p>-Fotoc\u00f2pia de la targeta sanit\u00e0ria<\/p>\n<p>En el cas de menors, tamb\u00e9 caldr\u00e0 adjuntar l\u2019autoritzaci\u00f3 del pare, mare o tutor legal del menor.<\/p>\n","protected":false},"excerpt":{"rendered":"<p>L\u2019Escola Ull de Vent acollir\u00e0 les 24h de Futbol Sala els dies 4 i 5 d\u2019agost. Els partits comen\u00e7aran a les 21h. Els equips es poden inscriure a la botiga &hellip; <a href=\"https:\/\/bisbalpenedes.com\/web\/2017\/07\/28\/la-bisbal-del-penedes-acollira-les-24h-de-futbol-sala-el-proper-cap-de-setmana\/\" class=\"more-link\">Read More<\/a><\/p>\n","protected":false},"author":4,"featured_media":2928,"comment_status":"closed","ping_status":"closed","sticky":false,"template":"","format":"standard","meta":[],"categories":[19],"tags":[658,368,659,273,345,393,660,366,661,222],"_links":{"self":[{"href":"https:\/\/bisbalpenedes.com\/web\/wp-json\/wp\/v2\/posts\/2927"}],"collection":[{"href":"https:\/\/bisbalpenedes.com\/web\/wp-json\/wp\/v2\/posts"}],"about":[{"href":"https:\/\/bisbalpenedes.com\/web\/wp-json\/wp\/v2\/types\/post"}],"author":[{"embeddable":true,"href":"https:\/\/bisbalpenedes.com\/web\/wp-json\/wp\/v2\/users\/4"}],"replies":[{"embeddable":true,"href":"https:\/\/bisbalpenedes.com\/web\/wp-json\/wp\/v2\/comments?post=2927"}],"version-history":[{"count":2,"href":"https:\/\/bisbalpenedes.com\/web\/wp-json\/wp\/v2\/posts\/2927\/revisions"}],"predecessor-version":[{"id":2930,"href":"https:\/\/bisbalpenedes.com\/web\/wp-json\/wp\/v2\/posts\/2927\/revisions\/2930"}],"wp:featuredmedia":[{"embeddable":true,"href":"https:\/\/bisbalpenedes.com\/web\/wp-json\/wp\/v2\/media\/2928"}],"wp:attachment":[{"href":"https:\/\/bisbalpenedes.com\/web\/wp-json\/wp\/v2\/media?parent=2927"}],"wp:term":[{"taxonomy":"category","embeddable":true,"href":"https:\/\/bisbalpenedes.com\/web\/wp-json\/wp\/v2\/categories?post=2927"},{"taxonomy":"post_tag","embeddable":true,"href":"https:\/\/bisbalpenedes.com\/web\/wp-json\/wp\/v2\/tags?post=2927"}],"curies":[{"name":"wp","href":"https:\/\/api.w.org\/{rel}","templated":true}]}}