{"id":29268,"date":"2024-02-26T19:55:42","date_gmt":"2024-02-26T17:55:42","guid":{"rendered":"https:\/\/bisbalpenedes.com\/web\/?p=29268"},"modified":"2024-02-26T19:55:42","modified_gmt":"2024-02-26T17:55:42","slug":"saprova-el-pagament-de-la-quota-de-lany-2024-de-lassociacio-de-municipis-catalans-per-a-la-recollida-porta-a-porta","status":"publish","type":"post","link":"https:\/\/bisbalpenedes.com\/web\/2024\/02\/26\/saprova-el-pagament-de-la-quota-de-lany-2024-de-lassociacio-de-municipis-catalans-per-a-la-recollida-porta-a-porta\/","title":{"rendered":"<strong>S&#8217;aprova el pagament de la quota de l&#8217;any 2024 de l&#8217;Associaci\u00f3 de Municipis Catalans per a la recollida porta a porta<\/strong>"},"content":{"rendered":"\n<p>La Junta de Govern del 19 de febrer va aprovar, a petici\u00f3 de la Regidoria de la Recollida de Residus, el pagament de la quota del 2024 de l&#8217;Associaci\u00f3 de Municipis Catalans per la recollida porta a porta, que ascendeix a 251,27\u20ac.<\/p>\n\n\n\n<p>L&#8217;Ajuntament de La Bisbal del Pened\u00e8s est\u00e0 adherit a aquesta associaci\u00f3 per obtenir informaci\u00f3 actualitzada sobre serveis, experi\u00e8ncies, normatives i, en definitiva, tot el que envolta el model de recollida selectiva porta a porta que, al municipi, \u00e9s el que est\u00e0 instaurat al nucli i al Papagai.<\/p>\n\n\n\n<hr class=\"wp-block-separator has-alpha-channel-opacity\"\/>\n\n\n\n<p><strong>CASTELLANO |<\/strong> La Junta de Gobierno del 19 de febrero aprob\u00f3, a petici\u00f3n de la Concejal\u00eda de la Recogida de Residuos, el pago de la cuota del 2024 de la Associaci\u00f3 de Municipis Catalans per la recollida porta a porta, que asciende a 251,27\u20ac.<\/p>\n\n\n\n<p>El Ajuntament de la Bisbal del Pened\u00e8s est\u00e1 adherido a esta asociaci\u00f3n para obtener informaci\u00f3n actualizada sobre servicios, experiencias, normativas y, en definitiva, todo lo que rodea el modelo de recogida selectiva puerta a puerta que, en el municipio, es el que est\u00e1 instaurado en el n\u00facleo y en el Papagai.<\/p>\n","protected":false},"excerpt":{"rendered":"<p>La Junta de Govern del 19 de febrer va aprovar, a petici\u00f3 de la Regidoria de la Recollida de Residus, el pagament de la quota del 2024 de l&#8217;Associaci\u00f3 de &hellip; <a href=\"https:\/\/bisbalpenedes.com\/web\/2024\/02\/26\/saprova-el-pagament-de-la-quota-de-lany-2024-de-lassociacio-de-municipis-catalans-per-a-la-recollida-porta-a-porta\/\" class=\"more-link\">Read More<\/a><\/p>\n","protected":false},"author":4,"featured_media":29269,"comment_status":"closed","ping_status":"closed","sticky":false,"template":"","format":"standard","meta":[],"categories":[3215,3085,8],"tags":[686,393],"_links":{"self":[{"href":"https:\/\/bisbalpenedes.com\/web\/wp-json\/wp\/v2\/posts\/29268"}],"collection":[{"href":"https:\/\/bisbalpenedes.com\/web\/wp-json\/wp\/v2\/posts"}],"about":[{"href":"https:\/\/bisbalpenedes.com\/web\/wp-json\/wp\/v2\/types\/post"}],"author":[{"embeddable":true,"href":"https:\/\/bisbalpenedes.com\/web\/wp-json\/wp\/v2\/users\/4"}],"replies":[{"embeddable":true,"href":"https:\/\/bisbalpenedes.com\/web\/wp-json\/wp\/v2\/comments?post=29268"}],"version-history":[{"count":1,"href":"https:\/\/bisbalpenedes.com\/web\/wp-json\/wp\/v2\/posts\/29268\/revisions"}],"predecessor-version":[{"id":29270,"href":"https:\/\/bisbalpenedes.com\/web\/wp-json\/wp\/v2\/posts\/29268\/revisions\/29270"}],"wp:featuredmedia":[{"embeddable":true,"href":"https:\/\/bisbalpenedes.com\/web\/wp-json\/wp\/v2\/media\/29269"}],"wp:attachment":[{"href":"https:\/\/bisbalpenedes.com\/web\/wp-json\/wp\/v2\/media?parent=29268"}],"wp:term":[{"taxonomy":"category","embeddable":true,"href":"https:\/\/bisbalpenedes.com\/web\/wp-json\/wp\/v2\/categories?post=29268"},{"taxonomy":"post_tag","embeddable":true,"href":"https:\/\/bisbalpenedes.com\/web\/wp-json\/wp\/v2\/tags?post=29268"}],"curies":[{"name":"wp","href":"https:\/\/api.w.org\/{rel}","templated":true}]}}