{"id":29264,"date":"2024-02-26T19:43:41","date_gmt":"2024-02-26T17:43:41","guid":{"rendered":"https:\/\/bisbalpenedes.com\/web\/?p=29264"},"modified":"2024-02-26T19:43:41","modified_gmt":"2024-02-26T17:43:41","slug":"es-prorroga-el-conveni-de-collaboracio-amb-lacademia-del-cinema-catala-per-seguir-oferint-les-pellicules-del-cicle-gaudi-al-municipi-aquest-2024","status":"publish","type":"post","link":"https:\/\/bisbalpenedes.com\/web\/2024\/02\/26\/es-prorroga-el-conveni-de-collaboracio-amb-lacademia-del-cinema-catala-per-seguir-oferint-les-pellicules-del-cicle-gaudi-al-municipi-aquest-2024\/","title":{"rendered":"<strong>Es prorroga el conveni de col\u00b7laboraci\u00f3 amb l&#8217;Acad\u00e8mia del Cinema Catal\u00e0 per seguir oferint les pel\u00b7l\u00edcules del Cicle Gaud\u00ed al municipi aquest 2024<\/strong>"},"content":{"rendered":"\n<p>La Junta de Govern del passat 19 de febrer va aprovar la pr\u00f2rroga del conveni de col\u00b7laboraci\u00f3 amb l&#8217;Acad\u00e8mia del Cinema Catal\u00e0 per a l&#8217;any 2024, amb un import anual de 2.057\u20ac (IVA incl\u00f2s).<\/p>\n\n\n\n<p>El juliol de 2021 es va aprovar, a petici\u00f3 de la Regidoria de Cultura, un conveni de col\u00b7laboraci\u00f3 amb l&#8217;Acad\u00e8mia del Cinema Catal\u00e0 per promocionar el cinema catal\u00e0 amb activitats espec\u00edfiques de divulgaci\u00f3 per potenciar i assolir que el cinema catal\u00e0 arribi al p\u00fablic de proximitat, a trav\u00e9s d&#8217;un circuit estable de cinema catal\u00e0, el Cicle Gaud\u00ed. Les pel\u00b7l\u00edcules del cicle s&#8217;ofereixen cada mes, a excepci\u00f3 dels mesos de juliol i agost, a l&#8217;auditori del Centre Municipal de Cultura.<\/p>\n\n\n\n<hr class=\"wp-block-separator has-alpha-channel-opacity\"\/>\n\n\n\n<p><strong>CASTELLANO |<\/strong> La Junta de Gobierno del pasado 19 de febrero aprob\u00f3 la pr\u00f3rroga del convenio de colaboraci\u00f3n con la Acad\u00e8mia del Cinema Catal\u00e0 para el a\u00f1o 2024, con un importe anual de 2.057\u20ac (IVA incluido).<\/p>\n\n\n\n<p>En julio del 2021 se aprob\u00f3, a petici\u00f3n de la Concejal\u00eda de Cultura, un convenio de colaboraci\u00f3n con la Acad\u00e8mia del Cinema Catal\u00e0 para promocionar el cine catal\u00e1n con actividades espec\u00edficas de divulgaci\u00f3n para potenciar y conseguir que el cine catal\u00e1n llegue al p\u00fablico de proximidad, a trav\u00e9s de un circuito estable de cine catal\u00e1n, el Cicle Gaud\u00ed. Las pel\u00edculas del ciclo se ofrecen cada mes, a excepci\u00f3n de los meses de julio y agosto, en el auditorio del Centre Municipal de Cultura.<\/p>\n","protected":false},"excerpt":{"rendered":"<p>La Junta de Govern del passat 19 de febrer va aprovar la pr\u00f2rroga del conveni de col\u00b7laboraci\u00f3 amb l&#8217;Acad\u00e8mia del Cinema Catal\u00e0 per a l&#8217;any 2024, amb un import anual &hellip; <a href=\"https:\/\/bisbalpenedes.com\/web\/2024\/02\/26\/es-prorroga-el-conveni-de-collaboracio-amb-lacademia-del-cinema-catala-per-seguir-oferint-les-pellicules-del-cicle-gaudi-al-municipi-aquest-2024\/\" class=\"more-link\">Read More<\/a><\/p>\n","protected":false},"author":4,"featured_media":29265,"comment_status":"closed","ping_status":"closed","sticky":false,"template":"","format":"standard","meta":[],"categories":[13,3085,8],"tags":[459,308,393],"_links":{"self":[{"href":"https:\/\/bisbalpenedes.com\/web\/wp-json\/wp\/v2\/posts\/29264"}],"collection":[{"href":"https:\/\/bisbalpenedes.com\/web\/wp-json\/wp\/v2\/posts"}],"about":[{"href":"https:\/\/bisbalpenedes.com\/web\/wp-json\/wp\/v2\/types\/post"}],"author":[{"embeddable":true,"href":"https:\/\/bisbalpenedes.com\/web\/wp-json\/wp\/v2\/users\/4"}],"replies":[{"embeddable":true,"href":"https:\/\/bisbalpenedes.com\/web\/wp-json\/wp\/v2\/comments?post=29264"}],"version-history":[{"count":1,"href":"https:\/\/bisbalpenedes.com\/web\/wp-json\/wp\/v2\/posts\/29264\/revisions"}],"predecessor-version":[{"id":29266,"href":"https:\/\/bisbalpenedes.com\/web\/wp-json\/wp\/v2\/posts\/29264\/revisions\/29266"}],"wp:featuredmedia":[{"embeddable":true,"href":"https:\/\/bisbalpenedes.com\/web\/wp-json\/wp\/v2\/media\/29265"}],"wp:attachment":[{"href":"https:\/\/bisbalpenedes.com\/web\/wp-json\/wp\/v2\/media?parent=29264"}],"wp:term":[{"taxonomy":"category","embeddable":true,"href":"https:\/\/bisbalpenedes.com\/web\/wp-json\/wp\/v2\/categories?post=29264"},{"taxonomy":"post_tag","embeddable":true,"href":"https:\/\/bisbalpenedes.com\/web\/wp-json\/wp\/v2\/tags?post=29264"}],"curies":[{"name":"wp","href":"https:\/\/api.w.org\/{rel}","templated":true}]}}