{"id":29240,"date":"2024-02-26T11:00:50","date_gmt":"2024-02-26T09:00:50","guid":{"rendered":"https:\/\/bisbalpenedes.com\/web\/?p=29240"},"modified":"2024-02-26T11:36:02","modified_gmt":"2024-02-26T09:36:02","slug":"la-regidoria-de-turisme-assisteix-a-la-presentacio-del-pla-daccions-integrat-2024-del-consorci-de-promocio-turistica-del-penedes","status":"publish","type":"post","link":"https:\/\/bisbalpenedes.com\/web\/2024\/02\/26\/la-regidoria-de-turisme-assisteix-a-la-presentacio-del-pla-daccions-integrat-2024-del-consorci-de-promocio-turistica-del-penedes\/","title":{"rendered":"La Regidoria de Turisme assisteix a la presentaci\u00f3 del Pla d&#8217;accions integrat 2024 del Consorci de Promoci\u00f3 Tur\u00edstica del Pened\u00e8s"},"content":{"rendered":"\n<p>La regidora de Turisme, Judith Vidal, va assistir el dimecres 21 de febrer a l\u2019acte de presentaci\u00f3 del Pla d\u2019accions integrat 2024 del Consorci de Promoci\u00f3 Tur\u00edstica del Pened\u00e8s i al reconeixement de les empreses i entitats Biosphere 2023, que va tenir lloc a Vilafranca del Pened\u00e8s. Quant al reconeixement, Mas Llagostera va renovar la certificaci\u00f3 de sostenibilitat tur\u00edstica internacional Biosphere un any m\u00e9s i Torclum oli d&#8217;oliva va obtenir aquest segell.<\/p>\n\n\n\n<p>L\u2019acte tamb\u00e9 va servir per presentar el Pla de Sostenibilitat Tur\u00edstica en Destinaci\u00f3 de l\u2019Alt Pened\u00e8s, \u201cPened\u00e8s ciclable, una oportunitat transformadora per un dest\u00ed sostenible\u201d, liderat pel Consell Comarcal de l\u2019Alt Pened\u00e8s.<\/p>\n\n\n\n<p>La regidora de Turisme de l\u2019Ajuntament de la Bisbal del Pened\u00e8s tamb\u00e9 \u00e9s vicepresidenta 4\u00aa del Consorci de Promoci\u00f3 Tur\u00edstica del Pened\u00e8s i va&nbsp; assistir a l\u2019acte amb el Conseller de Turisme del Consell Comarcal del Baix Pened\u00e8s, Mag\u00ed Pie.<\/p>\n\n\n\n<figure class=\"wp-block-image size-large\"><img loading=\"lazy\" width=\"768\" height=\"1024\" src=\"https:\/\/bisbalpenedes.com\/web\/wp-content\/uploads\/2024\/02\/7c3ef172-898f-4ffb-829e-f4bf4f65ce0c-768x1024.jpg\" alt=\"\" class=\"wp-image-29242\" srcset=\"https:\/\/bisbalpenedes.com\/web\/wp-content\/uploads\/2024\/02\/7c3ef172-898f-4ffb-829e-f4bf4f65ce0c-768x1024.jpg 768w, https:\/\/bisbalpenedes.com\/web\/wp-content\/uploads\/2024\/02\/7c3ef172-898f-4ffb-829e-f4bf4f65ce0c-225x300.jpg 225w, https:\/\/bisbalpenedes.com\/web\/wp-content\/uploads\/2024\/02\/7c3ef172-898f-4ffb-829e-f4bf4f65ce0c-1152x1536.jpg 1152w, https:\/\/bisbalpenedes.com\/web\/wp-content\/uploads\/2024\/02\/7c3ef172-898f-4ffb-829e-f4bf4f65ce0c-600x800.jpg 600w, https:\/\/bisbalpenedes.com\/web\/wp-content\/uploads\/2024\/02\/7c3ef172-898f-4ffb-829e-f4bf4f65ce0c.jpg 1200w\" sizes=\"(max-width: 768px) 100vw, 768px\" \/><\/figure>\n\n\n\n<hr class=\"wp-block-separator has-alpha-channel-opacity\"\/>\n\n\n\n<p><strong>CASTELLANO | <\/strong>La concejala de Turismo, Judith Vidal, asisti\u00f3 el mi\u00e9rcoles 21 de febrero al acto de presentaci\u00f3n del Plan de acciones integrado 2024 del Consorci de Promoci\u00f3 Tur\u00edstica del Pened\u00e8s y al reconocimiento de las empresas y entidades Biosphere 2023, que tuvo lugar en Vilafranca del Pened\u00e8s. En cuanto al reconocimiento, Mas Llagostera renov\u00f3 la certificaci\u00f3n de sostenibilidad tur\u00edstica internacional Biosphere un a\u00f1o m\u00e1s y Torclum aceite de oliva adquiri\u00f3 este sello.<\/p>\n\n\n\n<p>El acto tambi\u00e9n sirvi\u00f3 para presentar el Plan de Sostenibilidad Tur\u00edstica en Destinaci\u00f3n del Alt Pened\u00e8s, \u201cPened\u00e8s ciclable, una oportunitat transformadora per un dest\u00ed sostenible, liderado por el Consell Comarcal del Alt Pened\u00e8s.&nbsp;<\/p>\n\n\n\n<p>La concejala de Turismo del Ajuntament de la Bisbal del Pened\u00e8s tambi\u00e9n es vicepresidenta 4\u00aa del Consorcio de Promoci\u00f3n Tur\u00edstica del Pened\u00e8s y acudi\u00f3 al acto junto con el Conseller de Turisme del Consell Comarcal del Baix Pened\u00e8s, Mag\u00ed Pie.<\/p>\n","protected":false},"excerpt":{"rendered":"<p>La regidora de Turisme, Judith Vidal, va assistir el dimecres 21 de febrer a l\u2019acte de presentaci\u00f3 del Pla d\u2019accions integrat 2024 del Consorci de Promoci\u00f3 Tur\u00edstica del Pened\u00e8s i &hellip; <a href=\"https:\/\/bisbalpenedes.com\/web\/2024\/02\/26\/la-regidoria-de-turisme-assisteix-a-la-presentacio-del-pla-daccions-integrat-2024-del-consorci-de-promocio-turistica-del-penedes\/\" class=\"more-link\">Read More<\/a><\/p>\n","protected":false},"author":4,"featured_media":29241,"comment_status":"closed","ping_status":"closed","sticky":false,"template":"","format":"standard","meta":[],"categories":[8,4878],"tags":[3487,5981,491,1374],"_links":{"self":[{"href":"https:\/\/bisbalpenedes.com\/web\/wp-json\/wp\/v2\/posts\/29240"}],"collection":[{"href":"https:\/\/bisbalpenedes.com\/web\/wp-json\/wp\/v2\/posts"}],"about":[{"href":"https:\/\/bisbalpenedes.com\/web\/wp-json\/wp\/v2\/types\/post"}],"author":[{"embeddable":true,"href":"https:\/\/bisbalpenedes.com\/web\/wp-json\/wp\/v2\/users\/4"}],"replies":[{"embeddable":true,"href":"https:\/\/bisbalpenedes.com\/web\/wp-json\/wp\/v2\/comments?post=29240"}],"version-history":[{"count":3,"href":"https:\/\/bisbalpenedes.com\/web\/wp-json\/wp\/v2\/posts\/29240\/revisions"}],"predecessor-version":[{"id":29245,"href":"https:\/\/bisbalpenedes.com\/web\/wp-json\/wp\/v2\/posts\/29240\/revisions\/29245"}],"wp:featuredmedia":[{"embeddable":true,"href":"https:\/\/bisbalpenedes.com\/web\/wp-json\/wp\/v2\/media\/29241"}],"wp:attachment":[{"href":"https:\/\/bisbalpenedes.com\/web\/wp-json\/wp\/v2\/media?parent=29240"}],"wp:term":[{"taxonomy":"category","embeddable":true,"href":"https:\/\/bisbalpenedes.com\/web\/wp-json\/wp\/v2\/categories?post=29240"},{"taxonomy":"post_tag","embeddable":true,"href":"https:\/\/bisbalpenedes.com\/web\/wp-json\/wp\/v2\/tags?post=29240"}],"curies":[{"name":"wp","href":"https:\/\/api.w.org\/{rel}","templated":true}]}}