{"id":29233,"date":"2024-02-26T10:37:48","date_gmt":"2024-02-26T08:37:48","guid":{"rendered":"https:\/\/bisbalpenedes.com\/web\/?p=29233"},"modified":"2024-02-26T10:47:29","modified_gmt":"2024-02-26T08:47:29","slug":"la-regidoria-de-cultura-estudia-constantment-les-necessitats-i-millores-dels-equipaments-municipals-del-municipi-i-treballa-per-a-la-possible-obtencio-de-subvencions-per-dur-les-a-terme","status":"publish","type":"post","link":"https:\/\/bisbalpenedes.com\/web\/2024\/02\/26\/la-regidoria-de-cultura-estudia-constantment-les-necessitats-i-millores-dels-equipaments-municipals-del-municipi-i-treballa-per-a-la-possible-obtencio-de-subvencions-per-dur-les-a-terme\/","title":{"rendered":"La Regidoria de Cultura\u00a0estudia constantment les necessitats i millores dels equipaments municipals de la vila i treballa per a la possible obtenci\u00f3 de noves subvencions"},"content":{"rendered":"\n<p>Aquest dimarts dia 20 de febrer, la regidora de Cultura de l\u2019Ajuntament de la Bisbal del Pened\u00e8s, Judith Vidal; i el t\u00e8cnic responsable d\u2019aquesta \u00e0rea, Jordi Ferran; han assistit a la reuni\u00f3 informativa sobre les noves l\u00ednies de subvencions per a equipaments culturals als municipis de la Generalitat de Catalunya que s\u2019ha celebrat a l\u2019Escorxador de Vilafranca.&nbsp;<\/p>\n\n\n\n<p>Durant la reuni\u00f3, s\u2019han presentat les l\u00ednies d\u2019actuaci\u00f3 vinculades als equipaments culturals ja existents i a les futures l\u00ednies en les quals est\u00e0 treballant la Generalitat. El 2023, l\u2019ajuntament bisbalenc va rebre un total d\u201911.000\u20ac per a la biblioteca municipal, provinents de la sol\u00b7licitud de diverses d\u2019aquestes l\u00ednies d\u2019actuaci\u00f3. Enguany, la Regidoria de Cultura t\u00e9 previst tornar a sol\u00b7licitar aquests ajuts,&nbsp;aix\u00ed com&nbsp;continuartreballant per estudiar la presentaci\u00f3 de nous projectes que puguin ser \u00fatils per a les necessitats i millores dels equipaments culturals del municipi.<\/p>\n\n\n\n<hr class=\"wp-block-separator has-alpha-channel-opacity\"\/>\n\n\n\n<p><strong>CASTELLANO |<\/strong>&nbsp;Este martes d\u00eda 20 de febrero, la concejala de Cultura del&nbsp;Ajuntament&nbsp;de la Bisbal del Pened\u00e8s, Judith Vidal; y el t\u00e9cnico responsable de esta \u00e1rea, Jordi Ferran; han&nbsp;asistido a la reuni\u00f3n informativa sobre las nuevas l\u00edneas de subvenciones para equipamientos culturales en los municipios de la Generalitat de Catalunya que se ha celebrado en el&nbsp;Escorxador&nbsp;de Vilafranca.<\/p>\n\n\n\n<p>Durante la reuni\u00f3n, se han presentado las l\u00edneas de actuaci\u00f3n vinculadas a los equipamientos culturales ya existentes y a las futuras l\u00edneas en la que est\u00e1 trabajando la Generalitat. En el 2023, el ayuntamiento de la Bisbal recibi\u00f3 un total de 11.000\u20ac para la biblioteca municipal, provenientes de la solicitud de varias de estas l\u00edneas de actuaci\u00f3n. Este a\u00f1o, la&nbsp;Concejal\u00eda&nbsp;de Cultura tiene previsto volver a solicitar estas ayudas,&nbsp;as\u00ed como seguir trabajando para estudiar la presentaci\u00f3n de nuevos proyectos que puedan ser \u00fatiles para las necesidades y mejoras de los equipamientos culturales del municipio.<\/p>\n","protected":false},"excerpt":{"rendered":"<p>Aquest dimarts dia 20 de febrer, la regidora de Cultura de l\u2019Ajuntament de la Bisbal del Pened\u00e8s, Judith Vidal; i el t\u00e8cnic responsable d\u2019aquesta \u00e0rea, Jordi Ferran; han assistit a &hellip; <a href=\"https:\/\/bisbalpenedes.com\/web\/2024\/02\/26\/la-regidoria-de-cultura-estudia-constantment-les-necessitats-i-millores-dels-equipaments-municipals-del-municipi-i-treballa-per-a-la-possible-obtencio-de-subvencions-per-dur-les-a-terme\/\" class=\"more-link\">Read More<\/a><\/p>\n","protected":false},"author":4,"featured_media":29238,"comment_status":"closed","ping_status":"closed","sticky":false,"template":"","format":"standard","meta":[],"categories":[2478,13,8],"tags":[459,225,393,102],"_links":{"self":[{"href":"https:\/\/bisbalpenedes.com\/web\/wp-json\/wp\/v2\/posts\/29233"}],"collection":[{"href":"https:\/\/bisbalpenedes.com\/web\/wp-json\/wp\/v2\/posts"}],"about":[{"href":"https:\/\/bisbalpenedes.com\/web\/wp-json\/wp\/v2\/types\/post"}],"author":[{"embeddable":true,"href":"https:\/\/bisbalpenedes.com\/web\/wp-json\/wp\/v2\/users\/4"}],"replies":[{"embeddable":true,"href":"https:\/\/bisbalpenedes.com\/web\/wp-json\/wp\/v2\/comments?post=29233"}],"version-history":[{"count":3,"href":"https:\/\/bisbalpenedes.com\/web\/wp-json\/wp\/v2\/posts\/29233\/revisions"}],"predecessor-version":[{"id":29237,"href":"https:\/\/bisbalpenedes.com\/web\/wp-json\/wp\/v2\/posts\/29233\/revisions\/29237"}],"wp:featuredmedia":[{"embeddable":true,"href":"https:\/\/bisbalpenedes.com\/web\/wp-json\/wp\/v2\/media\/29238"}],"wp:attachment":[{"href":"https:\/\/bisbalpenedes.com\/web\/wp-json\/wp\/v2\/media?parent=29233"}],"wp:term":[{"taxonomy":"category","embeddable":true,"href":"https:\/\/bisbalpenedes.com\/web\/wp-json\/wp\/v2\/categories?post=29233"},{"taxonomy":"post_tag","embeddable":true,"href":"https:\/\/bisbalpenedes.com\/web\/wp-json\/wp\/v2\/tags?post=29233"}],"curies":[{"name":"wp","href":"https:\/\/api.w.org\/{rel}","templated":true}]}}