{"id":2923,"date":"2017-07-28T21:06:26","date_gmt":"2017-07-28T15:06:26","guid":{"rendered":"http:\/\/bisbalpenedes.com\/web\/?p=2923"},"modified":"2019-08-01T17:36:11","modified_gmt":"2019-08-01T16:36:11","slug":"novetats-sobre-el-centre-de-dia-de-la-bisbal-del-penedes","status":"publish","type":"post","link":"https:\/\/bisbalpenedes.com\/web\/2017\/07\/28\/novetats-sobre-el-centre-de-dia-de-la-bisbal-del-penedes\/","title":{"rendered":"Novetats sobre el Centre de Dia de La Bisbal del Pened\u00e8s"},"content":{"rendered":"<p><a href=\"http:\/\/bisbalpenedes.com\/web\/wp-content\/uploads\/2017\/07\/IMG_4212-300x225.jpg\"><img loading=\"lazy\" class=\"aligncenter size-thumbnail wp-image-2924\" title=\"centre de dia\" src=\"http:\/\/bisbalpenedes.com\/web\/wp-content\/uploads\/2017\/07\/IMG_4212-300x225-150x150.jpg\" alt=\"\" width=\"150\" height=\"150\" srcset=\"https:\/\/bisbalpenedes.com\/web\/wp-content\/uploads\/2017\/07\/IMG_4212-300x225-150x150.jpg 150w, https:\/\/bisbalpenedes.com\/web\/wp-content\/uploads\/2017\/07\/IMG_4212-300x225-100x100.jpg 100w\" sizes=\"(max-width: 150px) 100vw, 150px\" \/><\/a><\/p>\n<p>El passat mes d&#8217;abril vam explicar-vos que la Regidoria de Benestar Social de l&#8217;Ajuntament de La Bisbal del Pened\u00e8s estava treballant en la tramitaci\u00f3 de les altes dels serveis d&#8217;aigua i llum del Centre de dia.<\/p>\n<p>Segons va explicar la regidora Maguy Antol\u00edn, &#8220;l&#8217;anterior equip de govern, tot i haver inaugurat l&#8217;equipament al mar\u00e7 de 2015, no havia fet els tr\u00e0mits i inspeccions corresponents per comptar amb els serveis i subministraments b\u00e0sics i, la llum, estava connectada directament a la xarxa el\u00e8ctrica p\u00fablica sense passar per comptador&#8221;.<\/p>\n<div>\n<p>Aquest divendres 28 de juliol la regidora de Benestar Social, Maguy Antol\u00edn, ha comunicat que \u201chem passat favorablement les inspeccions de les Entitats Catalanes d&#8217;Acci\u00f3 Social (ECAS), amb el que queden legalitzades les instal\u00b7lacions el\u00e8ctriques. Tan sols queda per passar la inspecci\u00f3 d&#8217;incendis, que es far\u00e0 el proper dia 10 d&#8217;agost\u201d.<br \/>\nMaguy ha afegit que \u201cuna vegada passat aquest tr\u00e0mit l&#8217;espai podr\u00e0 ser registrat i donat d&#8217;alta com a Centre de Dia a Benestar Social de la Generalitat de Catalunya\u201d.<\/p>\n<p><strong>CASTELLANO<\/strong><\/p>\n<p>El pasado mes de abril os explicamos que la Regidoria de Benestar Social del Ajuntament de La Bisbal del Pened\u00e8s estaba trabajando en la tramitaci\u00f3n de las altas de los servicios de agua y luz del Centro de d\u00eda.<\/p>\n<p>Seg\u00fan explic\u00f3 la regidora Maguy Antol\u00edn, &#8220;el anterior equipo de gobierno, a\u00fan habiendo inaugurado el equipamiento en marzo del 2015, no hab\u00eda hecho los tr\u00e1mites e inspecciones correspondientes para contar con los servicios y suministros b\u00e1sicos y, la luz, estaba conectada directamente a la red el\u00e9ctrica p\u00fablica sin pasar por el contador&#8221;.<\/p>\n<p>Este viernes 28 de julio la regidoria de Benestar Social, Maguy Antol\u00edn ha comunicado que &#8220;hemos pasado favorablemente las inspecciones de las Entitats Catalanes d&#8217;Acci\u00f3 Social (ECAS), con lo que quedan legalizadas las instalaciones el\u00e9ctricas. S\u00f3lo queda por pasar la inspecci\u00f3n de incendios, que se har\u00e1 el pr\u00f3ximo d\u00eda 10 de agosto&#8221;.<br \/>\nMaguy ha a\u00f1adido que &#8220;una vez pasado este tr\u00e1mite el espacio podr\u00e1 ser registrado y dado de alta como Centro de D\u00eda de Benestar Social de la Generalitat de Catalunya&#8221;.<\/p>\n<\/div>\n<p>ww.google.com&#8221; ][\/button]<\/p>\n","protected":false},"excerpt":{"rendered":"<p>El passat mes d&#8217;abril vam explicar-vos que la Regidoria de Benestar Social de l&#8217;Ajuntament de La Bisbal del Pened\u00e8s estava treballant en la tramitaci\u00f3 de les altes dels serveis d&#8217;aigua &hellip; <a href=\"https:\/\/bisbalpenedes.com\/web\/2017\/07\/28\/novetats-sobre-el-centre-de-dia-de-la-bisbal-del-penedes\/\" class=\"more-link\">Read More<\/a><\/p>\n","protected":false},"author":4,"featured_media":2924,"comment_status":"closed","ping_status":"closed","sticky":false,"template":"","format":"standard","meta":[],"categories":[17],"tags":[315,132,657,442,441,404,316],"_links":{"self":[{"href":"https:\/\/bisbalpenedes.com\/web\/wp-json\/wp\/v2\/posts\/2923"}],"collection":[{"href":"https:\/\/bisbalpenedes.com\/web\/wp-json\/wp\/v2\/posts"}],"about":[{"href":"https:\/\/bisbalpenedes.com\/web\/wp-json\/wp\/v2\/types\/post"}],"author":[{"embeddable":true,"href":"https:\/\/bisbalpenedes.com\/web\/wp-json\/wp\/v2\/users\/4"}],"replies":[{"embeddable":true,"href":"https:\/\/bisbalpenedes.com\/web\/wp-json\/wp\/v2\/comments?post=2923"}],"version-history":[{"count":2,"href":"https:\/\/bisbalpenedes.com\/web\/wp-json\/wp\/v2\/posts\/2923\/revisions"}],"predecessor-version":[{"id":10398,"href":"https:\/\/bisbalpenedes.com\/web\/wp-json\/wp\/v2\/posts\/2923\/revisions\/10398"}],"wp:featuredmedia":[{"embeddable":true,"href":"https:\/\/bisbalpenedes.com\/web\/wp-json\/wp\/v2\/media\/2924"}],"wp:attachment":[{"href":"https:\/\/bisbalpenedes.com\/web\/wp-json\/wp\/v2\/media?parent=2923"}],"wp:term":[{"taxonomy":"category","embeddable":true,"href":"https:\/\/bisbalpenedes.com\/web\/wp-json\/wp\/v2\/categories?post=2923"},{"taxonomy":"post_tag","embeddable":true,"href":"https:\/\/bisbalpenedes.com\/web\/wp-json\/wp\/v2\/tags?post=2923"}],"curies":[{"name":"wp","href":"https:\/\/api.w.org\/{rel}","templated":true}]}}