{"id":29219,"date":"2024-02-23T13:48:53","date_gmt":"2024-02-23T11:48:53","guid":{"rendered":"https:\/\/bisbalpenedes.com\/web\/?p=29219"},"modified":"2024-02-23T13:48:53","modified_gmt":"2024-02-23T11:48:53","slug":"el-26-de-febrer-sobren-les-inscripcions-per-a-joves-nascuts-entre-el-2006-i-el-2008-que-es-vulguin-formar-com-a-premonitors","status":"publish","type":"post","link":"https:\/\/bisbalpenedes.com\/web\/2024\/02\/23\/el-26-de-febrer-sobren-les-inscripcions-per-a-joves-nascuts-entre-el-2006-i-el-2008-que-es-vulguin-formar-com-a-premonitors\/","title":{"rendered":"El 26 de febrer s&#8217;obren les inscripcions per a joves nascuts entre el 2006 i el 2008 que es vulguin formar com a premonitors"},"content":{"rendered":"\n<p>Nou curs de premonitors i premonitores per a joves nascuts entre el 2006 i el 2008!<\/p>\n\n\n\n<p>Inscripcions a partir del 26 de febrer<\/p>\n\n\n\n<p>Al SOM Bisbal \u27a1\ufe0f ocupacio@bisbalpenedes.com<\/p>\n\n\n\n<p>El curs es far\u00e0 a:<\/p>\n\n\n\n<ul><li>Lloren\u00e7 del Pened\u00e8s, del 26 al 28 de mar\u00e7<\/li><li>Cunit: del 25 al 28 de mar\u00e7<\/li><\/ul>\n\n\n\n<hr class=\"wp-block-separator has-alpha-channel-opacity\"\/>\n\n\n\n<p><strong>CASTELLANO | <\/strong>Nuevo curso de premonitores para j\u00f3venes nacidos entre el 2006 y el 2008!<\/p>\n\n\n\n<p>Inscripciones a partir del 26 de febrero<\/p>\n\n\n\n<p>En el SOM Bisbal \u27a1\ufe0f ocupacio@bisbalpenedes.com<\/p>\n\n\n\n<p>El curso se har\u00e1 en:<\/p>\n\n\n\n<ul><li>Lloren\u00e7 del Pened\u00e8s, del 26 al 28 de marzo<\/li><\/ul>\n\n\n\n<ul><li>Cunit: del 25 al 28 de marzo<\/li><\/ul>\n\n\n\n<p><\/p>\n\n\n\n<figure class=\"wp-block-image size-large\"><img loading=\"lazy\" width=\"1024\" height=\"1024\" src=\"https:\/\/bisbalpenedes.com\/web\/wp-content\/uploads\/2024\/02\/Curs-premonitor-lleure2-1024x1024.png\" alt=\"\" class=\"wp-image-29221\" srcset=\"https:\/\/bisbalpenedes.com\/web\/wp-content\/uploads\/2024\/02\/Curs-premonitor-lleure2-1024x1024.png 1024w, https:\/\/bisbalpenedes.com\/web\/wp-content\/uploads\/2024\/02\/Curs-premonitor-lleure2-300x300.png 300w, https:\/\/bisbalpenedes.com\/web\/wp-content\/uploads\/2024\/02\/Curs-premonitor-lleure2-150x150.png 150w, https:\/\/bisbalpenedes.com\/web\/wp-content\/uploads\/2024\/02\/Curs-premonitor-lleure2-768x768.png 768w, https:\/\/bisbalpenedes.com\/web\/wp-content\/uploads\/2024\/02\/Curs-premonitor-lleure2-600x600.png 600w, https:\/\/bisbalpenedes.com\/web\/wp-content\/uploads\/2024\/02\/Curs-premonitor-lleure2-100x100.png 100w, https:\/\/bisbalpenedes.com\/web\/wp-content\/uploads\/2024\/02\/Curs-premonitor-lleure2.png 1080w\" sizes=\"(max-width: 1024px) 100vw, 1024px\" \/><\/figure>\n","protected":false},"excerpt":{"rendered":"<p>Nou curs de premonitors i premonitores per a joves nascuts entre el 2006 i el 2008! Inscripcions a partir del 26 de febrer Al SOM Bisbal \u27a1\ufe0f ocupacio@bisbalpenedes.com El curs &hellip; <a href=\"https:\/\/bisbalpenedes.com\/web\/2024\/02\/23\/el-26-de-febrer-sobren-les-inscripcions-per-a-joves-nascuts-entre-el-2006-i-el-2008-que-es-vulguin-formar-com-a-premonitors\/\" class=\"more-link\">Read More<\/a><\/p>\n","protected":false},"author":4,"featured_media":29220,"comment_status":"closed","ping_status":"closed","sticky":false,"template":"","format":"standard","meta":[],"categories":[4269,8],"tags":[210,393],"_links":{"self":[{"href":"https:\/\/bisbalpenedes.com\/web\/wp-json\/wp\/v2\/posts\/29219"}],"collection":[{"href":"https:\/\/bisbalpenedes.com\/web\/wp-json\/wp\/v2\/posts"}],"about":[{"href":"https:\/\/bisbalpenedes.com\/web\/wp-json\/wp\/v2\/types\/post"}],"author":[{"embeddable":true,"href":"https:\/\/bisbalpenedes.com\/web\/wp-json\/wp\/v2\/users\/4"}],"replies":[{"embeddable":true,"href":"https:\/\/bisbalpenedes.com\/web\/wp-json\/wp\/v2\/comments?post=29219"}],"version-history":[{"count":1,"href":"https:\/\/bisbalpenedes.com\/web\/wp-json\/wp\/v2\/posts\/29219\/revisions"}],"predecessor-version":[{"id":29222,"href":"https:\/\/bisbalpenedes.com\/web\/wp-json\/wp\/v2\/posts\/29219\/revisions\/29222"}],"wp:featuredmedia":[{"embeddable":true,"href":"https:\/\/bisbalpenedes.com\/web\/wp-json\/wp\/v2\/media\/29220"}],"wp:attachment":[{"href":"https:\/\/bisbalpenedes.com\/web\/wp-json\/wp\/v2\/media?parent=29219"}],"wp:term":[{"taxonomy":"category","embeddable":true,"href":"https:\/\/bisbalpenedes.com\/web\/wp-json\/wp\/v2\/categories?post=29219"},{"taxonomy":"post_tag","embeddable":true,"href":"https:\/\/bisbalpenedes.com\/web\/wp-json\/wp\/v2\/tags?post=29219"}],"curies":[{"name":"wp","href":"https:\/\/api.w.org\/{rel}","templated":true}]}}