{"id":29215,"date":"2024-02-22T16:04:59","date_gmt":"2024-02-22T14:04:59","guid":{"rendered":"https:\/\/bisbalpenedes.com\/web\/?p=29215"},"modified":"2024-03-08T16:09:28","modified_gmt":"2024-03-08T14:09:28","slug":"el-diumenge-10-de-marc-celebrarem-els-tres-tombs-de-la-bisbal","status":"publish","type":"post","link":"https:\/\/bisbalpenedes.com\/web\/2024\/02\/22\/el-diumenge-10-de-marc-celebrarem-els-tres-tombs-de-la-bisbal\/","title":{"rendered":"El diumenge 10 de mar\u00e7 celebrarem els Tres Tombs de la Bisbal"},"content":{"rendered":"\n<p>El diumenge 10 de mar\u00e7 podreu tornar a gaudir dels Tes Tombs de la Bisbal del Pened\u00e8s.<br>Des de les 8:30h hi haur\u00e0 esmorzar popular amb el Ball de Diables de la Bisbal del Pened\u00e8s<\/p>\n\n\n\n<p>A les 11:30h sortida dels Tres Tombs i benedicci\u00f3, a l&#8217;esgl\u00e9sia, al primer tomb<\/p>\n\n\n\n<figure class=\"wp-block-image size-large\"><img loading=\"lazy\" width=\"1024\" height=\"1024\" src=\"https:\/\/bisbalpenedes.com\/web\/wp-content\/uploads\/2024\/03\/2-1-1024x1024.png\" alt=\"\" class=\"wp-image-29359\" srcset=\"https:\/\/bisbalpenedes.com\/web\/wp-content\/uploads\/2024\/03\/2-1-1024x1024.png 1024w, https:\/\/bisbalpenedes.com\/web\/wp-content\/uploads\/2024\/03\/2-1-300x300.png 300w, https:\/\/bisbalpenedes.com\/web\/wp-content\/uploads\/2024\/03\/2-1-150x150.png 150w, https:\/\/bisbalpenedes.com\/web\/wp-content\/uploads\/2024\/03\/2-1-768x768.png 768w, https:\/\/bisbalpenedes.com\/web\/wp-content\/uploads\/2024\/03\/2-1-600x600.png 600w, https:\/\/bisbalpenedes.com\/web\/wp-content\/uploads\/2024\/03\/2-1-100x100.png 100w, https:\/\/bisbalpenedes.com\/web\/wp-content\/uploads\/2024\/03\/2-1.png 1080w\" sizes=\"(max-width: 1024px) 100vw, 1024px\" \/><figcaption>*Enguany el recorregut es veur\u00e0 modificat, ja que a la Riba s&#8217;hi estan fent obres de millora dels carrers i de les infraestructures.<\/figcaption><\/figure>\n\n\n\n<hr class=\"wp-block-separator has-alpha-channel-opacity\"\/>\n\n\n\n<p><strong>CASTELLANO |<\/strong> El domingo 10 de marzo podr\u00e9is volver a disfrutar de los Tres Tombs de la Bisbal del Pened\u00e8s.<br>Desde las 8:30h habr\u00e1 almuerzo popular con el Ball de Diables de la Bisbal del Ajuntament de la Bisbal del Pened\u00e8s<\/p>\n\n\n\n<p>A las 11:30h salida de los Tres Tombs y bendici\u00f3n, en la iglesia, en la primera vuelta.<\/p>\n","protected":false},"excerpt":{"rendered":"<p>El diumenge 10 de mar\u00e7 podreu tornar a gaudir dels Tes Tombs de la Bisbal del Pened\u00e8s.Des de les 8:30h hi haur\u00e0 esmorzar popular amb el Ball de Diables de &hellip; <a href=\"https:\/\/bisbalpenedes.com\/web\/2024\/02\/22\/el-diumenge-10-de-marc-celebrarem-els-tres-tombs-de-la-bisbal\/\" class=\"more-link\">Read More<\/a><\/p>\n","protected":false},"author":4,"featured_media":29216,"comment_status":"closed","ping_status":"closed","sticky":false,"template":"","format":"standard","meta":[],"categories":[13,8],"tags":[393,1374,228,5141],"_links":{"self":[{"href":"https:\/\/bisbalpenedes.com\/web\/wp-json\/wp\/v2\/posts\/29215"}],"collection":[{"href":"https:\/\/bisbalpenedes.com\/web\/wp-json\/wp\/v2\/posts"}],"about":[{"href":"https:\/\/bisbalpenedes.com\/web\/wp-json\/wp\/v2\/types\/post"}],"author":[{"embeddable":true,"href":"https:\/\/bisbalpenedes.com\/web\/wp-json\/wp\/v2\/users\/4"}],"replies":[{"embeddable":true,"href":"https:\/\/bisbalpenedes.com\/web\/wp-json\/wp\/v2\/comments?post=29215"}],"version-history":[{"count":2,"href":"https:\/\/bisbalpenedes.com\/web\/wp-json\/wp\/v2\/posts\/29215\/revisions"}],"predecessor-version":[{"id":29360,"href":"https:\/\/bisbalpenedes.com\/web\/wp-json\/wp\/v2\/posts\/29215\/revisions\/29360"}],"wp:featuredmedia":[{"embeddable":true,"href":"https:\/\/bisbalpenedes.com\/web\/wp-json\/wp\/v2\/media\/29216"}],"wp:attachment":[{"href":"https:\/\/bisbalpenedes.com\/web\/wp-json\/wp\/v2\/media?parent=29215"}],"wp:term":[{"taxonomy":"category","embeddable":true,"href":"https:\/\/bisbalpenedes.com\/web\/wp-json\/wp\/v2\/categories?post=29215"},{"taxonomy":"post_tag","embeddable":true,"href":"https:\/\/bisbalpenedes.com\/web\/wp-json\/wp\/v2\/tags?post=29215"}],"curies":[{"name":"wp","href":"https:\/\/api.w.org\/{rel}","templated":true}]}}