{"id":29205,"date":"2024-02-22T15:29:30","date_gmt":"2024-02-22T13:29:30","guid":{"rendered":"https:\/\/bisbalpenedes.com\/web\/?p=29205"},"modified":"2024-02-22T15:29:30","modified_gmt":"2024-02-22T13:29:30","slug":"el-proper-dimarts-27-de-febrer-a-les-9h-se-celebrara-un-ple-extraordinari-a-lajuntament-de-la-bisbal-del-penedes","status":"publish","type":"post","link":"https:\/\/bisbalpenedes.com\/web\/2024\/02\/22\/el-proper-dimarts-27-de-febrer-a-les-9h-se-celebrara-un-ple-extraordinari-a-lajuntament-de-la-bisbal-del-penedes\/","title":{"rendered":"<strong>El proper dimarts 27 de febrer a les 9h se celebrar\u00e0 un Ple extraordinari a l\u2019Ajuntament de la Bisbal del Pened\u00e8s<\/strong>"},"content":{"rendered":"\n<p>El proper dimarts 27 de febrer, a les 9h, se celebrar\u00e0 un Ple extraordinari a l\u2019Ajuntament de la Bisbal del Pened\u00e8s. S\u2019hi tractaran els punts seg\u00fcents:<\/p>\n\n\n\n<ol><li>Modificaci\u00f3 de cr\u00e8dit per destinar m\u00e9s d&#8217;1 mili\u00f3 d&#8217;euros a inversi\u00f3 i altres despeses<\/li><li>Modificaci\u00f3 de la Relaci\u00f3 de Llocs de Treball<\/li><li>Modificaci\u00f3 de la plantilla de personal<\/li><li>Aprovaci\u00f3 inicial del canvi d\u2019\u00fas de la part de magatzem que es construeix a l&#8217;espai de la fassina, per destinar-lo a espai per l&#8217;ADF Clot de Bou<\/li><\/ol>\n\n\n\n<hr class=\"wp-block-separator has-alpha-channel-opacity\"\/>\n\n\n\n<p><strong>CASTELLANO |<\/strong>\u00a0El pr\u00f3ximo martes 27 de febrero, a las 9h, se celebrar\u00e1 un Pleno extraordinario en el Ajuntament de la Bisbal del Pened\u00e8s. Se tratar\u00e1n los puntos siguientes:<\/p>\n\n\n\n<ol><li>Modificaci\u00f3n de Cr\u00e9dito para destinar m\u00e1s de 1 mill\u00f3n de euros a inversi\u00f3n y otros gestos<\/li><li>Modificaci\u00f3n de la Relaci\u00f3n de Puestos de Trabajo<\/li><li>Modificaci\u00f3n de la plantilla de personal<\/li><li>Aprobaci\u00f3n inicial del cambio de uso de la parte de almac\u00e9n que se construye en el espacio de la<em> fassina<\/em>, para destinarlo a espacio para la ADF Clot de Bou<\/li><\/ol>\n","protected":false},"excerpt":{"rendered":"<p>El proper dimarts 27 de febrer, a les 9h, se celebrar\u00e0 un Ple extraordinari a l\u2019Ajuntament de la Bisbal del Pened\u00e8s. S\u2019hi tractaran els punts seg\u00fcents: Modificaci\u00f3 de cr\u00e8dit per &hellip; <a href=\"https:\/\/bisbalpenedes.com\/web\/2024\/02\/22\/el-proper-dimarts-27-de-febrer-a-les-9h-se-celebrara-un-ple-extraordinari-a-lajuntament-de-la-bisbal-del-penedes\/\" class=\"more-link\">Read More<\/a><\/p>\n","protected":false},"author":4,"featured_media":20647,"comment_status":"closed","ping_status":"closed","sticky":false,"template":"","format":"standard","meta":[],"categories":[8,2250],"tags":[459,383,393,139,423],"_links":{"self":[{"href":"https:\/\/bisbalpenedes.com\/web\/wp-json\/wp\/v2\/posts\/29205"}],"collection":[{"href":"https:\/\/bisbalpenedes.com\/web\/wp-json\/wp\/v2\/posts"}],"about":[{"href":"https:\/\/bisbalpenedes.com\/web\/wp-json\/wp\/v2\/types\/post"}],"author":[{"embeddable":true,"href":"https:\/\/bisbalpenedes.com\/web\/wp-json\/wp\/v2\/users\/4"}],"replies":[{"embeddable":true,"href":"https:\/\/bisbalpenedes.com\/web\/wp-json\/wp\/v2\/comments?post=29205"}],"version-history":[{"count":1,"href":"https:\/\/bisbalpenedes.com\/web\/wp-json\/wp\/v2\/posts\/29205\/revisions"}],"predecessor-version":[{"id":29206,"href":"https:\/\/bisbalpenedes.com\/web\/wp-json\/wp\/v2\/posts\/29205\/revisions\/29206"}],"wp:featuredmedia":[{"embeddable":true,"href":"https:\/\/bisbalpenedes.com\/web\/wp-json\/wp\/v2\/media\/20647"}],"wp:attachment":[{"href":"https:\/\/bisbalpenedes.com\/web\/wp-json\/wp\/v2\/media?parent=29205"}],"wp:term":[{"taxonomy":"category","embeddable":true,"href":"https:\/\/bisbalpenedes.com\/web\/wp-json\/wp\/v2\/categories?post=29205"},{"taxonomy":"post_tag","embeddable":true,"href":"https:\/\/bisbalpenedes.com\/web\/wp-json\/wp\/v2\/tags?post=29205"}],"curies":[{"name":"wp","href":"https:\/\/api.w.org\/{rel}","templated":true}]}}