{"id":29200,"date":"2024-02-22T13:32:44","date_gmt":"2024-02-22T11:32:44","guid":{"rendered":"https:\/\/bisbalpenedes.com\/web\/?p=29200"},"modified":"2024-02-22T13:32:44","modified_gmt":"2024-02-22T11:32:44","slug":"sinstalla-una-placa-al-costat-del-mural-que-hi-ha-a-lacces-de-ledifici-centenari-de-lescola-amb-informacio-sobre-la-fotografia-que-inspira-i-reprodueix-el-mural","status":"publish","type":"post","link":"https:\/\/bisbalpenedes.com\/web\/2024\/02\/22\/sinstalla-una-placa-al-costat-del-mural-que-hi-ha-a-lacces-de-ledifici-centenari-de-lescola-amb-informacio-sobre-la-fotografia-que-inspira-i-reprodueix-el-mural\/","title":{"rendered":"S\u2019instal\u00b7la una placa al costat del mural que hi ha a l\u2019acc\u00e9s de l\u2019edifici centenari de l\u2019escola amb informaci\u00f3 sobre la fotografia que inspira i reprodueix el mural"},"content":{"rendered":"\n<p>L\u2019Ajuntament de la Bisbal del Pened\u00e8s, amb motiu de la commemoraci\u00f3 del centenari de l\u2019edifici de l\u2019escola Ull de Vent, li va encarregar la realitzaci\u00f3 d\u2019un mural de grans dimensions, a l\u2019entrada de l\u2019escola antiga, a l\u2019empresa Suite of Art. Aquesta obra d\u2019art urb\u00e0 es va poder veure, ja acabada, durant els actes de celebraci\u00f3 de Sant Jordi, concretament aprofitant la presentaci\u00f3 del llibre commemoratiu de l\u2019aniversari.<\/p>\n\n\n\n<p>Ara, per impuls de les regidories de Cultura i Ensenyament, s\u2019ha dissenyat i col\u00b7locat una placa informativa que fa refer\u00e8ncia a la fotografia que inspira i reprodueix l\u2019esmentat mural, amb l\u2019objectiu que tant els usuaris de l\u2019escola com els visitants de la ruta dels murals puguin saber que aquesta obra est\u00e0 inspirada en una instant\u00e0nia original del dia de la inauguraci\u00f3 de les escoles -el 8 de juliol de 1923- i que hi apareixen diferents bisbalencs que van posar a la fotografia per a l\u2019eternitat.<\/p>\n\n\n\n<figure class=\"wp-block-image size-large\"><img loading=\"lazy\" width=\"576\" height=\"1024\" src=\"https:\/\/bisbalpenedes.com\/web\/wp-content\/uploads\/2024\/02\/image3-576x1024.jpeg\" alt=\"\" class=\"wp-image-29202\" srcset=\"https:\/\/bisbalpenedes.com\/web\/wp-content\/uploads\/2024\/02\/image3-576x1024.jpeg 576w, https:\/\/bisbalpenedes.com\/web\/wp-content\/uploads\/2024\/02\/image3-169x300.jpeg 169w, https:\/\/bisbalpenedes.com\/web\/wp-content\/uploads\/2024\/02\/image3-768x1365.jpeg 768w, https:\/\/bisbalpenedes.com\/web\/wp-content\/uploads\/2024\/02\/image3-864x1536.jpeg 864w, https:\/\/bisbalpenedes.com\/web\/wp-content\/uploads\/2024\/02\/image3-1152x2048.jpeg 1152w, https:\/\/bisbalpenedes.com\/web\/wp-content\/uploads\/2024\/02\/image3-600x1067.jpeg 600w, https:\/\/bisbalpenedes.com\/web\/wp-content\/uploads\/2024\/02\/image3-scaled.jpeg 1440w\" sizes=\"(max-width: 576px) 100vw, 576px\" \/><\/figure>\n\n\n\n<p><strong>CASTELLANO |<\/strong>&nbsp;El Ajuntament de la Bisbal del Pened\u00e8s, con motivo de la conmemoraci\u00f3n del centenario del edificio de la escuela Ull de Vent, le encarg\u00f3 la realizaci\u00f3n de un mural de grandes dimensiones, en la entrada de la escuela antigua, a la empresa Suite of Art. Esta obra de arte urbano se pudo ver, ya finalizada, durante los actos de celebraci\u00f3n de Sant Jordi, concretamente aprovechando la presentaci\u00f3n del libro conmemorativo del aniversario.<\/p>\n\n\n\n<p>Ahora, por impulso de las concejal\u00edas de Cultura y Educaci\u00f3n, se ha dise\u00f1ado y colocado una placa informativa que hace referencia a la fotograf\u00eda que inspira y reproduce dicho mural, con el objetivo de que tanto los usuarios de la escuela como los visitantes de la ruta de los murales puedan saber que esta obra est\u00e1 inspirada en una instant\u00e1nea original del d\u00eda de la inauguraci\u00f3n de los colegios -el 8 de julio del 1923- y que en ella aparecen distintos bisbalencs que posaron en la fotograf\u00eda para la eternidad.<\/p>\n","protected":false},"excerpt":{"rendered":"<p>L\u2019Ajuntament de la Bisbal del Pened\u00e8s, amb motiu de la commemoraci\u00f3 del centenari de l\u2019edifici de l\u2019escola Ull de Vent, li va encarregar la realitzaci\u00f3 d\u2019un mural de grans dimensions, &hellip; <a href=\"https:\/\/bisbalpenedes.com\/web\/2024\/02\/22\/sinstalla-una-placa-al-costat-del-mural-que-hi-ha-a-lacces-de-ledifici-centenari-de-lescola-amb-informacio-sobre-la-fotografia-que-inspira-i-reprodueix-el-mural\/\" class=\"more-link\">Read More<\/a><\/p>\n","protected":false},"author":4,"featured_media":29201,"comment_status":"closed","ping_status":"closed","sticky":false,"template":"","format":"standard","meta":[],"categories":[13,3456,8],"tags":[6143,337,393,4388,1374],"_links":{"self":[{"href":"https:\/\/bisbalpenedes.com\/web\/wp-json\/wp\/v2\/posts\/29200"}],"collection":[{"href":"https:\/\/bisbalpenedes.com\/web\/wp-json\/wp\/v2\/posts"}],"about":[{"href":"https:\/\/bisbalpenedes.com\/web\/wp-json\/wp\/v2\/types\/post"}],"author":[{"embeddable":true,"href":"https:\/\/bisbalpenedes.com\/web\/wp-json\/wp\/v2\/users\/4"}],"replies":[{"embeddable":true,"href":"https:\/\/bisbalpenedes.com\/web\/wp-json\/wp\/v2\/comments?post=29200"}],"version-history":[{"count":1,"href":"https:\/\/bisbalpenedes.com\/web\/wp-json\/wp\/v2\/posts\/29200\/revisions"}],"predecessor-version":[{"id":29203,"href":"https:\/\/bisbalpenedes.com\/web\/wp-json\/wp\/v2\/posts\/29200\/revisions\/29203"}],"wp:featuredmedia":[{"embeddable":true,"href":"https:\/\/bisbalpenedes.com\/web\/wp-json\/wp\/v2\/media\/29201"}],"wp:attachment":[{"href":"https:\/\/bisbalpenedes.com\/web\/wp-json\/wp\/v2\/media?parent=29200"}],"wp:term":[{"taxonomy":"category","embeddable":true,"href":"https:\/\/bisbalpenedes.com\/web\/wp-json\/wp\/v2\/categories?post=29200"},{"taxonomy":"post_tag","embeddable":true,"href":"https:\/\/bisbalpenedes.com\/web\/wp-json\/wp\/v2\/tags?post=29200"}],"curies":[{"name":"wp","href":"https:\/\/api.w.org\/{rel}","templated":true}]}}