{"id":29195,"date":"2024-02-22T13:27:10","date_gmt":"2024-02-22T11:27:10","guid":{"rendered":"https:\/\/bisbalpenedes.com\/web\/?p=29195"},"modified":"2024-02-22T13:27:10","modified_gmt":"2024-02-22T11:27:10","slug":"ensenyament-i-ocupacio-han-assistit-a-la-jornada-centrada-en-el-futur-de-la-formacio-professional-que-ha-tingut-lloc-aquest-dimecres-al-vendrell","status":"publish","type":"post","link":"https:\/\/bisbalpenedes.com\/web\/2024\/02\/22\/ensenyament-i-ocupacio-han-assistit-a-la-jornada-centrada-en-el-futur-de-la-formacio-professional-que-ha-tingut-lloc-aquest-dimecres-al-vendrell\/","title":{"rendered":"Ensenyament i Ocupaci\u00f3 han assistit a la jornada centrada en el futur de la formaci\u00f3 professional que ha tingut lloc aquest dimecres al Vendrell"},"content":{"rendered":"\n<p>El regidor d\u2019Ensenyament de l\u2019Ajuntament de la Bisbal del Pened\u00e8s, Daniel Caballero; i la t\u00e8cnica d\u2019Ocupaci\u00f3 municipal, Arantzazu Longares; han assistit aquest dimecres 21 de febrer a la jornada sobre el futur de la formaci\u00f3 professional que s\u2019ha dut a terme a l\u2019Eina (El Vendrell). A l\u2019acte, hi han assistit m\u00e9s de 70 persones i, aquest, ha estat presentat per l\u2019alcalde del Vendrell, Kenneth Mart\u00ednez; i la presidenta de la Cambra de Comer\u00e7 de Tarragona, Laura Roig\u00e9; i ha comptat amb les pon\u00e8ncies Sonia Mora, Maria Bandera i Fabi\u00e1n Mohedano.<\/p>\n\n\n\n<figure class=\"wp-block-image size-full\"><img loading=\"lazy\" width=\"720\" height=\"720\" src=\"https:\/\/bisbalpenedes.com\/web\/wp-content\/uploads\/2024\/02\/ARANTZAZU-DANI-OCUPACIO\u0301-VENDRELL-1.jpg\" alt=\"\" class=\"wp-image-29197\" srcset=\"https:\/\/bisbalpenedes.com\/web\/wp-content\/uploads\/2024\/02\/ARANTZAZU-DANI-OCUPACIO\u0301-VENDRELL-1.jpg 720w, https:\/\/bisbalpenedes.com\/web\/wp-content\/uploads\/2024\/02\/ARANTZAZU-DANI-OCUPACIO\u0301-VENDRELL-1-300x300.jpg 300w, https:\/\/bisbalpenedes.com\/web\/wp-content\/uploads\/2024\/02\/ARANTZAZU-DANI-OCUPACIO\u0301-VENDRELL-1-150x150.jpg 150w, https:\/\/bisbalpenedes.com\/web\/wp-content\/uploads\/2024\/02\/ARANTZAZU-DANI-OCUPACIO\u0301-VENDRELL-1-600x600.jpg 600w, https:\/\/bisbalpenedes.com\/web\/wp-content\/uploads\/2024\/02\/ARANTZAZU-DANI-OCUPACIO\u0301-VENDRELL-1-100x100.jpg 100w\" sizes=\"(max-width: 720px) 100vw, 720px\" \/><\/figure>\n\n\n\n<hr class=\"wp-block-separator has-alpha-channel-opacity\"\/>\n\n\n\n<p><strong>CASTELLANO |\u00a0<\/strong>El concejal de Educaci\u00f3n del Ajuntament de la Bisbal del Pened\u00e8s, Daniel Caballero; y la t\u00e9cnica de Ocupaci\u00f3n municipal, Arantzazu Longares; han asistido este mi\u00e9rcoles 21 de febrero a la jornada sobre el futuro de la formaci\u00f3n profesional que se ha llevado a cabo en l\u2019Eina (El Vendrell). Han asistido al acto m\u00e1s de 70 personas y, este, ha sido presentado por el alcalde del Vendrell, Kenneth Mart\u00ednez; y la presidenta de la Cambra de Comer\u00e7 de Tarragona, Laura Roig\u00e9; y ha contado con las ponencias de Sonia Mora, Maria Bandera y Fabi\u00e1n Mohedano.<\/p>\n","protected":false},"excerpt":{"rendered":"<p>El regidor d\u2019Ensenyament de l\u2019Ajuntament de la Bisbal del Pened\u00e8s, Daniel Caballero; i la t\u00e8cnica d\u2019Ocupaci\u00f3 municipal, Arantzazu Longares; han assistit aquest dimecres 21 de febrer a la jornada sobre &hellip; <a href=\"https:\/\/bisbalpenedes.com\/web\/2024\/02\/22\/ensenyament-i-ocupacio-han-assistit-a-la-jornada-centrada-en-el-futur-de-la-formacio-professional-que-ha-tingut-lloc-aquest-dimecres-al-vendrell\/\" class=\"more-link\">Read More<\/a><\/p>\n","protected":false},"author":4,"featured_media":29196,"comment_status":"closed","ping_status":"closed","sticky":false,"template":"","format":"standard","meta":[],"categories":[3456,8,9],"tags":[4127,12,393],"_links":{"self":[{"href":"https:\/\/bisbalpenedes.com\/web\/wp-json\/wp\/v2\/posts\/29195"}],"collection":[{"href":"https:\/\/bisbalpenedes.com\/web\/wp-json\/wp\/v2\/posts"}],"about":[{"href":"https:\/\/bisbalpenedes.com\/web\/wp-json\/wp\/v2\/types\/post"}],"author":[{"embeddable":true,"href":"https:\/\/bisbalpenedes.com\/web\/wp-json\/wp\/v2\/users\/4"}],"replies":[{"embeddable":true,"href":"https:\/\/bisbalpenedes.com\/web\/wp-json\/wp\/v2\/comments?post=29195"}],"version-history":[{"count":1,"href":"https:\/\/bisbalpenedes.com\/web\/wp-json\/wp\/v2\/posts\/29195\/revisions"}],"predecessor-version":[{"id":29198,"href":"https:\/\/bisbalpenedes.com\/web\/wp-json\/wp\/v2\/posts\/29195\/revisions\/29198"}],"wp:featuredmedia":[{"embeddable":true,"href":"https:\/\/bisbalpenedes.com\/web\/wp-json\/wp\/v2\/media\/29196"}],"wp:attachment":[{"href":"https:\/\/bisbalpenedes.com\/web\/wp-json\/wp\/v2\/media?parent=29195"}],"wp:term":[{"taxonomy":"category","embeddable":true,"href":"https:\/\/bisbalpenedes.com\/web\/wp-json\/wp\/v2\/categories?post=29195"},{"taxonomy":"post_tag","embeddable":true,"href":"https:\/\/bisbalpenedes.com\/web\/wp-json\/wp\/v2\/tags?post=29195"}],"curies":[{"name":"wp","href":"https:\/\/api.w.org\/{rel}","templated":true}]}}