{"id":29191,"date":"2024-02-21T19:11:06","date_gmt":"2024-02-21T17:11:06","guid":{"rendered":"https:\/\/bisbalpenedes.com\/web\/?p=29191"},"modified":"2024-02-21T19:11:06","modified_gmt":"2024-02-21T17:11:06","slug":"dema-dijous-comencaran-els-treballs-darranjament-i-formigonat-del-carrer-segria-de-la-pineda-de-santa-cristina","status":"publish","type":"post","link":"https:\/\/bisbalpenedes.com\/web\/2024\/02\/21\/dema-dijous-comencaran-els-treballs-darranjament-i-formigonat-del-carrer-segria-de-la-pineda-de-santa-cristina\/","title":{"rendered":"Dem\u00e0 dijous comen\u00e7aran els treballs d\u2019arranjament i formigonat del carrer Segri\u00e0 de la Pineda de Santa Cristina"},"content":{"rendered":"\n<p>Aquest dijous 22 de febrer comen\u00e7aran els treballs d\u2019arranjament i formigonat del carrer Segri\u00e0 de la Pineda de Santa Cristina, una proposta que va ser guanyadora en la passada edici\u00f3 dels Pressupostos Participatius.<\/p>\n\n\n\n<p>Les obres consistiran en la preparaci\u00f3 del terreny, l\u2019estesa de formig\u00f3 amb mallat i l\u2019acabat amb planxa vibradora. Tenint en compte aquests treballs, durant els pr\u00f2xims dies es poden donar talls de circulaci\u00f3 entre el n\u00famero 9 i el 17 del carrer Segri\u00e0.<\/p>\n\n\n\n<p>El tram a arranjar est\u00e0 situat en una zona que t\u00e9 for\u00e7a tr\u00e0nsit de vehicles, ja que molts entren o surten de la urbanitzaci\u00f3 per l\u2019acc\u00e9s que es va asfaltar l\u2019any 2018 i que enlla\u00e7a amb el carrer Vall d\u2019Aran, arribant al carrer Segri\u00e0 des d&#8217;aquesta via.<\/p>\n\n\n\n<hr class=\"wp-block-separator has-alpha-channel-opacity\"\/>\n\n\n\n<p><strong>CASTELLANO |<\/strong> Este jueves 22 de febrero empezar\u00e1n los trabajos de arreglo y hormigonado del cruce entre las calles Segri\u00e0 y Garrigues de la Pineda de Santa Cristina, una propuesta que fue ganadora en la pasada edici\u00f3n de los Presupuestos Participativos.<\/p>\n\n\n\n<p>Las obras consistir\u00e1n en la preparaci\u00f3n del terreno, el tendido de hormig\u00f3n con mallazo y el acabado con plancha vibradora. Teniendo en cuenta estos trabajos, durante los pr\u00f3ximos d\u00edas se pueden dar cortes de circulaci\u00f3n entre el n\u00famero 9 y el 17 de la calle Segri\u00e0.<\/p>\n\n\n\n<p>El tramo a arreglar est\u00e1 situado en una zona que tiene mucho tr\u00e1fico de veh\u00edculos, ya que muchos entran o salen de la urbanizaci\u00f3n por el acceso que se asfalt\u00f3 en el a\u00f1o 2018 y que enlaza con la calle Vall d\u2019Aran, llegando a la calle Segri\u00e0 desde esta v\u00eda.<\/p>\n","protected":false},"excerpt":{"rendered":"<p>Aquest dijous 22 de febrer comen\u00e7aran els treballs d\u2019arranjament i formigonat del carrer Segri\u00e0 de la Pineda de Santa Cristina, una proposta que va ser guanyadora en la passada edici\u00f3 &hellip; <a href=\"https:\/\/bisbalpenedes.com\/web\/2024\/02\/21\/dema-dijous-comencaran-els-treballs-darranjament-i-formigonat-del-carrer-segria-de-la-pineda-de-santa-cristina\/\" class=\"more-link\">Read More<\/a><\/p>\n","protected":false},"author":4,"featured_media":29192,"comment_status":"closed","ping_status":"closed","sticky":false,"template":"","format":"standard","meta":[],"categories":[4287,8,6193],"tags":[459,5871,393,4148,1374],"_links":{"self":[{"href":"https:\/\/bisbalpenedes.com\/web\/wp-json\/wp\/v2\/posts\/29191"}],"collection":[{"href":"https:\/\/bisbalpenedes.com\/web\/wp-json\/wp\/v2\/posts"}],"about":[{"href":"https:\/\/bisbalpenedes.com\/web\/wp-json\/wp\/v2\/types\/post"}],"author":[{"embeddable":true,"href":"https:\/\/bisbalpenedes.com\/web\/wp-json\/wp\/v2\/users\/4"}],"replies":[{"embeddable":true,"href":"https:\/\/bisbalpenedes.com\/web\/wp-json\/wp\/v2\/comments?post=29191"}],"version-history":[{"count":1,"href":"https:\/\/bisbalpenedes.com\/web\/wp-json\/wp\/v2\/posts\/29191\/revisions"}],"predecessor-version":[{"id":29193,"href":"https:\/\/bisbalpenedes.com\/web\/wp-json\/wp\/v2\/posts\/29191\/revisions\/29193"}],"wp:featuredmedia":[{"embeddable":true,"href":"https:\/\/bisbalpenedes.com\/web\/wp-json\/wp\/v2\/media\/29192"}],"wp:attachment":[{"href":"https:\/\/bisbalpenedes.com\/web\/wp-json\/wp\/v2\/media?parent=29191"}],"wp:term":[{"taxonomy":"category","embeddable":true,"href":"https:\/\/bisbalpenedes.com\/web\/wp-json\/wp\/v2\/categories?post=29191"},{"taxonomy":"post_tag","embeddable":true,"href":"https:\/\/bisbalpenedes.com\/web\/wp-json\/wp\/v2\/tags?post=29191"}],"curies":[{"name":"wp","href":"https:\/\/api.w.org\/{rel}","templated":true}]}}