{"id":29181,"date":"2024-02-20T16:54:29","date_gmt":"2024-02-20T14:54:29","guid":{"rendered":"https:\/\/bisbalpenedes.com\/web\/?p=29181"},"modified":"2024-02-20T16:54:52","modified_gmt":"2024-02-20T14:54:52","slug":"sactualitzara-i-millorara-la-relacio-de-llocs-de-treball-del-personal-de-lajuntament-de-la-bisbal-del-penedes","status":"publish","type":"post","link":"https:\/\/bisbalpenedes.com\/web\/2024\/02\/20\/sactualitzara-i-millorara-la-relacio-de-llocs-de-treball-del-personal-de-lajuntament-de-la-bisbal-del-penedes\/","title":{"rendered":"Properament s\u2019actualitzar\u00e0 i millorar\u00e0 la Relaci\u00f3 de Llocs de Treball del personal de l\u2019Ajuntament de la Bisbal del Pened\u00e8s"},"content":{"rendered":"\n<p>Ahir dilluns 19 de febrer es va celebrar la mesa de negociaci\u00f3 del personal de l\u2019Ajuntament de la Bisbal del Pened\u00e8s, que va comptar amb la representaci\u00f3 del personal municipal funcionari i laboral. En aquesta mesa es va acordar actualitzar i millorar la Relaci\u00f3 de Llocs de Treball del personal municipal, una modificaci\u00f3 que s\u2019elevar\u00e0 al pr\u00f2xim Ple extraordinari amb l\u2019objectiu que sigui aprovada i, per tant, es pugui aplicar.<\/p>\n\n\n\n<p>Fa gaireb\u00e9 5 anys l\u2019Ajuntament de la Bisbal del Pened\u00e8s va aprovar la Relaci\u00f3 de Llocs de Treball (RLT) vigent i, ara, cal revisar-la. Concretament, s\u2019han d\u2019aplicar actualitzacions o millores en els seg\u00fcents punts:<\/p>\n\n\n\n<ul><li>Actualitzar els imports de complements de destinaci\u00f3 i espec\u00edfic, d\u2019acord amb les Lleis de Pressupostos generals de l\u2019estat anuals. Concretament, en atenci\u00f3 a la disposici\u00f3 transit\u00f2ria 6a del Reial decret llei 6\/2023, del 19 de desembre, pel qual s\u2019aproven mesures urgents per a l\u2019execuci\u00f3 del Pla de recuperaci\u00f3, transformaci\u00f3 i resili\u00e8ncia en mat\u00e8ria de servei p\u00fablic de just\u00edcia, funci\u00f3 p\u00fablica, r\u00e8gim local i mecenatge, on s\u2019indica que \u00e9s necessari revisar els nivells dels complements de destinaci\u00f3 del personal municipal per tal d\u2019aplicar els nous intervals.<\/li><\/ul>\n\n\n\n<ul><li>Dividir l\u2019organitzaci\u00f3 municipal en 6 serveis diferents.<\/li><\/ul>\n\n\n\n<ul><li>Revisar les valoracions dels llocs de treball, seguint la metodologia utilitzada fins ara.<\/li><\/ul>\n\n\n\n<p>La modificaci\u00f3 de la RLT s\u2019elevar\u00e0 al Ple extraordinari que se celebrar\u00e0 la propera setmana amb l\u2019objectiu que sigui aprovada. Tot i que aquesta sessi\u00f3 plen\u00e0ria es convocar\u00e0 a finals de setmana, els regidors dels grups de l\u2019oposici\u00f3 ja han rebut un avan\u00e7ament de la documentaci\u00f3 relativa a aquest punt de l\u2019ordre del dia per part de l\u2019alcaldessa.<\/p>\n\n\n\n<hr class=\"wp-block-separator has-alpha-channel-opacity\"\/>\n\n\n\n<p><strong>CASTELLANO |<\/strong> Ayer lunes 19 de febrero se celebr\u00f3 la mesa de negociaci\u00f3n del personal del Ajuntament de la Bisbal del Pened\u00e8s, que cont\u00f3 con la representaci\u00f3n del personal municipal funcionario y laboral. En esta mesa se acord\u00f3 actualizar y mejorar la Relaci\u00f3n de Lugares de Trabajo del personal municipal, una modificaci\u00f3n que se elevar\u00e1 al pr\u00f3ximo Pleno extraordinario con el objetivo de que sea aprobada y, por tanto, se pueda aplicar.<\/p>\n\n\n\n<p>Hace casi 5 a\u00f1os el Ajuntament de la Bisbal del Pened\u00e8s aprob\u00f3 la Relaci\u00f3n de Puestos de Trabajo (RPT) vigente y, ahora, hay que revisar. Concretamente, se tienen que aplicar actualizaciones o mejoras en los puntos siguientes:<\/p>\n\n\n\n<ul><li>Actualizar los importes de complementos de destinaci\u00f3n y espec\u00edfico, de acuerdo con las Leyes de Presupuestos generales del estado anuales. Concretamente, en atenci\u00f3n a la disposici\u00f3n transitoria 6\u00aa del Real decreto ley 6\/2023, del 19 de diciembre, por el cual se aprueban medidas urgentes para la ejecuci\u00f3n del Plan de recuperaci\u00f3n, transformaci\u00f3n y resiliencia en materia de servicio p\u00fablico de justicia, funci\u00f3n p\u00fablica, r\u00e9gimen local y mecenazgo, donde se indica que es necesario revisar los niveles de los complementos de destinaci\u00f3n del personal municipal con tal de aplicar los nuevos intervalos.<\/li><\/ul>\n\n\n\n<ul><li>Dividir la organizaci\u00f3n municipal en 6 servicios distintos.<\/li><\/ul>\n\n\n\n<ul><li>Revisar las valoraciones de los puestos de trabajo, siguiendo la metodolog\u00eda utilizada hasta ahora.<\/li><\/ul>\n\n\n\n<p>La modificaci\u00f3n de la RPT se elevar\u00e1 al Pleno extraordinario que se celebrar\u00e1 la pr\u00f3xima semana con el objetivo de que sea aprobada. Aunque esta sesi\u00f3n plenaria se convocar\u00e1 a finales de semana, los concejales de los grupos de la oposici\u00f3n ya han recibido un adelanto de la documentaci\u00f3n relativa a este punto del orden del d\u00eda por parte de la alcaldesa.<\/p>\n","protected":false},"excerpt":{"rendered":"<p>Ahir dilluns 19 de febrer es va celebrar la mesa de negociaci\u00f3 del personal de l\u2019Ajuntament de la Bisbal del Pened\u00e8s, que va comptar amb la representaci\u00f3 del personal municipal &hellip; <a href=\"https:\/\/bisbalpenedes.com\/web\/2024\/02\/20\/sactualitzara-i-millorara-la-relacio-de-llocs-de-treball-del-personal-de-lajuntament-de-la-bisbal-del-penedes\/\" class=\"more-link\">Read More<\/a><\/p>\n","protected":false},"author":4,"featured_media":29020,"comment_status":"closed","ping_status":"closed","sticky":false,"template":"","format":"standard","meta":[],"categories":[2057,8],"tags":[1252,459,393,1374],"_links":{"self":[{"href":"https:\/\/bisbalpenedes.com\/web\/wp-json\/wp\/v2\/posts\/29181"}],"collection":[{"href":"https:\/\/bisbalpenedes.com\/web\/wp-json\/wp\/v2\/posts"}],"about":[{"href":"https:\/\/bisbalpenedes.com\/web\/wp-json\/wp\/v2\/types\/post"}],"author":[{"embeddable":true,"href":"https:\/\/bisbalpenedes.com\/web\/wp-json\/wp\/v2\/users\/4"}],"replies":[{"embeddable":true,"href":"https:\/\/bisbalpenedes.com\/web\/wp-json\/wp\/v2\/comments?post=29181"}],"version-history":[{"count":3,"href":"https:\/\/bisbalpenedes.com\/web\/wp-json\/wp\/v2\/posts\/29181\/revisions"}],"predecessor-version":[{"id":29185,"href":"https:\/\/bisbalpenedes.com\/web\/wp-json\/wp\/v2\/posts\/29181\/revisions\/29185"}],"wp:featuredmedia":[{"embeddable":true,"href":"https:\/\/bisbalpenedes.com\/web\/wp-json\/wp\/v2\/media\/29020"}],"wp:attachment":[{"href":"https:\/\/bisbalpenedes.com\/web\/wp-json\/wp\/v2\/media?parent=29181"}],"wp:term":[{"taxonomy":"category","embeddable":true,"href":"https:\/\/bisbalpenedes.com\/web\/wp-json\/wp\/v2\/categories?post=29181"},{"taxonomy":"post_tag","embeddable":true,"href":"https:\/\/bisbalpenedes.com\/web\/wp-json\/wp\/v2\/tags?post=29181"}],"curies":[{"name":"wp","href":"https:\/\/api.w.org\/{rel}","templated":true}]}}