{"id":29157,"date":"2024-02-16T15:20:20","date_gmt":"2024-02-16T13:20:20","guid":{"rendered":"https:\/\/bisbalpenedes.com\/web\/?p=29157"},"modified":"2024-02-16T15:23:48","modified_gmt":"2024-02-16T13:23:48","slug":"lajuntament-sollicita-una-subvencio-per-a-ladquisicio-de-fons-bibliografics-de-la-biblioteca-municipal","status":"publish","type":"post","link":"https:\/\/bisbalpenedes.com\/web\/2024\/02\/16\/lajuntament-sollicita-una-subvencio-per-a-ladquisicio-de-fons-bibliografics-de-la-biblioteca-municipal\/","title":{"rendered":"<strong>L&#8217;Ajuntament sol\u00b7licita una subvenci\u00f3 per a l&#8217;adquisici\u00f3 de fons bibliogr\u00e0fics de la biblioteca municipal<\/strong>"},"content":{"rendered":"\n<p>El 8 de febrer es va aprovar, per petici\u00f3 de la Regidoria de Cultura, un Decret d&#8217;alcaldia per aprovar la sol\u00b7licitud de subvenci\u00f3 de 1.500\u20ac -500\u20ac per cada fira- per a la biblioteca municipal, amb l&#8217;objectiu d&#8217;adquirir llibres en fires o mercats especialitzats durant el 2024.<\/p>\n\n\n\n<p>La subvenci\u00f3 sol\u00b7licitada est\u00e0 destinada a biblioteques del Sistema de Lectura P\u00fablica de Catalunya per fer despesa en fires o mercats especialitzats durant el 2024. Per aquest motiu, la tria de les fires especialitzades respon a la voluntat de mantenir actualitzades i al dia tres seccions que es consideren d\u2019inter\u00e8s: assaig; manga i c\u00f2mic; i jocs de taula. Gr\u00e0cies a la subvenci\u00f3, el personal de la biblioteca bisbalenca assistir\u00e0 a la Fira del territori Ep\u00edleg i a la fira generalista DAU i BCN Manga amb l&#8217;objectiu de rebre formaci\u00f3 sobre les \u00faltimes novetats de cada sector i d&#8217;adquirir fons per a la biblioteca.<\/p>\n\n\n\n<p>La Biblioteca p\u00fablica de la Bisbal del Pened\u00e8s disposa d&#8217;un fons general que ofereix un ampli ventall de llibres de tipus cultural, educatiu, recreatiu i social accessibles a tota la ciutadania, aix\u00ed com destinats a grups d&#8217;usuaris determinats.&nbsp; Segons dades de la Generalitat, el fons m\u00ednim considerat \u00f2ptim per a la Bisbal no ha de baixar de 9.000 documents. Abans del 2015 el fons bisbalenc era de menys de 3.000 volums i, durant aquests darrers anys s&#8217;ha anat incrementant, arribant als 8.000 volums actuals. L&#8217;Ajuntament de la Bisbal del Pened\u00e8s continua adquirint volums amb l&#8217;objectiu d&#8217;arribar a la xifra \u00f2ptima i, alhora, amb la finalitat de renovar, mantenir i ampliar el fons de la biblioteca. Per aquest motiu l&#8217;Ajuntament sol\u00b7licita aquesta subvenci\u00f3 un any m\u00e9s, com ja ha fet en els exercicis anteriors des de la incorporaci\u00f3 de la biblioteca a la Xarxa de Biblioteques de Catalunya.<\/p>\n\n\n\n<hr class=\"wp-block-separator has-alpha-channel-opacity\"\/>\n\n\n\n<p><strong>CASTELLANO |<\/strong> El 8 de febrero se aprob\u00f3, por petici\u00f3n de la Concejal\u00eda de Cultura, un Decreto de alcald\u00eda para aprobar la solicitud de subvenci\u00f3n de 1.500 -500\u20ac por cada feria- para la biblioteca municipal, con el objetivo de adquirir libros en ferias o mercados especializados durante el 2024.<\/p>\n\n\n\n<p>La subvenci\u00f3n solicitada est\u00e1 destinada a bibliotecas del Sistema de Lectura P\u00fablica de Catalunya para hacer gasto en ferias o mercados especializados durante el 2024. Por este motivo, la elecci\u00f3n de las ferias especializadas responde a la voluntad de mantener actualizadas y al d\u00eda tres secciones que se consideran de inter\u00e9s: ensayo; manga y c\u00f3mic; y juegos de mesa. Gracias a la subvenci\u00f3n, el personal de la biblioteca bisbalenca asistir\u00e1 a la Fira del territorio Ep\u00edleg y a la fira generalista DAU y BCN Manga con el objetivo de recibir formaci\u00f3n sobre las \u00faltimas novedades de cada sector y adquirir fondos para la biblioteca.<br><br><\/p>\n\n\n\n<p>La Biblioteca p\u00fablica de la Bisbal del Pened\u00e8s dispone de un fondo general que ofrece un amplio abanico de libros de tipo cultural, educativo, recreativo y social accesibles a toda la ciudadan\u00eda, as\u00ed como destinados a grupos de usuarios determinados. Seg\u00fan datos de la Generalitat, el fondo m\u00ednimo considerado \u00f3ptimo para la Bisbal no tiene que bajar de 9.000 documentos. Antes del 2015 el fondo de la Bisbal era de menos de 3.000 vol\u00famenes y, durante estos \u00faltimos a\u00f1os se ha ido incrementando, llegando a los 8.000 vol\u00famenes actuales. El Ajuntament de la Bisbal del Pened\u00e8s contin\u00faa adquiriendo vol\u00famenes con el objetivo de llegar a la cifra \u00f3ptima y, a la vez, con la finalidad de renovar, mantener y ampliar el fondo de la biblioteca. Por este motivo, el Ajuntament solicita esta subvenci\u00f3n un a\u00f1o m\u00e1s, como ya ha hecho en los ejercicios anteriores desde la incorporaci\u00f3n de la biblioteca a la Xarxa de Biblioteques de Catalunya.<\/p>\n","protected":false},"excerpt":{"rendered":"<p>El 8 de febrer es va aprovar, per petici\u00f3 de la Regidoria de Cultura, un Decret d&#8217;alcaldia per aprovar la sol\u00b7licitud de subvenci\u00f3 de 1.500\u20ac -500\u20ac per cada fira- per &hellip; <a href=\"https:\/\/bisbalpenedes.com\/web\/2024\/02\/16\/lajuntament-sollicita-una-subvencio-per-a-ladquisicio-de-fons-bibliografics-de-la-biblioteca-municipal\/\" class=\"more-link\">Read More<\/a><\/p>\n","protected":false},"author":4,"featured_media":29158,"comment_status":"closed","ping_status":"closed","sticky":false,"template":"","format":"standard","meta":[],"categories":[2942,2478,13,8],"tags":[180,6478,225,6477,1484,393,3455,99],"_links":{"self":[{"href":"https:\/\/bisbalpenedes.com\/web\/wp-json\/wp\/v2\/posts\/29157"}],"collection":[{"href":"https:\/\/bisbalpenedes.com\/web\/wp-json\/wp\/v2\/posts"}],"about":[{"href":"https:\/\/bisbalpenedes.com\/web\/wp-json\/wp\/v2\/types\/post"}],"author":[{"embeddable":true,"href":"https:\/\/bisbalpenedes.com\/web\/wp-json\/wp\/v2\/users\/4"}],"replies":[{"embeddable":true,"href":"https:\/\/bisbalpenedes.com\/web\/wp-json\/wp\/v2\/comments?post=29157"}],"version-history":[{"count":2,"href":"https:\/\/bisbalpenedes.com\/web\/wp-json\/wp\/v2\/posts\/29157\/revisions"}],"predecessor-version":[{"id":29160,"href":"https:\/\/bisbalpenedes.com\/web\/wp-json\/wp\/v2\/posts\/29157\/revisions\/29160"}],"wp:featuredmedia":[{"embeddable":true,"href":"https:\/\/bisbalpenedes.com\/web\/wp-json\/wp\/v2\/media\/29158"}],"wp:attachment":[{"href":"https:\/\/bisbalpenedes.com\/web\/wp-json\/wp\/v2\/media?parent=29157"}],"wp:term":[{"taxonomy":"category","embeddable":true,"href":"https:\/\/bisbalpenedes.com\/web\/wp-json\/wp\/v2\/categories?post=29157"},{"taxonomy":"post_tag","embeddable":true,"href":"https:\/\/bisbalpenedes.com\/web\/wp-json\/wp\/v2\/tags?post=29157"}],"curies":[{"name":"wp","href":"https:\/\/api.w.org\/{rel}","templated":true}]}}