{"id":29150,"date":"2024-02-16T14:58:22","date_gmt":"2024-02-16T12:58:22","guid":{"rendered":"https:\/\/bisbalpenedes.com\/web\/?p=29150"},"modified":"2024-02-16T15:11:59","modified_gmt":"2024-02-16T13:11:59","slug":"ja-sabeu-quines-son-les-pellicules-del-cicle-gaudi-que-podreu-veure-properament-i-les-entitats-que-gestionaran-la-taquilla","status":"publish","type":"post","link":"https:\/\/bisbalpenedes.com\/web\/2024\/02\/16\/ja-sabeu-quines-son-les-pellicules-del-cicle-gaudi-que-podreu-veure-properament-i-les-entitats-que-gestionaran-la-taquilla\/","title":{"rendered":"Ja sabeu quines s\u00f3n les pel\u00b7l\u00edcules del Cicle Gaud\u00ed que podreu veure properament i quines entitats  gestionaran la taquilla?"},"content":{"rendered":"\n<p>Aquesta setmana s\u2019ha fet el sorteig del Cicle Gaud\u00ed per decidir les entitats que gestionaran la taquilla els dies que es projectin les pel\u00b7l\u00edcules. Com \u00e9s habitual, la regidora de Cultura, Judith Vidal, va convidar totes les entitats a entrar a formar part del sorteig i les que gestionaran la taquilla s\u00f3n totes aquelles que es van presentar al sorteig.<\/p>\n\n\n\n<p>El resultat del sorteig va ser el seg\u00fcent:<\/p>\n\n\n\n<ul><li><strong>Dissabte 24 de febrer, a les 18h:<\/strong> Associaci\u00f3 de Dones La Roca Foradada. Pel\u00b7l\u00edcula: <a href=\"https:\/\/bisbalpenedes.com\/web\/2024\/01\/31\/el-dissabte-24-de-febrer-a-les-18h-el-cmc-acollira-la-projeccio-de-la-pellicula-upon-entry-del-cicle-gaudi\/\" target=\"_blank\" rel=\"noreferrer noopener\">Upon Entry<\/a>, dirigida per Alejandro Rojas i Juan Sebasti\u00e1n V\u00e1squez<\/li><li><strong>Dissabte 23 de mar\u00e7, a les 18h: <\/strong>Associaci\u00f3 de Cors Antistiana. Pel\u00b7l\u00edcula: El mestre que va prometre el mar, dirigida per Patr\u00edcia Font.<\/li><li><strong>Dissabte 27 d\u2019abril, a les 19h:<\/strong> Colla Castellera de la Bisbal del Pened\u00e8s \u2013 Bous. Pel\u00b7l\u00edcula: Saben aquell, dirigida per David Trueba<\/li><li><strong>Dissabte 25 de maig, a les 19h:<\/strong> Senderistes Bisbalencs. Pel\u00b7l\u00edcula: Un amor, dirigida per Isabel Coixet.<\/li><li><strong>Dissabte 29 de juny, a les 19h:<\/strong> Geganters i Grallers de la Societat. Pel\u00b7l\u00edcula: Robot Dreams, dirigida per Pablo Berger.<\/li><li><strong>Dissabte 28 de setembre:<\/strong> Associaci\u00f3 de la Gent Gran. Pel\u00b7l\u00edcula: a determinar.<\/li><\/ul>\n\n\n\n<p>Us recordem que al juliol i a l\u2019agost no hi ha cinema del Cicle Gaud\u00ed, per\u00f2 podeu gaudir de les festes d\u2019estiu dels diferents barris del municipi.<\/p>\n\n\n\n<hr class=\"wp-block-separator has-alpha-channel-opacity\"\/>\n\n\n\n<p><strong>CASTELLANO |<\/strong>&nbsp;Esta semana se ha hecho el sorteo del Cicle Gaud\u00ed para decidir las entidades que gestionaran la taquilla los d\u00edas que se proyecten las pel\u00edculas. Como es habitual, la concejala de Cultura, Judith Vidal, invit\u00f3 a todas las entidades a entrar a formar parte del sorteo y las que gestionar\u00e1n la taquilla son todas aquellas que se presentaron al sorteo.<\/p>\n\n\n\n<p>El resultado del sorteo fue el siguiente:<\/p>\n\n\n\n<ul><li><strong>S\u00e1bado 24 de febrero, a las 18h<\/strong>: Associaci\u00f3 de Dones La Roca Foradada. Pel\u00edcula: <a href=\"https:\/\/bisbalpenedes.com\/web\/2024\/01\/31\/el-dissabte-24-de-febrer-a-les-18h-el-cmc-acollira-la-projeccio-de-la-pellicula-upon-entry-del-cicle-gaudi\/\" target=\"_blank\" rel=\"noreferrer noopener\">Upon Entry,<\/a> dirigida por Alejandro Rojas y Juan Sebasti\u00e1n V\u00e1squez.<\/li><li><strong>S\u00e1bado 23 de marzo, a las 18h<\/strong>: Associaci\u00f3 de Cors Antistiana. Pel\u00edcula: El Mestre que va prometre el mar, dirigida por Patr\u00edcia Font.<\/li><li><strong>S\u00e1bado 27 de abril, a las 19h:<\/strong> Colla Castellera de la Bisbal del Pened\u00e8s \u2013 Bous. Pel\u00edcula: Saben aquell, dirigira por David Trueba.<\/li><li><strong>S\u00e1bado 25 de mayo, a las 19h: <\/strong>Senderistes Bisbalencs. Pel\u00edcula: Un amor, dirigida por Isabel Coixet.<\/li><li><strong>S\u00e1bado 29 de junio, a las 19h:<\/strong> Geganters i Grallers de la Societat. Pel\u00edcula: Robot Dreams, dirigida por Pablo Berger.<\/li><li><strong>S\u00e1bado 28 de septiembre: <\/strong>Associaci\u00f3 de la Gent Gran. Pel\u00edcula: a determinar.<\/li><\/ul>\n\n\n\n<p>Os recordamos que en julio y en agosto no hay cine del Cicle Gaud\u00ed, pero pod\u00e9is disfrutar de las fiestas de verano de los distintos barrios del municipio.<\/p>\n","protected":false},"excerpt":{"rendered":"<p>Aquesta setmana s\u2019ha fet el sorteig del Cicle Gaud\u00ed per decidir les entitats que gestionaran la taquilla els dies que es projectin les pel\u00b7l\u00edcules. Com \u00e9s habitual, la regidora de &hellip; <a href=\"https:\/\/bisbalpenedes.com\/web\/2024\/02\/16\/ja-sabeu-quines-son-les-pellicules-del-cicle-gaudi-que-podreu-veure-properament-i-les-entitats-que-gestionaran-la-taquilla\/\" class=\"more-link\">Read More<\/a><\/p>\n","protected":false},"author":4,"featured_media":29151,"comment_status":"closed","ping_status":"closed","sticky":false,"template":"","format":"standard","meta":[],"categories":[2942,13,8],"tags":[],"_links":{"self":[{"href":"https:\/\/bisbalpenedes.com\/web\/wp-json\/wp\/v2\/posts\/29150"}],"collection":[{"href":"https:\/\/bisbalpenedes.com\/web\/wp-json\/wp\/v2\/posts"}],"about":[{"href":"https:\/\/bisbalpenedes.com\/web\/wp-json\/wp\/v2\/types\/post"}],"author":[{"embeddable":true,"href":"https:\/\/bisbalpenedes.com\/web\/wp-json\/wp\/v2\/users\/4"}],"replies":[{"embeddable":true,"href":"https:\/\/bisbalpenedes.com\/web\/wp-json\/wp\/v2\/comments?post=29150"}],"version-history":[{"count":3,"href":"https:\/\/bisbalpenedes.com\/web\/wp-json\/wp\/v2\/posts\/29150\/revisions"}],"predecessor-version":[{"id":29156,"href":"https:\/\/bisbalpenedes.com\/web\/wp-json\/wp\/v2\/posts\/29150\/revisions\/29156"}],"wp:featuredmedia":[{"embeddable":true,"href":"https:\/\/bisbalpenedes.com\/web\/wp-json\/wp\/v2\/media\/29151"}],"wp:attachment":[{"href":"https:\/\/bisbalpenedes.com\/web\/wp-json\/wp\/v2\/media?parent=29150"}],"wp:term":[{"taxonomy":"category","embeddable":true,"href":"https:\/\/bisbalpenedes.com\/web\/wp-json\/wp\/v2\/categories?post=29150"},{"taxonomy":"post_tag","embeddable":true,"href":"https:\/\/bisbalpenedes.com\/web\/wp-json\/wp\/v2\/tags?post=29150"}],"curies":[{"name":"wp","href":"https:\/\/api.w.org\/{rel}","templated":true}]}}